{"id":24998,"date":"2021-02-11T19:54:44","date_gmt":"2021-02-11T19:54:44","guid":{"rendered":"http:\/\/historiografija.hr\/?p=24998"},"modified":"2021-02-11T19:54:44","modified_gmt":"2021-02-11T19:54:44","slug":"poziv-za-prijavu-na-znanstveni-kolokvij-grad-bjelovar-i-kraljica-marija-terezija-povijesne-veze","status":"publish","type":"post","link":"https:\/\/historiografija.hr\/?p=24998","title":{"rendered":"Poziv za prijavu na znanstveni kolokvij \u201eGrad Bjelovar i kraljica Marija Terezija: povijesne veze\u201c"},"content":{"rendered":"\n<p>Zavod za znanstvenoistra\u017eiva\u010dki i umjetni\u010dki rad Hrvatske akademije znanosti i umjetnosti u Bjelovaru i Gradski muzej Bjelovar, u suradnji s Gradom Bjelovarom i Turisti\u010dkom zajednicom Bilogora &#8211; Bjelovar, organiziraju znanstveni kolokvij pod nazivom <strong>Grad Bjelovar i kraljica Marija Terezija: povijesne veze.<\/strong><\/p>\n\n\n\n<p>Znanstveni kolokvij odr\u017eat \u0107e se <strong>18. lipnja 2021. godine<\/strong> u Gradskom muzeju Bjelovar, a u sastavu programa tradicionalne turisti\u010dko-kulturne manifestacije <em>Terezijana <\/em>koja ove godine obilje\u017eava 25 godina odr\u017eavanja.<\/p>\n\n\n\n<p>Utemeljenje Bjelovara i njegov daljnji razvoj povezani su s djelovanjem kraljice Marije Terezije (1717.-1780.) i njezinim 40-godi\u0161njim vladanjem (1740.-1780.) Habsbur\u0161kom Monarhijom, \u0161to se na popularan na\u010din nastoji prikazati tijekom <em>Terezijane<\/em>. Me\u0111utim, cilj je znanstvenog kolokvija da se sa znanstvenog aspekta, a ne samo manifestacijski, razmotri povijesni prinos utemeljenju i razvoju Bjelovara u razli\u010ditim podru\u010djima dru\u0161tvenog, politi\u010dkog, kulturnog \u017eivota i djelovanja.<\/p>\n\n\n\n<hr class=\"wp-block-separator\"\/>\n\n\n\n<p>Op\u0161irnije:&nbsp;<\/p>\n\n\n\n<p><a href=\"http:\/\/zavodbjelovar.com\/wp-content\/uploads\/2021\/02\/Znanstveni-kolokvij-obavijest-i-poziv.pdf\">Znanstveni kolokvij, obavijest i poziv<\/a><\/p>\n\n\n\n<hr class=\"wp-block-separator\"\/>\n\n\n\n<p>Izvor:<\/p>\n\n\n\n<figure class=\"wp-block-embed-wordpress wp-block-embed is-type-wp-embed is-provider-zavod-bjelovar\"><div class=\"wp-block-embed__wrapper\">\n<blockquote class=\"wp-embedded-content\" data-secret=\"shNty843CY\"><a href=\"https:\/\/zavodbjelovar.com\/grad-bjelovar-i-kraljica-marija-terezija-povijesne-veze\/\">Grad Bjelovar i kraljica Marija Terezija: povijesne veze<\/a><\/blockquote><iframe loading=\"lazy\" class=\"wp-embedded-content\" sandbox=\"allow-scripts\" security=\"restricted\" style=\"position: absolute; clip: rect(1px, 1px, 1px, 1px);\" title=\"&#8220;Grad Bjelovar i kraljica Marija Terezija: povijesne veze&#8221; &#8212; Zavod Bjelovar\" src=\"https:\/\/zavodbjelovar.com\/grad-bjelovar-i-kraljica-marija-terezija-povijesne-veze\/embed\/#?secret=shNty843CY\" data-secret=\"shNty843CY\" width=\"600\" height=\"338\" frameborder=\"0\" marginwidth=\"0\" marginheight=\"0\" scrolling=\"no\"><\/iframe>\n<\/div><\/figure>\n\n\n\n<hr class=\"wp-block-separator\"\/>\n","protected":false},"excerpt":{"rendered":"","protected":false},"author":2,"featured_media":743,"comment_status":"open","ping_status":"open","sticky":false,"template":"","format":"standard","meta":{"_acf_changed":false,"jetpack_post_was_ever_published":false,"_jetpack_newsletter_access":"","_jetpack_dont_email_post_to_subs":false,"_jetpack_newsletter_tier_id":0,"_jetpack_memberships_contains_paywalled_content":false,"_jetpack_memberships_contains_paid_content":false,"footnotes":"","jetpack_publicize_message":"","jetpack_publicize_feature_enabled":true,"jetpack_social_post_already_shared":true,"jetpack_social_options":{"image_generator_settings":{"template":"highway","default_image_id":0,"font":"","enabled":false},"version":2}},"categories":[3,9],"tags":[],"class_list":["post-24998","post","type-post","status-publish","format-standard","has-post-thumbnail","hentry","category-novosti","category-skupovi"],"acf":{"facebook_opis":""},"jetpack_publicize_connections":[],"jetpack_featured_media_url":"https:\/\/i0.wp.com\/historiografija.hr\/wp-content\/uploads\/2012\/05\/logo_HAZU.gif?fit=264%2C267&ssl=1","jetpack_sharing_enabled":true,"jetpack-related-posts":[],"_links":{"self":[{"href":"https:\/\/historiografija.hr\/index.php?rest_route=\/wp\/v2\/posts\/24998","targetHints":{"allow":["GET"]}}],"collection":[{"href":"https:\/\/historiografija.hr\/index.php?rest_route=\/wp\/v2\/posts"}],"about":[{"href":"https:\/\/historiografija.hr\/index.php?rest_route=\/wp\/v2\/types\/post"}],"author":[{"embeddable":true,"href":"https:\/\/historiografija.hr\/index.php?rest_route=\/wp\/v2\/users\/2"}],"replies":[{"embeddable":true,"href":"https:\/\/historiografija.hr\/index.php?rest_route=%2Fwp%2Fv2%2Fcomments&post=24998"}],"version-history":[{"count":1,"href":"https:\/\/historiografija.hr\/index.php?rest_route=\/wp\/v2\/posts\/24998\/revisions"}],"predecessor-version":[{"id":24999,"href":"https:\/\/historiografija.hr\/index.php?rest_route=\/wp\/v2\/posts\/24998\/revisions\/24999"}],"wp:featuredmedia":[{"embeddable":true,"href":"https:\/\/historiografija.hr\/index.php?rest_route=\/wp\/v2\/media\/743"}],"wp:attachment":[{"href":"https:\/\/historiografija.hr\/index.php?rest_route=%2Fwp%2Fv2%2Fmedia&parent=24998"}],"wp:term":[{"taxonomy":"category","embeddable":true,"href":"https:\/\/historiografija.hr\/index.php?rest_route=%2Fwp%2Fv2%2Fcategories&post=24998"},{"taxonomy":"post_tag","embeddable":true,"href":"https:\/\/historiografija.hr\/index.php?rest_route=%2Fwp%2Fv2%2Ftags&post=24998"}],"curies":[{"name":"wp","href":"https:\/\/api.w.org\/{rel}","templated":true}]}}