{"id":24971,"date":"2021-02-09T21:58:02","date_gmt":"2021-02-09T21:58:02","guid":{"rendered":"http:\/\/historiografija.hr\/?p=24971"},"modified":"2021-03-05T20:15:54","modified_gmt":"2021-03-05T20:15:54","slug":"helena-janeczek-djevojka-s-leicom","status":"publish","type":"post","link":"https:\/\/historiografija.hr\/?p=24971","title":{"rendered":"Helena Janeczek, \u201cDjevojka s Leicom\u201d"},"content":{"rendered":"\n<p>Gerda Taro bila je njema\u010dko-\u017eidovska ratna reporterka, aktivistkinja, antifa\u0161istkinja, umjetnica i inovatorica koja je, sa svojim partnerom, Ma\u0111arem Andr\u00e9om Friedmannom, \u010dinila drugu polovicu slavnog Roberta Cape, jednog od najslavnijih ratnih i politi\u010dkih fotoreportera dvadesetoga stolje\u0107a. Poginula je na ratnom zadatku za vrijeme \u0160panjolskog gra\u0111anskog rata i na taj tragi\u010dni na\u010din postala prva fotoreporterka ubijena na bojnom polju. Prvi je kolovoza 1937. godine. Gerda Taro napunila bi taj dan dvadeset sedam godina. Umjesto toga, odr\u017ean je njen sprovod. Tu\u017enu procesiju predvodi Friedmann, koji \u0107e sam nastaviti raditi kao Robert Capa, mu\u0161karac koji je Taro nau\u010dio koristiti se Leicom. Zajedno su bilje\u017eili zlo\u010dine fa\u0161ista u \u0160panjolskom gra\u0111anskom ratu. Tu su i ostali koji su obilje\u017eili njen prerano okon\u010dani \u017eivot; Ruth Cerf, njena stara prijateljica iz Leipziga, s kojom je pobjegla u Pariz; biv\u0161i ljubavnik Willy Chardack, Georg Kuritzkes, jo\u0161 jedna nekada\u0161nja ljubav i klju\u010dna figura u Me\u0111unarodnim brigadama. Svaki od njih poznavao je druga\u010diju Gerdu, onu koja se ponekad radikalno razlikovala od herojske antifa\u0161isti\u010dke figure koju tog vru\u0107eg kolovo\u0161kog dana oplakuje mno\u0161tvo.<\/p>\n\n\n\n<p>Helena Janeczek kreativno i suptilno osvjetljava naslje\u0111e Gerde Pohorylle, profesionalno zvane Gerda Taro, u ovom izma\u0161tanom prikazu njenog \u017eivota. Gerda Taro u sredi\u0161tu je kaleidoskopskog romana, ali jo\u0161 jedan od njegovih glavnih likova je i sama era, tridesete godine pro\u0161log stolje\u0107a, s ekonomskom depresijom, porastom nacizma, neprijateljstvom prema izbjeglicama u Francuskoj, ideolo\u0161kim ratovima stolje\u0107a, kulturnim previranjima i usponom fotografije kao vrhunske umjetni\u010dke forme.<\/p>\n\n\n\n<hr class=\"wp-block-separator\"\/>\n\n\n\n<p><strong>Premio Strega 2018.<\/strong><\/p>\n\n\n\n<hr class=\"wp-block-separator\"\/>\n\n\n\n<p>&nbsp;\u201eObo\u017eavatelji povijesne fikcije u \u010dijem se sredi\u0161tu nalaze sna\u017eni, progresivni \u017eenski likovi bit \u0107e odu\u0161evljeni.\u201c<\/p>\n\n\n\n<p><em>&#8211; <\/em><strong><em>Publishers Weekly<\/em><\/strong><\/p>\n\n\n\n<p>&nbsp;\u201eJaneczekin zahtjevni, aluzijama zasi\u0107en multiperspektivni roman prikazuje krug hrabrih disidenata.\u201c<\/p>\n\n\n\n<p><em>&#8211; <\/em><strong><em>Booklist<\/em><\/strong><\/p>\n\n\n\n<p>&nbsp;\u201eOdva\u017ean poku\u0161aj da se prika\u017ee \u017eivot revolucionarne \u017eene.\u201c<\/p>\n\n\n\n<p>&#8211; <em><strong>The Guardian<\/strong><\/em><\/p>\n\n\n\n<p>&nbsp;\u201eOvaj mozaik vinjeta i slika vra\u0107a u fokus kompleksnu hrabru \u017eenu.\u201c<\/p>\n\n\n\n<p>&#8211; <em><strong>BBC Culture<\/strong><\/em><\/p>\n\n\n\n<p>&nbsp;\u201eBiografija; feministi\u010dka prispodoba; javni izljev ljubavi prema fotografiji; pripovjeda\u010dki prikaz 1930-ih; Djevojka s Leicom sve je to, i mnogo vi\u0161e. Helena Janeczek na ovoj je knjizi radila \u0161est godina. I to se vidi.\u201c<\/p>\n\n\n\n<p>&#8211; <em><strong>Il Sole 24 Ore<\/strong><\/em><\/p>\n\n\n\n<p>&nbsp;\u201eU Djevojci s Leicom Helena Janeczek u fokus dovodi svijet mladih umjetnika, fotografa i \u2018intelektualnih izbjeglica\u2019 zahva\u0107enih olujom povijesti 20. stolje\u0107a, izme\u0111u jednog rata i drugog. Ipak, njezini \u010dudesni likovi ostaju sposobni za sre\u0107u, vitalni i \u2018slobodni od svega\u2019. Janeczekin roman savr\u0161eno reproducira njihove blistave strasti.\u201c<\/p>\n\n\n\n<p>&#8211; <em><strong>Vanity Fair<\/strong><\/em><\/p>\n\n\n\n<p>&nbsp;\u201eU ovom romanu Gerda [Taro] o\u017eivljava u sje\u0107anju svojih prijatelja. Vitalna je, hrabra,<\/p>\n\n\n\n<p>neuhvatljiva, nezaboravna. Neodoljivo je fascinirala svoje suvremenike, ali njena se karizma prote\u017ee i do na\u0161ih dana.\u201c<\/p>\n\n\n\n<p>&#8211; <em><strong>Internazionale<\/strong><\/em><\/p>\n\n\n\n<hr class=\"wp-block-separator\"\/>\n\n\n\n<p>O autoru<\/p>\n\n\n\n<p><strong>Helena Janeczek<\/strong><\/p>\n\n\n\n<p>Helena Janeczek ro\u0111ena je u gradu M\u00fcnchenu u Njema\u010dkoj, u obitelji poljskih \u017didova koji su pre\u017eivjeli holokaust. U dobi od 19 godina seli u Italiju i otada tamo \u017eivi. Njena prva knjiga, Lezioni di tenebra (Lekcije o tami), objavljena je 1997. godine, a u njoj prepri\u010dava obiteljsku povijest te opisuje svoj odlazak u Auschwitz, gdje je njena majka bila zato\u010dena tijekom Drugog svjetskog rata. Godine 2010. objavljuje roman Le rondini di Montecassino (Montecassinijeve lastavice), koji je osvojio talijansku nagradu Zerilli-Marimo, a govori o grupi vojnika tijekom znamenite Bitke za Monte Cassino u Drugom svjetskom ratu. Njezin roman Djevojka s Leicom osvojio je najpresti\u017eniju talijansku knji\u017eevnu nagradu Strega, a na\u0161ao se i u finalu nagrade Campiello.<\/p>\n\n\n\n<hr class=\"wp-block-separator\"\/>\n\n\n\n<p>O prevoditelju<\/p>\n\n\n\n<p><strong>Ita Kova\u010d<\/strong><\/p>\n\n\n\n<p>Ro\u0111ena je 1966. u Zagrebu. Godine 1988. diplomirala je francuski i talijanski jezik i knji\u017eevnosti na Filozofskom fakultetu Sveu\u010dili\u0161ta u Zagrebu. Otada je prevela preko 15 knjiga s talijanskog na hrvatski jezik. Neki od autora \u010dija je djela prevodila jesu: Umberto Eco, Antonio Tabucchi, Alessandro Baricco itd. Prevela je i preko dvadeset djela s francuskog (Mircea Eliade, Michel Houellebecq, B. H. Levy, Paul Bruckner, Jules Verne itd.). Ita Kova\u010d \u010dlanica je Hrvatskog dru\u0161tva knji\u017eevnih prevodilaca i Hrvatske zajednice samostalnih umjetnika. \u017divi i radi u Zagrebu.<\/p>\n\n\n\n<hr class=\"wp-block-separator\"\/>\n\n\n\n<p>Nakladnik: Naklada Ljevak<\/p>\n\n\n\n<p>Biblioteka: Biblioteka Cicero<\/p>\n\n\n\n<p>Jezik: hrvatski<\/p>\n\n\n\n<p>Broj stranica: 344<\/p>\n\n\n\n<p>Godina izdanja: 2020<\/p>\n\n\n\n<p>Prevoditelj: Ita Kova\u010d<\/p>\n\n\n\n<hr class=\"wp-block-separator\"\/>\n\n\n\n<p>Izvor: <a href=\"https:\/\/www.ljevak.hr\/knjizevnost\/25846-djevojka-s-leicom.html\">https:\/\/www.ljevak.hr\/knjizevnost\/25846-djevojka-s-leicom.html<\/a><\/p>\n\n\n\n<hr class=\"wp-block-separator\"\/>\n\n\n\n<p>Iz medija:<\/p>\n\n\n\n<p><a href=\"https:\/\/www.jutarnji.hr\/kultura\/knjizevnost\/bila-je-ljubav-zivota-roberta-cape-i-sjajna-fotoreporterka-poginula-je-s-27-godina-15053463\">https:\/\/www.jutarnji.hr\/kultura\/knjizevnost\/bila-je-ljubav-zivota-roberta-cape-i-sjajna-fotoreporterka-poginula-je-s-27-godina-15053463<\/a><\/p>\n\n\n\n<hr class=\"wp-block-separator\"\/>\n","protected":false},"excerpt":{"rendered":"","protected":false},"author":2,"featured_media":24972,"comment_status":"open","ping_status":"open","sticky":false,"template":"","format":"standard","meta":{"_acf_changed":false,"jetpack_post_was_ever_published":false,"_jetpack_newsletter_access":"","_jetpack_dont_email_post_to_subs":false,"_jetpack_newsletter_tier_id":0,"_jetpack_memberships_contains_paywalled_content":false,"_jetpack_memberships_contains_paid_content":false,"footnotes":"","jetpack_publicize_message":"","jetpack_publicize_feature_enabled":true,"jetpack_social_post_already_shared":true,"jetpack_social_options":{"image_generator_settings":{"template":"highway","default_image_id":0,"font":"","enabled":false},"version":2}},"categories":[3,12],"tags":[],"class_list":["post-24971","post","type-post","status-publish","format-standard","has-post-thumbnail","hentry","category-novosti","category-knjizevnost"],"acf":{"facebook_opis":""},"jetpack_publicize_connections":[],"jetpack_featured_media_url":"https:\/\/i0.wp.com\/historiografija.hr\/wp-content\/uploads\/2021\/02\/djevojka-s-leicom.jpg?fit=570%2C678&ssl=1","jetpack_sharing_enabled":true,"jetpack-related-posts":[],"_links":{"self":[{"href":"https:\/\/historiografija.hr\/index.php?rest_route=\/wp\/v2\/posts\/24971","targetHints":{"allow":["GET"]}}],"collection":[{"href":"https:\/\/historiografija.hr\/index.php?rest_route=\/wp\/v2\/posts"}],"about":[{"href":"https:\/\/historiografija.hr\/index.php?rest_route=\/wp\/v2\/types\/post"}],"author":[{"embeddable":true,"href":"https:\/\/historiografija.hr\/index.php?rest_route=\/wp\/v2\/users\/2"}],"replies":[{"embeddable":true,"href":"https:\/\/historiografija.hr\/index.php?rest_route=%2Fwp%2Fv2%2Fcomments&post=24971"}],"version-history":[{"count":2,"href":"https:\/\/historiografija.hr\/index.php?rest_route=\/wp\/v2\/posts\/24971\/revisions"}],"predecessor-version":[{"id":25304,"href":"https:\/\/historiografija.hr\/index.php?rest_route=\/wp\/v2\/posts\/24971\/revisions\/25304"}],"wp:featuredmedia":[{"embeddable":true,"href":"https:\/\/historiografija.hr\/index.php?rest_route=\/wp\/v2\/media\/24972"}],"wp:attachment":[{"href":"https:\/\/historiografija.hr\/index.php?rest_route=%2Fwp%2Fv2%2Fmedia&parent=24971"}],"wp:term":[{"taxonomy":"category","embeddable":true,"href":"https:\/\/historiografija.hr\/index.php?rest_route=%2Fwp%2Fv2%2Fcategories&post=24971"},{"taxonomy":"post_tag","embeddable":true,"href":"https:\/\/historiografija.hr\/index.php?rest_route=%2Fwp%2Fv2%2Ftags&post=24971"}],"curies":[{"name":"wp","href":"https:\/\/api.w.org\/{rel}","templated":true}]}}