{"id":24963,"date":"2021-02-09T21:35:38","date_gmt":"2021-02-09T21:35:38","guid":{"rendered":"http:\/\/historiografija.hr\/?p=24963"},"modified":"2021-02-09T21:35:38","modified_gmt":"2021-02-09T21:35:38","slug":"film-stepinac-kardinal-i-njegova-savjest-u-kurikulumu-povijesti","status":"publish","type":"post","link":"https:\/\/historiografija.hr\/?p=24963","title":{"rendered":"Film \u201eStepinac &#8211; Kardinal i njegova savjest\u201c u kurikulumu povijesti"},"content":{"rendered":"\n<p><em>Uo\u010di 61. obljetnice&nbsp;smrti&nbsp;bla\u017eenog kardinala Alojzija Stepinca, u ponedjeljak, 8. velja\u010de 2021., Hrvatsko katoli\u010dko sveu\u010dili\u0161te zaprimilo je od Ministarstva znanosti i obrazovanja suglasnost za kori\u0161tenje dokumentarnoga filma <strong>Stepinac: Kardinal i njegova savjest,<\/strong> scenaristice i redateljice Vi\u0161nje Stare\u0161ina, nastalog u koprodukciji Interfilma i Hrvatskog katoli\u010dkog sveu\u010dili\u0161ta, u odgojno-obrazovne svrhe i odobrenje tematskog planiranja u svrhu izvo\u0111enja nastave u srednjim \u0161kolama.<\/em><\/p>\n\n\n\n<p>U svom dopisu Ministarstvo znanosti i obrazovanja Republike Hrvatske isti\u010de kako je, shodno proceduri, suglasnost izdalo na temelju stru\u010dnog mi\u0161ljenja Agencije za odgoj i obrazovanje te preporu\u010duje srednjim \u0161kolama u Republici Hrvatskoj uporabu i kori\u0161tenje \u201edokumentarnog filma <strong><em>Stepinac \u2013 Kardinal i njegova savjest<\/em><\/strong> kao i tematsko planiranje u svrhu izvo\u0111enja nastave jer je \u017eivot i djelo kardinala Alojzija Stepinca svijetli primjer dana\u0161njoj mlade\u017ei, tra\u017eiteljima istine i moralnih uzora\u201c.<\/p>\n\n\n\n<p>\u201eZa 61. obljetnicu smrti bla\u017eenog kardinala Alojzija Stepinca nismo mogli ni zamisliti ljep\u0161i dar Providnosti. Plod je to vi\u0161emjese\u010dnog rada na nastavnim materijalima i usugla\u0161avanju s Ministarstvom znanosti i obrazovanja. Unato\u010d preprekama, do\u0161li smo do krajnjeg cilja: zagreba\u010dki nadbiskup bla\u017eeni Alojzije kard. Stepinac, njegov \u017eivot i djelovanje, njegova borba za ljudski \u017eivot bez obzira na vjeru, rasu i naciju, u\u0161ao je u kurikulum nastave povijesti za srednje \u0161kole. Zahvaljujemo Ministarstvu znanosti i obrazovanja Republike Hrvatske na izdanoj suglasnosti. Do sada se u ud\u017ebenicima povijesti nadbiskupa Stepinca spominjalo u razdoblju pora\u0107a samo usputno, bez ula\u017eenja u va\u017enost njegova lika i djela. Ovom inicijativom mijenja se pristup pou\u010davanju i posti\u017ee se nova paradigma: isti\u010de se da je zagreba\u010dki nadbiskup kardinal Stepinac va\u017ean \u010dimbenik u hrvatskom dru\u0161tvu od po\u010detaka njegovog djelovanja pa sve do smrti.&nbsp; Vjerujemo da \u0107e u\u010denici prepoznati vrijednost kulturnog naslje\u0111a, eti\u010dnost razli\u010ditosti, promicanje tolerancije i identiteta koje je zastupao bla\u017eeni Alojzije. Nadamo se tako\u0111er da \u0107e i profesori povijesti, kao i drugih predmeta za koje je razra\u0111en na\u010din uporabe dokumentarnog filma, prepoznati va\u017enost ove teme i uklju\u010diti je u svoj izvedbeni plan.\u201c- istaknuo je rektor Hrvatskog katoli\u010dkog sveu\u010dili\u0161ta prof. dr. sc. \u017deljko Tanji\u0107.<\/p>\n\n\n\n<p>Nastavni materijal izradile su predava\u010dica na Odjelu za povijest Vjera Brkovi\u0107 i magistra povijesti Marta Petri\u0107.<\/p>\n\n\n\n<p>Tematsko se planiranje nastavnicima u izvedbi preporu\u010duje u trajanju od 2 \u0161kolska sata (blok sat) za &nbsp;prirodoslovno-matemati\u010dke, jezi\u010dne, prirodoslovne i klasi\u010dne te&nbsp; op\u0107e gimnazije. U\u010denici \u0107e na temelju rada u obradi teme u dokumentarnom filmu mo\u0107i prosu\u0111ivati me\u0111usobne odnose razli\u010ditih dru\u0161tvenih skupina te dinamiku dru\u0161tvenih promjena u Hrvatskoj, Europi i svijetu u prvoj polovici 20. stolje\u0107a. Tijekom nastave analizirat \u0107e se utjecaj &nbsp;totalitarnih re\u017eima na ljudska prava u pro\u0161losti na primjerima iz Hrvatske i svijeta kao i multikulturalnost na hrvatskom prostoru za vrijeme Drugog svjetskog rata te u poslijeratno doba. Nakon prosudbe moralnih pitanja zlo\u010dina, stradanja, progona, holokausta i drugih zlo\u010dina protiv \u010dovje\u010dnosti, od u\u010denika se o\u010dekuje da aktivno sudjeluju u promicanju i obrani ljudskih prava. Analizom \u017eivota i djela nadbiskupa Alojzija Stepinca, u\u010denici \u0107e prosuditi i vrednovati stvarna obilje\u017eja totalitarnih sustava tijekom i nakon Drugog svjetskog rata i njihovo djelovanje na pojedinca i dru\u0161tvo te njegovu svakodnevicu.<\/p>\n\n\n\n<p>U nastavnim materijalima razra\u0111ena je i povezanost s predmetima geografija, hrvatski jezik, etika, likovna umjetnost i informatika.<\/p>\n\n\n\n<p>Nastavni materijal bit \u0107e uskoro dostupan na <a href=\"http:\/\/www.unicath.hr\/blazeni-alojzije-stepinac\">mre\u017enim stranicama Hrvatskog katoli\u010dkog sveu\u010dili\u0161ta<\/a>.<\/p>\n\n\n\n<p>Izvor: <a href=\"http:\/\/www.unicath.hr\/film-stepinac-u-kurikulumu-povijesti\">http:\/\/www.unicath.hr\/film-stepinac-u-kurikulumu-povijesti<\/a><\/p>\n\n\n\n<hr class=\"wp-block-separator\"\/>\n\n\n\n<p>Iz medija:<\/p>\n\n\n\n<figure class=\"wp-block-embed-wordpress wp-block-embed is-type-wp-embed is-provider-ika\"><div class=\"wp-block-embed__wrapper\">\n<iframe loading=\"lazy\" class=\"wp-embedded-content\" sandbox=\"allow-scripts\" security=\"restricted\" title=\"&#8220;Film \u201eStepinac \u2013 Kardinal i njegova savjest\u201c u kurikulumu povijesti za srednje \u0161kole&#8221; &#8212; IKA\" src=\"https:\/\/ika.hkm.hr\/novosti\/film-stepinac-kardinal-i-njegova-savjest-u-kurikulumu-povijesti-za-srednje-skole\/embed\/#?secret=lB9kkhb2B3\" data-secret=\"lB9kkhb2B3\" width=\"600\" height=\"338\" frameborder=\"0\" marginwidth=\"0\" marginheight=\"0\" scrolling=\"no\"><\/iframe>\n<\/div><\/figure>\n\n\n\n<p><a href=\"https:\/\/direktno.hr\/zivot\/vjera\/dokumentarni-film-stepinac-kardinal-i-njegova-savjest-kurikulumu-povijesti-223108\/\">https:\/\/direktno.hr\/zivot\/vjera\/dokumentarni-film-stepinac-kardinal-i-njegova-savjest-kurikulumu-povijesti-223108\/<\/a><\/p>\n\n\n\n<p><a href=\"https:\/\/narod.hr\/kultura\/film-stepinac-kardinal-i-njegova-savjest-u-kurikulu-povijesti-za-srednje-skole\">https:\/\/narod.hr\/kultura\/film-stepinac-kardinal-i-njegova-savjest-u-kurikulu-povijesti-za-srednje-skole<\/a><\/p>\n\n\n\n<p><a href=\"https:\/\/www.jutarnji.hr\/vijesti\/hrvatska\/hrvatsko-katolicko-sveuciliste-u-nastavi-smije-koristiti-dokumentarni-film-o-kardinalu-stepincu-15049285\">https:\/\/www.jutarnji.hr\/vijesti\/hrvatska\/hrvatsko-katolicko-sveuciliste-u-nastavi-smije-koristiti-dokumentarni-film-o-kardinalu-stepincu-15049285<\/a><\/p>\n\n\n\n<hr class=\"wp-block-separator\"\/>\n\n\n\n<p><strong>HKS najava: \u201eStepinac \u2013 Kardinal i njegova savjest\u201c na HTV1<\/strong><\/p>\n\n\n\n<p>Nakon uspje\u0161ne pretpremijere u zagreba\u010dkom Hrvatskom narodnom kazali\u0161tu u velja\u010di i prikazivanja filma u Pulskoj areni u rujnu 2020. dokumentarni film \u201eStepinac-Kardinal i njegova savjest\u201c scenaristice i redateljice Vi\u0161nje Stare\u0161ina bit \u0107e prikazan u srijedu 10. velja\u010de na prvom programu Hrvatske televizije u 20.10 sati. Film je nastao u koprodukciji Interfilma i Hrvatskog katoli\u010dkog sveu\u010dili\u0161ta.<\/p>\n\n\n\n<p>Izvor i dodatne informacije:<\/p>\n\n\n\n<figure class=\"wp-block-embed-wordpress wp-block-embed is-type-wp-embed is-provider-hrvatsko-katolicko-sveuciliste\"><div class=\"wp-block-embed__wrapper\">\n<blockquote class=\"wp-embedded-content\" data-secret=\"OnEFugytYA\"><a href=\"http:\/\/www.unicath.hr\/hks-najava-stepinac-kardinal-i-njegova-savjest-na-htv1\">HKS najava: \u201eStepinac \u2013 Kardinal i njegova savjest\u201c na HTV1<\/a><\/blockquote><iframe loading=\"lazy\" class=\"wp-embedded-content\" sandbox=\"allow-scripts\" security=\"restricted\" style=\"position: absolute; clip: rect(1px, 1px, 1px, 1px);\" title=\"&#8220;HKS najava: \u201eStepinac \u2013 Kardinal i njegova savjest\u201c na HTV1&#8221; &#8212; Hrvatsko katoli\u010dko sveu\u010dili\u0161te\" src=\"http:\/\/www.unicath.hr\/hks-najava-stepinac-kardinal-i-njegova-savjest-na-htv1\/embed#?secret=OnEFugytYA\" data-secret=\"OnEFugytYA\" width=\"600\" height=\"338\" frameborder=\"0\" marginwidth=\"0\" marginheight=\"0\" scrolling=\"no\"><\/iframe>\n<\/div><\/figure>\n\n\n\n<p><a href=\"https:\/\/hrtprikazuje.hrt.hr\/dokumentarci\/stepinac-kardinal-i-njegova-savjest-357091\">https:\/\/hrtprikazuje.hrt.hr\/dokumentarci\/stepinac-kardinal-i-njegova-savjest-357091<\/a><\/p>\n\n\n\n<hr class=\"wp-block-separator\"\/>\n\n\n\n<p>O filmu smo ve\u0107 obavje\u0161tavali na portalu:<\/p>\n\n\n\n<figure class=\"wp-block-embed-wordpress wp-block-embed is-type-wp-embed is-provider-historiografija-hr\"><div class=\"wp-block-embed__wrapper\">\n<blockquote class=\"wp-embedded-content\" data-secret=\"kGMTXdcB6k\"><a href=\"https:\/\/historiografija.hr\/?p=23080\">Odjeci i kritike filma \u201cStepinac \u2013 Kardinal i njegova savjest\u201d<\/a><\/blockquote><iframe loading=\"lazy\" class=\"wp-embedded-content\" sandbox=\"allow-scripts\" security=\"restricted\" style=\"position: absolute; clip: rect(1px, 1px, 1px, 1px);\" title=\"&#8220;Odjeci i kritike filma \u201cStepinac \u2013 Kardinal i njegova savjest\u201d&#8221; &#8212; Historiografija.hr\" src=\"https:\/\/historiografija.hr\/?p=23080&#038;embed=true#?secret=kGMTXdcB6k\" data-secret=\"kGMTXdcB6k\" width=\"600\" height=\"338\" frameborder=\"0\" marginwidth=\"0\" marginheight=\"0\" scrolling=\"no\"><\/iframe>\n<\/div><\/figure>\n\n\n\n<figure class=\"wp-block-embed-wordpress wp-block-embed is-type-wp-embed is-provider-historiografija-hr\"><div class=\"wp-block-embed__wrapper\">\n<blockquote class=\"wp-embedded-content\" data-secret=\"IVItlI4p5i\"><a href=\"https:\/\/historiografija.hr\/?p=22769\">Dokumentarni film \u201cStepinac\u2013Kardinal i njegova savjest\u201d u kinima<\/a><\/blockquote><iframe loading=\"lazy\" class=\"wp-embedded-content\" sandbox=\"allow-scripts\" security=\"restricted\" style=\"position: absolute; clip: rect(1px, 1px, 1px, 1px);\" title=\"&#8220;Dokumentarni film \u201cStepinac\u2013Kardinal i njegova savjest\u201d u kinima&#8221; &#8212; Historiografija.hr\" src=\"https:\/\/historiografija.hr\/?p=22769&#038;embed=true#?secret=IVItlI4p5i\" data-secret=\"IVItlI4p5i\" width=\"600\" height=\"338\" frameborder=\"0\" marginwidth=\"0\" marginheight=\"0\" scrolling=\"no\"><\/iframe>\n<\/div><\/figure>\n\n\n\n<figure class=\"wp-block-embed-wordpress wp-block-embed is-type-wp-embed is-provider-historiografija-hr\"><div class=\"wp-block-embed__wrapper\">\n<blockquote class=\"wp-embedded-content\" data-secret=\"RNyUBSKF9f\"><a href=\"https:\/\/historiografija.hr\/?p=19077\">Sve\u010dana premijera dokumentarnog filma \u201cStepinac: kardinal i njegova savjest\u201d<\/a><\/blockquote><iframe loading=\"lazy\" class=\"wp-embedded-content\" sandbox=\"allow-scripts\" security=\"restricted\" style=\"position: absolute; clip: rect(1px, 1px, 1px, 1px);\" title=\"&#8220;Sve\u010dana premijera dokumentarnog filma \u201cStepinac: kardinal i njegova savjest\u201d&#8221; &#8212; Historiografija.hr\" src=\"https:\/\/historiografija.hr\/?p=19077&#038;embed=true#?secret=RNyUBSKF9f\" data-secret=\"RNyUBSKF9f\" width=\"600\" height=\"338\" frameborder=\"0\" marginwidth=\"0\" marginheight=\"0\" scrolling=\"no\"><\/iframe>\n<\/div><\/figure>\n\n\n\n<hr class=\"wp-block-separator\"\/>\n","protected":false},"excerpt":{"rendered":"","protected":false},"author":2,"featured_media":19078,"comment_status":"open","ping_status":"open","sticky":false,"template":"","format":"standard","meta":{"_acf_changed":false,"jetpack_post_was_ever_published":false,"_jetpack_newsletter_access":"","_jetpack_dont_email_post_to_subs":false,"_jetpack_newsletter_tier_id":0,"_jetpack_memberships_contains_paywalled_content":false,"_jetpack_memberships_contains_paid_content":false,"footnotes":"","jetpack_publicize_message":"","jetpack_publicize_feature_enabled":true,"jetpack_social_post_already_shared":true,"jetpack_social_options":{"image_generator_settings":{"template":"highway","default_image_id":0,"font":"","enabled":false},"version":2}},"categories":[13,3],"tags":[],"class_list":["post-24963","post","type-post","status-publish","format-standard","has-post-thumbnail","hentry","category-filmovi-i-serije","category-novosti"],"acf":{"facebook_opis":""},"jetpack_publicize_connections":[],"jetpack_featured_media_url":"https:\/\/i0.wp.com\/historiografija.hr\/wp-content\/uploads\/2020\/02\/stepinac.jpg?fit=565%2C800&ssl=1","jetpack_sharing_enabled":true,"jetpack-related-posts":[],"_links":{"self":[{"href":"https:\/\/historiografija.hr\/index.php?rest_route=\/wp\/v2\/posts\/24963","targetHints":{"allow":["GET"]}}],"collection":[{"href":"https:\/\/historiografija.hr\/index.php?rest_route=\/wp\/v2\/posts"}],"about":[{"href":"https:\/\/historiografija.hr\/index.php?rest_route=\/wp\/v2\/types\/post"}],"author":[{"embeddable":true,"href":"https:\/\/historiografija.hr\/index.php?rest_route=\/wp\/v2\/users\/2"}],"replies":[{"embeddable":true,"href":"https:\/\/historiografija.hr\/index.php?rest_route=%2Fwp%2Fv2%2Fcomments&post=24963"}],"version-history":[{"count":1,"href":"https:\/\/historiografija.hr\/index.php?rest_route=\/wp\/v2\/posts\/24963\/revisions"}],"predecessor-version":[{"id":24964,"href":"https:\/\/historiografija.hr\/index.php?rest_route=\/wp\/v2\/posts\/24963\/revisions\/24964"}],"wp:featuredmedia":[{"embeddable":true,"href":"https:\/\/historiografija.hr\/index.php?rest_route=\/wp\/v2\/media\/19078"}],"wp:attachment":[{"href":"https:\/\/historiografija.hr\/index.php?rest_route=%2Fwp%2Fv2%2Fmedia&parent=24963"}],"wp:term":[{"taxonomy":"category","embeddable":true,"href":"https:\/\/historiografija.hr\/index.php?rest_route=%2Fwp%2Fv2%2Fcategories&post=24963"},{"taxonomy":"post_tag","embeddable":true,"href":"https:\/\/historiografija.hr\/index.php?rest_route=%2Fwp%2Fv2%2Ftags&post=24963"}],"curies":[{"name":"wp","href":"https:\/\/api.w.org\/{rel}","templated":true}]}}