{"id":24960,"date":"2021-02-09T21:12:41","date_gmt":"2021-02-09T21:12:41","guid":{"rendered":"http:\/\/historiografija.hr\/?p=24960"},"modified":"2021-02-09T21:12:41","modified_gmt":"2021-02-09T21:12:41","slug":"zagreb-svibanj-1945","status":"publish","type":"post","link":"https:\/\/historiografija.hr\/?p=24960","title":{"rendered":"Zagreb \u2013 svibanj 1945."},"content":{"rendered":"\n<ul class=\"wp-block-list\"><li>autori: Bojan Dimitrijevi\u0107 \u2013 Radovan Cuki\u0107<\/li><li>broj stranica: 246<\/li><li>broj fotografija: 365<\/li><li>boja knji\u017enog bloka: crno-bijela<\/li><li>format: 23 x 28 cm<\/li><li>uvez: meki<\/li><li>godina izdanja: 2020<\/li><\/ul>\n\n\n\n<hr class=\"wp-block-separator\"\/>\n\n\n\n<p>Fotoreporter Tanjuga (Telegrafska agencija nove Jugoslavije) Branko Savi\u0107, prate\u0107i postrojbe Jugoslavenske armije u pokretu prema Zagrebu po\u010detkom svibnja 1945. godine, snimio je 596 fotografija koje dokumentiraju razdoblje od 4. do 17. svibnja te godine. One \u201cpokrivaju\u201d partizansko napredovanje prema glavnome gradu Hrvatske, od njihovog ulaska u usta\u0161ki logor Jasenovac, pa sve do ulaska u Zagreb i dolaska predsjednika ZAVNOH-a, pjesnika Vladimira Nazora u Zagreb. Ove fotografije nisu bile poznate u javnosti dosad i u ovoj knjizi prvi put se objavljuju.<\/p>\n\n\n\n<p>Fotomonografiju sastavljenu od 365 odabranih fotografija prate i dvije uvodne studije. Jedna je o povijesnome kontekstu zavr\u0161etka Drugoga svjetskog rata, s posebnim osvrtom na doga\u0111aje oko Zagreba svibnja 1945. godine. Druga pak daje \u010ditateljima informacije o autoru fotografija, o njihovom pronalasku, kao i o posebnostima ove fotografske kolekcije koja se \u010duva u Muzeju Jugoslavije, a koja je izvor za ovu fotomonografiju.<\/p>\n\n\n\n<hr class=\"wp-block-separator\"\/>\n\n\n\n<p><strong>SADR\u017dAJ<\/strong><\/p>\n\n\n\n<p>UVOD<\/p>\n\n\n\n<p>KOLEKCIJA NEGATIVA TANJUGA U FONDU MUZEJA JUGOSLAVIJE I<br>FOTOGRAFIJE SNIMLJENE U HRVATSKOJ SVIBNJA 1945. KAO DIO TE KOLEKCIJE<\/p>\n\n\n\n<p>PARTIZANSKE SNAGE OSLOBA\u0110AJU \u2013 OSVAJAJU ZAGREB 8.-9. SVIBNJA 1945<\/p>\n\n\n\n<p>PUT NA FRONT<\/p>\n\n\n\n<p>PARTIZANSKE SNAGE U JASENOVCU 4.-5. SVIBNJA 1945.<\/p>\n\n\n\n<p>S PRVOM ARMIJOM PREMA ZAGREBU 5.-9. SVIBNJA 1945.<\/p>\n\n\n\n<p>ULAZAK PARTIZANA U ZAGREB 9. SVIBNJA 1945. GODINE<\/p>\n\n\n\n<p>VELIKI MITING 11. SVIBNJA 1945. NA TRGU BANA JELA\u010cI\u0106A<\/p>\n\n\n\n<p>MIMOHOD NJEMA\u010cKIH ZAROBLJENIKA 12. SVIBNJA 1945. KROZ ZAGREB<\/p>\n\n\n\n<p>SABIRNI LOGORI ZA HRVATSKE I NJEMA\u010cKE ZAROBLJENIKE<\/p>\n\n\n\n<p>SVE\u010cANI MIMOHOD JEDINICA JUGOSLAVENSKE ARMIJE 13. SVIBNJA 1945.<\/p>\n\n\n\n<p>DOLAZAK PREDSJEDNIKA ZAVNOH-a VLADIMIRA NAZORA U ZAGREB<\/p>\n\n\n\n<p>ZAGREB IZVAN GLAVNIH DOGA\u0110AJA 10.-17. SVIBNJA 1945.<\/p>\n\n\n\n<p>IZVORI I LITERATURA<\/p>\n\n\n\n<p>BILJE\u0160KA O AUTORIMA<\/p>\n\n\n\n<hr class=\"wp-block-separator\"\/>\n\n\n\n<p>Izvor: <a href=\"https:\/\/despot-infinitus.com\/proizvod\/zagreb-svibanj-1945\/\">https:\/\/despot-infinitus.com\/proizvod\/zagreb-svibanj-1945\/<\/a><\/p>\n\n\n\n<hr class=\"wp-block-separator\"\/>\n","protected":false},"excerpt":{"rendered":"","protected":false},"author":2,"featured_media":24961,"comment_status":"open","ping_status":"open","sticky":false,"template":"","format":"standard","meta":{"_acf_changed":false,"jetpack_post_was_ever_published":false,"_jetpack_newsletter_access":"","_jetpack_dont_email_post_to_subs":false,"_jetpack_newsletter_tier_id":0,"_jetpack_memberships_contains_paywalled_content":false,"_jetpack_memberships_contains_paid_content":false,"footnotes":"","jetpack_publicize_message":"","jetpack_publicize_feature_enabled":true,"jetpack_social_post_already_shared":true,"jetpack_social_options":{"image_generator_settings":{"template":"highway","default_image_id":0,"font":"","enabled":false},"version":2}},"categories":[8,3],"tags":[],"class_list":["post-24960","post","type-post","status-publish","format-standard","has-post-thumbnail","hentry","category-knjige","category-novosti"],"acf":{"facebook_opis":""},"jetpack_publicize_connections":[],"jetpack_featured_media_url":"https:\/\/i0.wp.com\/historiografija.hr\/wp-content\/uploads\/2021\/02\/zagreb-svibanj-web.png?fit=960%2C960&ssl=1","jetpack_sharing_enabled":true,"jetpack-related-posts":[],"_links":{"self":[{"href":"https:\/\/historiografija.hr\/index.php?rest_route=\/wp\/v2\/posts\/24960","targetHints":{"allow":["GET"]}}],"collection":[{"href":"https:\/\/historiografija.hr\/index.php?rest_route=\/wp\/v2\/posts"}],"about":[{"href":"https:\/\/historiografija.hr\/index.php?rest_route=\/wp\/v2\/types\/post"}],"author":[{"embeddable":true,"href":"https:\/\/historiografija.hr\/index.php?rest_route=\/wp\/v2\/users\/2"}],"replies":[{"embeddable":true,"href":"https:\/\/historiografija.hr\/index.php?rest_route=%2Fwp%2Fv2%2Fcomments&post=24960"}],"version-history":[{"count":1,"href":"https:\/\/historiografija.hr\/index.php?rest_route=\/wp\/v2\/posts\/24960\/revisions"}],"predecessor-version":[{"id":24962,"href":"https:\/\/historiografija.hr\/index.php?rest_route=\/wp\/v2\/posts\/24960\/revisions\/24962"}],"wp:featuredmedia":[{"embeddable":true,"href":"https:\/\/historiografija.hr\/index.php?rest_route=\/wp\/v2\/media\/24961"}],"wp:attachment":[{"href":"https:\/\/historiografija.hr\/index.php?rest_route=%2Fwp%2Fv2%2Fmedia&parent=24960"}],"wp:term":[{"taxonomy":"category","embeddable":true,"href":"https:\/\/historiografija.hr\/index.php?rest_route=%2Fwp%2Fv2%2Fcategories&post=24960"},{"taxonomy":"post_tag","embeddable":true,"href":"https:\/\/historiografija.hr\/index.php?rest_route=%2Fwp%2Fv2%2Ftags&post=24960"}],"curies":[{"name":"wp","href":"https:\/\/api.w.org\/{rel}","templated":true}]}}