{"id":24953,"date":"2021-02-08T21:22:00","date_gmt":"2021-02-08T21:22:00","guid":{"rendered":"http:\/\/historiografija.hr\/?p=24953"},"modified":"2021-02-08T21:22:00","modified_gmt":"2021-02-08T21:22:00","slug":"medunarodna-online-konferencija-production-and-circulation-of-knowledge-in-the-semi-periphery-in-the-early-modern-and-modern-period","status":"publish","type":"post","link":"https:\/\/historiografija.hr\/?p=24953","title":{"rendered":"Me\u0111unarodna online konferencija \u201cProduction and Circulation of Knowledge in the (Semi-)Periphery in the Early Modern and Modern Period\u201d"},"content":{"rendered":"\n<p>U suradnji \u010dlanova projekta \u201cEuropski korijeni moderne Hrvatske: transfer ideja na politi\u010dkom i kulturnom polju u 18. i 19. stolje\u0107u\u201d i projekta \u201cHrvatska znanstvena i filozofska ba\u0161tina: transferi i aproprijacije znanja od srednjeg vijeka do dvadesetog stolje\u0107a u europskom kontekstu\u201d 11. i 12. velja\u010de 2021. odr\u017eat \u0107e se me\u0111unarodna konferencija \u201cProduction and Circulation of Knowledge in the (Semi-)Periphery in the Early Modern and Modern Period.\u201d Konferencija \u0107e se odr\u017eati u virtualnom okru\u017eenju 11. i 12. velja\u010de 2021. putem platforme ZOOM, a mo\u017eete ju pratiti u\u017eivo putem <a href=\"https:\/\/www.youtube.com\/c\/HIPZagreb\" target=\"_blank\" rel=\"noreferrer noopener\">Youtube kanala Hrvatskog instituta za povijest<\/a>. Ukoliko se pretplatite na HIP YouTube kanal (subscribe) obavijest o po\u010detku prijenosa konferencije do\u0107i \u0107e na Va\u0161 pametni telefon \/ tablet.<\/p>\n\n\n\n<p>Knji\u017eicu sa\u017eetaka i program izlaganja mo\u017eete preuzeti ovdje:<\/p>\n\n\n\n<p><a href=\"http:\/\/eukor.isp.hr\/wp-content\/uploads\/2021\/02\/Production-and-Circulation-of-Knowledge-in-the-Semi-Periphery_Book-of-Abstracts.pdf\">Production and Circulation of Knowledge in the (Semi-)Periphery_Book of Abstracts<\/a><\/p>\n\n\n\n<p><a href=\"http:\/\/eukor.isp.hr\/wp-content\/uploads\/2021\/02\/Production-and-Circulation-of-Knowledge-in-the-Semi-Periphery_Programme.pdf\">Production and Circulation of Knowledge in the (Semi-)Periphery_Programme<\/a><\/p>\n\n\n\n<hr class=\"wp-block-separator\"\/>\n\n\n\n<p>Izvor:<\/p>\n\n\n\n<p><a href=\"http:\/\/www.isp.hr\/medunarodna-online-konferencija-production-and-circulation-of-knowledge-in-the-semi-periphery-in-the-early-modern-and-modern-period\/\">http:\/\/www.isp.hr\/medunarodna-online-konferencija-production-and-circulation-of-knowledge-in-the-semi-periphery-in-the-early-modern-and-modern-period\/<\/a><\/p>\n\n\n\n<p><a href=\"https:\/\/www.facebook.com\/HIP.Zagreb\/\">https:\/\/www.facebook.com\/HIP.Zagreb\/<\/a><\/p>\n\n\n\n<hr class=\"wp-block-separator\"\/>\n","protected":false},"excerpt":{"rendered":"","protected":false},"author":2,"featured_media":24954,"comment_status":"open","ping_status":"open","sticky":false,"template":"","format":"standard","meta":{"_acf_changed":false,"jetpack_post_was_ever_published":false,"_jetpack_newsletter_access":"","_jetpack_dont_email_post_to_subs":false,"_jetpack_newsletter_tier_id":0,"_jetpack_memberships_contains_paywalled_content":false,"_jetpack_memberships_contains_paid_content":false,"footnotes":"","jetpack_publicize_message":"","jetpack_publicize_feature_enabled":true,"jetpack_social_post_already_shared":true,"jetpack_social_options":{"image_generator_settings":{"template":"highway","default_image_id":0,"font":"","enabled":false},"version":2}},"categories":[3,9],"tags":[],"class_list":["post-24953","post","type-post","status-publish","format-standard","has-post-thumbnail","hentry","category-novosti","category-skupovi"],"acf":{"facebook_opis":""},"jetpack_publicize_connections":[],"jetpack_featured_media_url":"https:\/\/i0.wp.com\/historiografija.hr\/wp-content\/uploads\/2021\/02\/Library-conf.jpg?fit=690%2C890&ssl=1","jetpack_sharing_enabled":true,"jetpack-related-posts":[],"_links":{"self":[{"href":"https:\/\/historiografija.hr\/index.php?rest_route=\/wp\/v2\/posts\/24953","targetHints":{"allow":["GET"]}}],"collection":[{"href":"https:\/\/historiografija.hr\/index.php?rest_route=\/wp\/v2\/posts"}],"about":[{"href":"https:\/\/historiografija.hr\/index.php?rest_route=\/wp\/v2\/types\/post"}],"author":[{"embeddable":true,"href":"https:\/\/historiografija.hr\/index.php?rest_route=\/wp\/v2\/users\/2"}],"replies":[{"embeddable":true,"href":"https:\/\/historiografija.hr\/index.php?rest_route=%2Fwp%2Fv2%2Fcomments&post=24953"}],"version-history":[{"count":1,"href":"https:\/\/historiografija.hr\/index.php?rest_route=\/wp\/v2\/posts\/24953\/revisions"}],"predecessor-version":[{"id":24955,"href":"https:\/\/historiografija.hr\/index.php?rest_route=\/wp\/v2\/posts\/24953\/revisions\/24955"}],"wp:featuredmedia":[{"embeddable":true,"href":"https:\/\/historiografija.hr\/index.php?rest_route=\/wp\/v2\/media\/24954"}],"wp:attachment":[{"href":"https:\/\/historiografija.hr\/index.php?rest_route=%2Fwp%2Fv2%2Fmedia&parent=24953"}],"wp:term":[{"taxonomy":"category","embeddable":true,"href":"https:\/\/historiografija.hr\/index.php?rest_route=%2Fwp%2Fv2%2Fcategories&post=24953"},{"taxonomy":"post_tag","embeddable":true,"href":"https:\/\/historiografija.hr\/index.php?rest_route=%2Fwp%2Fv2%2Ftags&post=24953"}],"curies":[{"name":"wp","href":"https:\/\/api.w.org\/{rel}","templated":true}]}}