{"id":24945,"date":"2021-02-08T20:34:47","date_gmt":"2021-02-08T20:34:47","guid":{"rendered":"http:\/\/historiografija.hr\/?p=24945"},"modified":"2021-02-08T20:34:47","modified_gmt":"2021-02-08T20:34:47","slug":"nova-izdanja-hrvatskog-drzavnog-arhiva","status":"publish","type":"post","link":"https:\/\/historiografija.hr\/?p=24945","title":{"rendered":"Nova izdanja Hrvatskog dr\u017eavnog arhiva"},"content":{"rendered":"\n<p>Krajem pro\u0161le i po\u010detkom ove godine iz tiska je iza\u0161lo pet novih izdanja Hrvatskog dr\u017eavnog arhiva. Rije\u010d je o:<\/p>\n\n\n\n<ul class=\"wp-block-list\"><li>Sedmom svesku \u201eZapisnika Izvr\u0161nog komiteta Centralnog komiteta Saveza komunista Hrvatske (26. travnja \u2013 27. prosinca 1965.)\u201c<\/li><li>Tre\u0107em svesku \u201eZapisnika Izvr\u0161nog vije\u0107a Sabora Narodne\/Socijalisti\u010dke Republike Hrvatske 1958.-1963.\u201c<\/li><li>Katalogu\/monografiji \u201eTrojedna Kraljevina Dalmacija, Hrvatska i Slavonija u Habsbur\u0161koj Monarhiji 1848.\/1849. Od ustavnih sloboda Ferdinanda I. do progla\u0161enja Oktroiranog ustava Franje Josipa I. u Kraljevinama Hrvatskoj i Slavoniji\u201c<\/li><li>Izlo\u017ebenom katalogu \u201eDru\u0161tvo hrvatskih knji\u017eevnika, katalog izlo\u017ebe povodom 120. obljetnice osnutka\u201c<\/li><li>Reprodukciji knjige snimanja hrvatskog filmskog klasika \u201eLisice\u201c<\/li><\/ul>\n\n\n\n<p>Dodatne informacije o izdanjima mo\u017eete pogledati u rubrici <a href=\"http:\/\/www.arhiv.hr\/hr-hr\/Na%C5%A1a-izdanja\/Nova-izdanja\">Nova izdanja<\/a><\/p>\n\n\n\n<p>Sva izdanja se mogu naru\u010diti na adresi e-po\u0161te: <a href=\"mailto:izdavastvo@arhiv.hr\">izdavastvo@arhiv.hr<\/a>, na broju telefona: 01\/4801-930 ili direktno kupiti u Hrvatskom dr\u017eavnom arhivu (Maruli\u0107ev trg 21, Zagreb).<\/p>\n\n\n\n<hr class=\"wp-block-separator\"\/>\n\n\n\n<p>Izvor:<\/p>\n\n\n\n<p><a href=\"http:\/\/www.arhiv.hr\/hr-hr\/Izlozbe-i-dogadjanja\/ArticleId\/1430\/oamid\/1633\">http:\/\/www.arhiv.hr\/hr-hr\/Izlozbe-i-dogadjanja\/ArticleId\/1430\/oamid\/1633<\/a><\/p>\n\n\n\n<hr class=\"wp-block-separator\"\/>\n","protected":false},"excerpt":{"rendered":"","protected":false},"author":2,"featured_media":24946,"comment_status":"open","ping_status":"open","sticky":false,"template":"","format":"standard","meta":{"_acf_changed":false,"jetpack_post_was_ever_published":false,"_jetpack_newsletter_access":"","_jetpack_dont_email_post_to_subs":false,"_jetpack_newsletter_tier_id":0,"_jetpack_memberships_contains_paywalled_content":false,"_jetpack_memberships_contains_paid_content":false,"footnotes":"","jetpack_publicize_message":"","jetpack_publicize_feature_enabled":true,"jetpack_social_post_already_shared":true,"jetpack_social_options":{"image_generator_settings":{"template":"highway","default_image_id":0,"font":"","enabled":false},"version":2}},"categories":[8,3],"tags":[],"class_list":["post-24945","post","type-post","status-publish","format-standard","has-post-thumbnail","hentry","category-knjige","category-novosti"],"acf":{"facebook_opis":""},"jetpack_publicize_connections":[],"jetpack_featured_media_url":"https:\/\/i0.wp.com\/historiografija.hr\/wp-content\/uploads\/2021\/02\/izdanja-u-2020.jpg?fit=500%2C500&ssl=1","jetpack_sharing_enabled":true,"jetpack-related-posts":[],"_links":{"self":[{"href":"https:\/\/historiografija.hr\/index.php?rest_route=\/wp\/v2\/posts\/24945","targetHints":{"allow":["GET"]}}],"collection":[{"href":"https:\/\/historiografija.hr\/index.php?rest_route=\/wp\/v2\/posts"}],"about":[{"href":"https:\/\/historiografija.hr\/index.php?rest_route=\/wp\/v2\/types\/post"}],"author":[{"embeddable":true,"href":"https:\/\/historiografija.hr\/index.php?rest_route=\/wp\/v2\/users\/2"}],"replies":[{"embeddable":true,"href":"https:\/\/historiografija.hr\/index.php?rest_route=%2Fwp%2Fv2%2Fcomments&post=24945"}],"version-history":[{"count":1,"href":"https:\/\/historiografija.hr\/index.php?rest_route=\/wp\/v2\/posts\/24945\/revisions"}],"predecessor-version":[{"id":24947,"href":"https:\/\/historiografija.hr\/index.php?rest_route=\/wp\/v2\/posts\/24945\/revisions\/24947"}],"wp:featuredmedia":[{"embeddable":true,"href":"https:\/\/historiografija.hr\/index.php?rest_route=\/wp\/v2\/media\/24946"}],"wp:attachment":[{"href":"https:\/\/historiografija.hr\/index.php?rest_route=%2Fwp%2Fv2%2Fmedia&parent=24945"}],"wp:term":[{"taxonomy":"category","embeddable":true,"href":"https:\/\/historiografija.hr\/index.php?rest_route=%2Fwp%2Fv2%2Fcategories&post=24945"},{"taxonomy":"post_tag","embeddable":true,"href":"https:\/\/historiografija.hr\/index.php?rest_route=%2Fwp%2Fv2%2Ftags&post=24945"}],"curies":[{"name":"wp","href":"https:\/\/api.w.org\/{rel}","templated":true}]}}