{"id":24941,"date":"2021-02-05T11:22:53","date_gmt":"2021-02-05T11:22:53","guid":{"rendered":"http:\/\/historiografija.hr\/?p=24941"},"modified":"2021-02-05T11:24:19","modified_gmt":"2021-02-05T11:24:19","slug":"dubravka-stojanovic-i-husnija-kamberovic-ur-ratovi-1990-ih-u-regionalnim-historiografijama-kontroverze-interpretacije-nasljede","status":"publish","type":"post","link":"https:\/\/historiografija.hr\/?p=24941","title":{"rendered":"Dubravka Stojanovi\u0107 i Husnija Kamberovi\u0107 (ur.), \u201eRatovi 1990-ih u regionalnim historiografijama: kontroverze, interpretacije, naslje\u0111e\u201c"},"content":{"rendered":"\n<p>Udru\u017eenje za modernu historiju iz Sarajeva objavilo je knjigu \u201eRatovi 1990-ih u regionalnim historiografijama: kontroverze, interpretacije, naslje\u0111e\u201c. Zbornik je rezultat projekta <em>Ko je prvi po\u010deo \u2013 istori\u010dari protiv revizionizma<\/em>, \u010diji je nosilac bilo udru\u017eenje <em>Krokodil<\/em> iz Beograda. U ovom zborniku svoje radove objavljuju doktoranti i studenti iz Slovenije, Hrvatske, Bosne i Hercegovine, Srbije i Crne Gore. Radovi su izlo\u017eeni na Ljetnoj \u0161koli, koja je odr\u017eana u Beogradu 2020. godine, a obra\u0111uje nekoliko tema. Prva tema o kojoj se raspravljalo bila je definicija ratova, njihovo datiranje, utvr\u0111ivanje na\u010dina na koje se oni zovu u razli\u010ditim sredinama. Razgovaralo se i o tome \u0161ta se ocjenjuje kao uzrok koji je do ratova doveo i, u skladu s naslovom cijelog projekta \u2013 ko je prvi po\u010deo. Ta pitanja su od izuzetnog zna\u010daja ne samo za tuma\u010denje rata nego i za sada\u0161njost, jer od toga kako se na njih odgovara i kako se uop\u0161te ti sukobi nazivaju jasno se vidi koja se politi\u010dka poruka \u0161alje.<\/p>\n\n\n\n<p>Druga grupa radova u ovom zborniku odnosi se na klju\u010dne ratne doga\u0111aje, pri \u010demu su doktoranti i studenti imali zadatak prikazati kako se interpretiraju neki od klju\u010dnih ratnih doga\u0111aja \u2013 opsade Dubrovnika, Vukovara i Sarajeva. Radi se o nekim od najdramati\u010dnijih doga\u0111aja u ratu \u010dija obilje\u017eavanja danas dodatno dijele dru\u0161tva, jer su slike o tome \u0161ta se de\u0161avalo sasvim suprotne ili ih, u nekim slu\u010dajevima, skoro uop\u0161te nema, a doga\u0111aji su svjesno prepu\u0161teni zaboravu.<\/p>\n\n\n\n<p>Tre\u0107a grupa radova posve\u0107ena je kolektivnom sje\u0107anju na ratove i to kroz na\u010dine na koji se komemoriraju i obilje\u017eavaju dva traumati\u010dna doga\u0111aja \u2013 genocid u Srebrenici i vojno-policijska akcija Oluja, te kako se komemoriraju sukobi na Br\u010danskoj malti 15. maja 1992. i stradanje na tuzlanskoj Kapiji 25. maja 1995., kao i osamostaljenje Slovenije.<\/p>\n\n\n\n<p>Posljednja grupa radova odnosi se na analize ud\u017ebenika historije, odnosno tog \u201ezvani\u010dnog\u201c narativa kojim se prenosi po\u017eeljno vjerovanje o tome \u0161ta se dogodilo i na koji na\u010din.<\/p>\n\n\n\n<p>Urednici zbornika su Dubravka Stojanovi\u0107 i Husnija Kamberovi\u0107.<\/p>\n\n\n\n<p>Sadr\u017eaj i Predgovor mo\u017ee se \u010ditati <a rel=\"noreferrer noopener\" href=\"https:\/\/www.historiografija.ba\/assets\/documents\/377_Sadrzaj-i-predgovor-Ratovi%201990-ih.pdf\" target=\"_blank\">ovdje<\/a>.<\/p>\n\n\n\n<hr class=\"wp-block-separator\"\/>\n\n\n\n<p>Prenoseno s portala <strong><em>Historiografija.ba<\/em><\/strong><\/p>\n\n\n\n<p>Izvor: <a href=\"https:\/\/www.historiografija.ba\/article.php?id=377\">https:\/\/www.historiografija.ba\/article.php?id=377<\/a><\/p>\n\n\n\n<hr class=\"wp-block-separator\"\/>\n","protected":false},"excerpt":{"rendered":"","protected":false},"author":2,"featured_media":24942,"comment_status":"open","ping_status":"open","sticky":false,"template":"","format":"standard","meta":{"_acf_changed":false,"jetpack_post_was_ever_published":false,"_jetpack_newsletter_access":"","_jetpack_dont_email_post_to_subs":false,"_jetpack_newsletter_tier_id":0,"_jetpack_memberships_contains_paywalled_content":false,"_jetpack_memberships_contains_paid_content":false,"footnotes":"","jetpack_publicize_message":"","jetpack_publicize_feature_enabled":true,"jetpack_social_post_already_shared":true,"jetpack_social_options":{"image_generator_settings":{"template":"highway","default_image_id":0,"font":"","enabled":false},"version":2}},"categories":[8,3],"tags":[],"class_list":["post-24941","post","type-post","status-publish","format-standard","has-post-thumbnail","hentry","category-knjige","category-novosti"],"acf":{"facebook_opis":""},"jetpack_publicize_connections":[],"jetpack_featured_media_url":"https:\/\/i0.wp.com\/historiografija.hr\/wp-content\/uploads\/2021\/02\/Ratovi-1990-ih.jpg?fit=555%2C370&ssl=1","jetpack_sharing_enabled":true,"jetpack-related-posts":[],"_links":{"self":[{"href":"https:\/\/historiografija.hr\/index.php?rest_route=\/wp\/v2\/posts\/24941","targetHints":{"allow":["GET"]}}],"collection":[{"href":"https:\/\/historiografija.hr\/index.php?rest_route=\/wp\/v2\/posts"}],"about":[{"href":"https:\/\/historiografija.hr\/index.php?rest_route=\/wp\/v2\/types\/post"}],"author":[{"embeddable":true,"href":"https:\/\/historiografija.hr\/index.php?rest_route=\/wp\/v2\/users\/2"}],"replies":[{"embeddable":true,"href":"https:\/\/historiografija.hr\/index.php?rest_route=%2Fwp%2Fv2%2Fcomments&post=24941"}],"version-history":[{"count":2,"href":"https:\/\/historiografija.hr\/index.php?rest_route=\/wp\/v2\/posts\/24941\/revisions"}],"predecessor-version":[{"id":24944,"href":"https:\/\/historiografija.hr\/index.php?rest_route=\/wp\/v2\/posts\/24941\/revisions\/24944"}],"wp:featuredmedia":[{"embeddable":true,"href":"https:\/\/historiografija.hr\/index.php?rest_route=\/wp\/v2\/media\/24942"}],"wp:attachment":[{"href":"https:\/\/historiografija.hr\/index.php?rest_route=%2Fwp%2Fv2%2Fmedia&parent=24941"}],"wp:term":[{"taxonomy":"category","embeddable":true,"href":"https:\/\/historiografija.hr\/index.php?rest_route=%2Fwp%2Fv2%2Fcategories&post=24941"},{"taxonomy":"post_tag","embeddable":true,"href":"https:\/\/historiografija.hr\/index.php?rest_route=%2Fwp%2Fv2%2Ftags&post=24941"}],"curies":[{"name":"wp","href":"https:\/\/api.w.org\/{rel}","templated":true}]}}