{"id":24932,"date":"2021-02-05T11:06:39","date_gmt":"2021-02-05T11:06:39","guid":{"rendered":"http:\/\/historiografija.hr\/?p=24932"},"modified":"2022-09-19T13:42:45","modified_gmt":"2022-09-19T13:42:45","slug":"polemicke-reakcije-povodom-smrti-glumice-mire-furlan","status":"publish","type":"post","link":"https:\/\/historiografija.hr\/?p=24932","title":{"rendered":"Polemi\u010dke reakcije povodom smrti glumice Mire Furlan"},"content":{"rendered":"\n<p>U hrvatskoj javnosti i dalje traju polemi\u010dke reakcije povodom smrti glumice Mire Furlan s naglaskom na odnos hrvatskog dru\u0161tva prema njoj po\u010detkom rata 1991. Otvaraju se i raspravljaju tom prilikom mnoga pitanja iz hrvatske povijesti 1990-ih, na \u0161to upu\u0107ujemo u nastavku, uz informaciju da bi u skorije vrijeme na Hr\u010dku trebao biti dostupan \u010dlanak \u201cModel negativne medijske kampanje u devedesetima: Slu\u010daj Mire Furlan\u201d (<em>Historijski zbornik<\/em>, 2-2020), o \u010demu \u0107emo tako\u0111er izvijestiti.<\/p>\n\n\n\n<hr class=\"wp-block-separator\"\/>\n\n\n\n<p><strong>Iz medija:<\/strong><\/p>\n\n\n\n<hr class=\"wp-block-separator\"\/>\n\n\n\n<p><a href=\"https:\/\/lupiga.com\/vijesti\/pronasli-smo-huskacki-feljton-globusa-ovako-su-o-miri-furlan-pisale-perjanice-hrvatskog-zurnalizma\">https:\/\/lupiga.com\/vijesti\/pronasli-smo-huskacki-feljton-globusa-ovako-su-o-miri-furlan-pisale-perjanice-hrvatskog-zurnalizma<\/a><\/p>\n\n\n\n<p><a href=\"https:\/\/www.vecernji.hr\/showbiz\/pismo-mire-furlan-iz-91-ne-ostavlja-ravnodusnim-zadnje-predstave-u-beogradu-igrala-sam-za-one-ocajnike-koji-nisu-srbi-nego-ljudi-1463180\">https:\/\/www.vecernji.hr\/showbiz\/pismo-mire-furlan-iz-91-ne-ostavlja-ravnodusnim-zadnje-predstave-u-beogradu-igrala-sam-za-one-ocajnike-koji-nisu-srbi-nego-ljudi-1463180<\/a><\/p>\n\n\n\n<p><a href=\"https:\/\/slobodnadalmacija.hr\/vijesti\/hrvatska\/pismo-mire-furlan-hrvatskoj-iz-1991-hvala-sugradanima-koji-su-se-pridruzili-hajci-na-mene-hajci-koja-ce-promijeniti-i-oznaciti-cijeli-moj-zivot-1072592\">https:\/\/slobodnadalmacija.hr\/vijesti\/hrvatska\/pismo-mire-furlan-hrvatskoj-iz-1991-hvala-sugradanima-koji-su-se-pridruzili-hajci-na-mene-hajci-koja-ce-promijeniti-i-oznaciti-cijeli-moj-zivot-1072592<\/a><\/p>\n\n\n\n<hr class=\"wp-block-separator\"\/>\n\n\n\n<figure class=\"wp-block-embed-wordpress wp-block-embed is-type-wp-embed is-provider-pescanik\"><div class=\"wp-block-embed__wrapper\">\n<blockquote class=\"wp-embedded-content\" data-secret=\"ag2Qyukm7q\"><a href=\"https:\/\/pescanik.net\/prisilni-egzil-mire-furlan\/\">Prisilni egzil Mire Furlan<\/a><\/blockquote><iframe loading=\"lazy\" class=\"wp-embedded-content\" sandbox=\"allow-scripts\" security=\"restricted\" style=\"position: absolute; clip: rect(1px, 1px, 1px, 1px);\" title=\"&#8220;Prisilni egzil Mire Furlan&#8221; &#8212; Pe\u0161\u010danik\" src=\"https:\/\/pescanik.net\/prisilni-egzil-mire-furlan\/embed\/#?secret=ag2Qyukm7q\" data-secret=\"ag2Qyukm7q\" width=\"600\" height=\"338\" frameborder=\"0\" marginwidth=\"0\" marginheight=\"0\" scrolling=\"no\"><\/iframe>\n<\/div><\/figure>\n\n\n\n<figure class=\"wp-block-embed-wordpress wp-block-embed is-type-wp-embed is-provider-pescanik\"><div class=\"wp-block-embed__wrapper\">\n<blockquote class=\"wp-embedded-content\" data-secret=\"HZw7gTrsVc\"><a href=\"https:\/\/pescanik.net\/ubod-za-miru-furlan\/\">Ubod za Miru Furlan<\/a><\/blockquote><iframe loading=\"lazy\" class=\"wp-embedded-content\" sandbox=\"allow-scripts\" security=\"restricted\" style=\"position: absolute; clip: rect(1px, 1px, 1px, 1px);\" title=\"&#8220;Ubod za Miru Furlan&#8221; &#8212; Pe\u0161\u010danik\" src=\"https:\/\/pescanik.net\/ubod-za-miru-furlan\/embed\/#?secret=HZw7gTrsVc\" data-secret=\"HZw7gTrsVc\" width=\"600\" height=\"338\" frameborder=\"0\" marginwidth=\"0\" marginheight=\"0\" scrolling=\"no\"><\/iframe>\n<\/div><\/figure>\n\n\n\n<figure class=\"wp-block-embed-wordpress wp-block-embed is-type-wp-embed is-provider-pescanik\"><div class=\"wp-block-embed__wrapper\">\n<blockquote class=\"wp-embedded-content\" data-secret=\"tngWhw3OZi\"><a href=\"https:\/\/pescanik.net\/pismo-mire-furlan-jos-uvek-putuje\/\">Pismo Mire Furlan jo\u0161 uvek putuje<\/a><\/blockquote><iframe loading=\"lazy\" class=\"wp-embedded-content\" sandbox=\"allow-scripts\" security=\"restricted\" style=\"position: absolute; clip: rect(1px, 1px, 1px, 1px);\" title=\"&#8220;Pismo Mire Furlan jo\u0161 uvek putuje&#8221; &#8212; Pe\u0161\u010danik\" src=\"https:\/\/pescanik.net\/pismo-mire-furlan-jos-uvek-putuje\/embed\/#?secret=tngWhw3OZi\" data-secret=\"tngWhw3OZi\" width=\"600\" height=\"338\" frameborder=\"0\" marginwidth=\"0\" marginheight=\"0\" scrolling=\"no\"><\/iframe>\n<\/div><\/figure>\n\n\n\n<hr class=\"wp-block-separator\"\/>\n\n\n\n<p><a href=\"https:\/\/www.vecernji.hr\/premium\/dok-sam-ziv-pamtit-cu-lice-mire-furlan-zamrznuto-u-grimasi-uzasa-i-straha-na-beogradskoj-pozornici-91-1465156\">https:\/\/www.vecernji.hr\/premium\/dok-sam-ziv-pamtit-cu-lice-mire-furlan-zamrznuto-u-grimasi-uzasa-i-straha-na-beogradskoj-pozornici-91-1465156<\/a><\/p>\n\n\n\n<p><a href=\"https:\/\/www.vecernji.hr\/premium\/nije-htjela-biti-upregnuta-u-kola-rata-a-to-joj-se-na-koncu-dogodilo-1464361\">https:\/\/www.vecernji.hr\/premium\/nije-htjela-biti-upregnuta-u-kola-rata-a-to-joj-se-na-koncu-dogodilo-1464361<\/a><\/p>\n\n\n\n<p><a href=\"https:\/\/www.vecernji.hr\/premium\/mira-furlan-izabrala-je-stranu-ali-to-nikada-nije-bila-strana-velikosrpstine-1465283\">https:\/\/www.vecernji.hr\/premium\/mira-furlan-izabrala-je-stranu-ali-to-nikada-nije-bila-strana-velikosrpstine-1465283<\/a><\/p>\n\n\n\n<hr class=\"wp-block-separator\"\/>\n\n\n\n<p><a href=\"https:\/\/www.jutarnji.hr\/kultura\/film-i-televizija\/kako-bi-izgledalo-drugo-poluvrijeme-mire-furlan-da-je-slom-jugoslavije-bio-manje-kvrgav-i-krvav-15044825\">https:\/\/www.jutarnji.hr\/kultura\/film-i-televizija\/kako-bi-izgledalo-drugo-poluvrijeme-mire-furlan-da-je-slom-jugoslavije-bio-manje-kvrgav-i-krvav-15044825<\/a><\/p>\n\n\n\n<p><a href=\"https:\/\/www.jutarnji.hr\/vijesti\/hrvatska\/kako-je-smrt-mire-furlan-paralelno-s-regionalnim-metoo-pokretom-potaknula-suocavanje-s-90-ima-15047269\">https:\/\/www.jutarnji.hr\/vijesti\/hrvatska\/kako-je-smrt-mire-furlan-paralelno-s-regionalnim-metoo-pokretom-potaknula-suocavanje-s-90-ima-15047269<\/a><\/p>\n\n\n\n<p><a href=\"https:\/\/www.jutarnji.hr\/globus\/kultura\/globusov-veliki-grijeh-prema-velikoj-glumici-makar-prekasno-duboko-se-ispricavamo-miri-furlan-15045963\">https:\/\/www.jutarnji.hr\/globus\/kultura\/globusov-veliki-grijeh-prema-velikoj-glumici-makar-prekasno-duboko-se-ispricavamo-miri-furlan-15045963<\/a><\/p>\n\n\n\n<hr class=\"wp-block-separator\"\/>\n\n\n\n<p><a href=\"https:\/\/portalnovosti.com\/hajka-na-miru-furlan\">https:\/\/portalnovosti.com\/hajka-na-miru-furlan<\/a><\/p>\n\n\n\n<p><a href=\"https:\/\/portalnovosti.com\/helena-zena-koje-nije-bilo\">https:\/\/portalnovosti.com\/helena-zena-koje-nije-bilo<\/a><\/p>\n\n\n\n<p><a href=\"https:\/\/portalnovosti.com\/najnovije-novosti-od-petka-na-kioscima-lovci-na-vjestice\">https:\/\/portalnovosti.com\/najnovije-novosti-od-petka-na-kioscima-lovci-na-vjestice<\/a><\/p>\n\n\n\n<hr class=\"wp-block-separator\"\/>\n\n\n\n<figure class=\"wp-block-embed-wordpress wp-block-embed is-type-wp-embed is-provider-centar-za-zenske-studije\"><div class=\"wp-block-embed__wrapper\">\n<blockquote class=\"wp-embedded-content\" data-secret=\"FJGvVwLxdd\"><a href=\"https:\/\/zenstud.hr\/2021\/02\/01\/objava-u-cast-i-sjecanje-na-miru-furlan\/\">Objava u \u010dast i sje\u0107anje na Miru Furlan<\/a><\/blockquote><iframe loading=\"lazy\" class=\"wp-embedded-content\" sandbox=\"allow-scripts\" security=\"restricted\" style=\"position: absolute; clip: rect(1px, 1px, 1px, 1px);\" title=\"&#8220;Objava u \u010dast i sje\u0107anje na Miru Furlan&#8221; &#8212; Centar za \u017eenske studije\" src=\"https:\/\/zenstud.hr\/2021\/02\/01\/objava-u-cast-i-sjecanje-na-miru-furlan\/embed\/#?secret=FJGvVwLxdd\" data-secret=\"FJGvVwLxdd\" width=\"600\" height=\"338\" frameborder=\"0\" marginwidth=\"0\" marginheight=\"0\" scrolling=\"no\"><\/iframe>\n<\/div><\/figure>\n\n\n\n<p><a href=\"https:\/\/www.telegram.hr\/politika-kriminal\/kako-je-hrvatsko-pravosude-maltretiralo-miru-furlan-stan-joj-je-vracen-nakon-13-godina-mrcvarenja\/\">https:\/\/www.telegram.hr\/politika-kriminal\/kako-je-hrvatsko-pravosude-maltretiralo-miru-furlan-stan-joj-je-vracen-nakon-13-godina-mrcvarenja\/<\/a><\/p>\n\n\n\n<p><a href=\"https:\/\/www.index.hr\/magazin\/clanak\/je-li-se-zagreb-pokajao-za-ono-sto-je-ucinio-miri-furlan\/2248644.aspx\">https:\/\/www.index.hr\/magazin\/clanak\/je-li-se-zagreb-pokajao-za-ono-sto-je-ucinio-miri-furlan\/2248644.aspx<\/a><\/p>\n\n\n\n<figure class=\"wp-block-embed-wordpress wp-block-embed is-type-wp-embed is-provider-tacno-net\"><div class=\"wp-block-embed__wrapper\">\n<blockquote class=\"wp-embedded-content\" data-secret=\"LHdU6uwlxZ\"><a href=\"https:\/\/www.tacno.net\/naslovnica\/ivana-kekin-jebite-se-devedesete\/\">Ivana Kekin: Jebite se devedesete<\/a><\/blockquote><iframe loading=\"lazy\" class=\"wp-embedded-content\" sandbox=\"allow-scripts\" security=\"restricted\" style=\"position: absolute; clip: rect(1px, 1px, 1px, 1px);\" title=\"&#8220;Ivana Kekin: Jebite se devedesete&#8221; &#8212; Tacno.net\" src=\"https:\/\/www.tacno.net\/naslovnica\/ivana-kekin-jebite-se-devedesete\/embed\/#?secret=LHdU6uwlxZ\" data-secret=\"LHdU6uwlxZ\" width=\"600\" height=\"338\" frameborder=\"0\" marginwidth=\"0\" marginheight=\"0\" scrolling=\"no\"><\/iframe>\n<\/div><\/figure>\n\n\n\n<p><a href=\"https:\/\/narod.hr\/hrvatska\/zasto-plenkoviceva-ministrica-suti-i-ne-brani-hrvatsku-kulturu-i-hrvatsku-od-lazi-o-miri-furlan\">https:\/\/narod.hr\/hrvatska\/zasto-plenkoviceva-ministrica-suti-i-ne-brani-hrvatsku-kulturu-i-hrvatsku-od-lazi-o-miri-furlan<\/a><\/p>\n\n\n\n<p><a href=\"http:\/\/www.antifasisticki-vjesnik.org\/hr\/komentari\/4\/Mira_Furlan_ili_O_borbi_i_sjec\/425\/\">http:\/\/www.antifasisticki-vjesnik.org\/hr\/komentari\/4\/Mira_Furlan_ili_O_borbi_i_sjec\/425\/<\/a><\/p>\n\n\n\n<hr class=\"wp-block-separator\"\/>\n\n\n\n<p>Dodatak:<\/p>\n\n\n\n<figure class=\"wp-block-embed-wordpress wp-block-embed is-type-wp-embed is-provider-historiografija-hr\"><div class=\"wp-block-embed__wrapper\">\n<blockquote class=\"wp-embedded-content\" data-secret=\"ccgPRmseTu\"><a href=\"https:\/\/historiografija.hr\/?p=25184\">Rad Nine O\u017eegovi\u0107 \u201cModel negativne medijske kampanje u devedesetima: Slu\u010daj Mire Furlan\u201d<\/a><\/blockquote><iframe loading=\"lazy\" class=\"wp-embedded-content\" sandbox=\"allow-scripts\" security=\"restricted\" style=\"position: absolute; clip: rect(1px, 1px, 1px, 1px);\" title=\"&#8220;Rad Nine O\u017eegovi\u0107 \u201cModel negativne medijske kampanje u devedesetima: Slu\u010daj Mire Furlan\u201d&#8221; &#8212; Historiografija.hr\" src=\"https:\/\/historiografija.hr\/?p=25184&#038;embed=true#?secret=ccgPRmseTu\" data-secret=\"ccgPRmseTu\" width=\"600\" height=\"338\" frameborder=\"0\" marginwidth=\"0\" marginheight=\"0\" scrolling=\"no\"><\/iframe>\n<\/div><\/figure>\n\n\n\n<hr class=\"wp-block-separator\"\/>\n","protected":false},"excerpt":{"rendered":"","protected":false},"author":2,"featured_media":24933,"comment_status":"open","ping_status":"open","sticky":false,"template":"","format":"standard","meta":{"_acf_changed":false,"jetpack_post_was_ever_published":false,"_jetpack_newsletter_access":"","_jetpack_dont_email_post_to_subs":false,"_jetpack_newsletter_tier_id":0,"_jetpack_memberships_contains_paywalled_content":false,"_jetpack_memberships_contains_paid_content":false,"footnotes":"","jetpack_publicize_message":"","jetpack_publicize_feature_enabled":true,"jetpack_social_post_already_shared":true,"jetpack_social_options":{"image_generator_settings":{"template":"highway","default_image_id":0,"font":"","enabled":false},"version":2}},"categories":[22,3,20,17],"tags":[],"class_list":["post-24932","post","type-post","status-publish","format-standard","has-post-thumbnail","hentry","category-kazalisne-predstave","category-novosti","category-obavijesti-o-smrti-i-nekrolozi","category-rasprave"],"acf":{"facebook_opis":""},"jetpack_publicize_connections":[],"jetpack_featured_media_url":"https:\/\/i0.wp.com\/historiografija.hr\/wp-content\/uploads\/2021\/02\/mira-furlan-in-memoriam.jpg?fit=630%2C368&ssl=1","jetpack_sharing_enabled":true,"jetpack-related-posts":[],"_links":{"self":[{"href":"https:\/\/historiografija.hr\/index.php?rest_route=\/wp\/v2\/posts\/24932","targetHints":{"allow":["GET"]}}],"collection":[{"href":"https:\/\/historiografija.hr\/index.php?rest_route=\/wp\/v2\/posts"}],"about":[{"href":"https:\/\/historiografija.hr\/index.php?rest_route=\/wp\/v2\/types\/post"}],"author":[{"embeddable":true,"href":"https:\/\/historiografija.hr\/index.php?rest_route=\/wp\/v2\/users\/2"}],"replies":[{"embeddable":true,"href":"https:\/\/historiografija.hr\/index.php?rest_route=%2Fwp%2Fv2%2Fcomments&post=24932"}],"version-history":[{"count":5,"href":"https:\/\/historiografija.hr\/index.php?rest_route=\/wp\/v2\/posts\/24932\/revisions"}],"predecessor-version":[{"id":32678,"href":"https:\/\/historiografija.hr\/index.php?rest_route=\/wp\/v2\/posts\/24932\/revisions\/32678"}],"wp:featuredmedia":[{"embeddable":true,"href":"https:\/\/historiografija.hr\/index.php?rest_route=\/wp\/v2\/media\/24933"}],"wp:attachment":[{"href":"https:\/\/historiografija.hr\/index.php?rest_route=%2Fwp%2Fv2%2Fmedia&parent=24932"}],"wp:term":[{"taxonomy":"category","embeddable":true,"href":"https:\/\/historiografija.hr\/index.php?rest_route=%2Fwp%2Fv2%2Fcategories&post=24932"},{"taxonomy":"post_tag","embeddable":true,"href":"https:\/\/historiografija.hr\/index.php?rest_route=%2Fwp%2Fv2%2Ftags&post=24932"}],"curies":[{"name":"wp","href":"https:\/\/api.w.org\/{rel}","templated":true}]}}