{"id":24926,"date":"2021-02-05T10:10:36","date_gmt":"2021-02-05T10:10:36","guid":{"rendered":"http:\/\/historiografija.hr\/?p=24926"},"modified":"2021-02-05T10:10:36","modified_gmt":"2021-02-05T10:10:36","slug":"zoran-feric-putujuce-kazaliste","status":"publish","type":"post","link":"https:\/\/historiografija.hr\/?p=24926","title":{"rendered":"Zoran Feri\u0107, \u201cPutuju\u0107e kazali\u0161te\u201d"},"content":{"rendered":"\n<p><em>Putuju\u0107e kazali\u0161te<\/em> impozantan je roman koji bi bio doga\u0111aj i u nekoj velikoj europskoj knji\u017eevnosti.<\/p>\n\n\n\n<p>To&nbsp; je obimna i kompleksna obiteljska saga u kojoj je kroz pro\u0161lost autorove obitelji ispri\u010dana i povijest dvadesetog stolje\u0107a u Hrvatskoj i Europi. A tu obitelj nisu obilje\u017eili samo ratovi, nacionalna i ideolo\u0161ka mr\u017enja nego i&nbsp; nekoliko potresnih ljubavnih pri\u010da od kojih svaka, neovisno o vremenu u kojemu se odvija, nosi vlastitu tragi\u010dnost i ljepotu.<\/p>\n\n\n\n<p>Feri\u0107ev roman obuhva\u0107a sva tri rata koji su se u tom \u010dudnom i krvavom stolje\u0107u vodili na na\u0161im prostorima, ali i mnoge druge prijelomne doga\u0111aje koji su presudno utjecali na \u017eivot njegovih junaka.<\/p>\n\n\n\n<p>Jedan od njih je Benjamin Bernstein, autorov djed po majci koji je iz Petrograda pobjegao u Pariz kad je izbila Oktobarska revolucija, drugi je djed po ocu, koji je otprilike u isto vrijeme kao austrougarski vojnik pao u rusko zarobljeni\u0161tvo. Jedna se mlada djevojka&nbsp; s Tre\u0161njevke, udala za ruskog emigranta koji je nekom \u010dudnom putanjom iz Pariza do\u0161ao u Zagreb, i postala pripovjeda\u010deva baka. Druga se mlada djevojka zaljubila u putuju\u0107eg glumca i vlasnika kazali\u0161ta Petra \u0106iri\u0107a, pobjegla s njim i postala pripovjeda\u010deva&nbsp; prabaka s o\u010deve strane.<\/p>\n\n\n\n<p>Pripovjeda\u010dev otac i majka jedva su, pak, pre\u017eivjeli Drugi rat. On je probijao Srijemski front, a kao posljedica ostala mu je potreba da puca u salatu u vrtu; nju su kao \u017eidovsku djevoj\u010dicu skrivali po Zagrebu, a kad bi izi\u0161la iz ku\u0107e, u d\u017eepu je uvijek morala nositi katoli\u010dki molitvenik.<\/p>\n\n\n\n<p>Svi su se ti \u017eivopisni ali stvarni likovi izmije\u0161ali u ovoj obitelji koju pratimo od Petrograda, Pariza i Tangera do Hrvatske Dubice, Srijemske Mitrovice i Zagreba, od Petra \u0106iri\u0107a i Benjamina Bernsteina do samog autora, njegovih ljubavi i prvih objavljenih knjiga.<\/p>\n\n\n\n<p>A sve je ispri\u010dano \u017eivo i pametno, kako mo\u017ee samo izniman pripovjeda\u010d.<\/p>\n\n\n\n<hr class=\"wp-block-separator\"\/>\n\n\n\n<p><strong>O AUTORU<\/strong><\/p>\n\n\n\n<p><strong>Zoran Feri\u0107<\/strong> ro\u0111en je 1961. godine u Zagrebu. Diplomirao je jugoslavistiku na Filozofskom fakultetu i od 1994. godine radi kao profesor hrvatskog jezika u XVIII. gimnaziji.<\/p>\n\n\n\n<p>Pri\u010de objavljuje u \u010dasopisima i novinama od 1987. godine. Prvu knjigu pri\u010da, Mi\u0161olovka Walta Disneya, objavio je 1996. godine u Nakladi MD. Deset godina poslije dobio je za nju Nagradu Dekada. Za drugu knjigu pri\u010da, An\u0111eo u ofsajdu, objavljenu 2000. dobio je Nagradu Ksaver \u0160andor Gjalski i Nagradu Jutarnjeg lista za proznu knjigu godine. Prvi roman Smrt djevoj\u010dice sa \u017eigicama objavio je 2002. godine, a sljede\u0107e godine izlazi mu zbirka kolumni pod naslovom Otpusno pismo koje je pisao za tjednik Nacional. Roman Djeca Patrasa objavio je 2005. u biblioteci Premijera Jutarnjeg lista. \u0160est godina poslije, 2011., izlazi mu roman Kalendar Maja za koji je dobio nagradu Vladimira Nazora, Jutarnjeg lista, Grada Zagreba i pulskog sajma knjiga (Kiklop). Druga knjiga izabranih kolumni Apsurd je zarazna bolest iza\u0161la je 2012. godine. Tri godine poslije javlja se novim romanom Na osami blizu mora za koji je dobio Nagradu Fran Galovi\u0107. Nakon toga objavio je ilustriranu knjigu za djecu San ljetne no\u0107i, s ilustracijama Dominika Vukovi\u0107a, i dobio Nagradu Grigor Vitez. Godine 2018. izabran je za predsjednika Hrvatskog dru\u0161tva pisaca.<\/p>\n\n\n\n<p>Knjige su mu prevedene na desetak jezika. \u017divi u Zagrebu i redovito odr\u017eava radionice pisanja u Booksi i CeKaPe-u.<\/p>\n\n\n\n<hr class=\"wp-block-separator\"\/>\n\n\n\n<p>Izdava\u010d: V.B.Z. d.o.o<\/p>\n\n\n\n<p>Godina izdanja: 2020<\/p>\n\n\n\n<p>Broj stranica: 476<\/p>\n\n\n\n<hr class=\"wp-block-separator\"\/>\n\n\n\n<p>Izvor: \u00a0<a href=\"https:\/\/www.vbz.hr\/book\/putujuce-kazaliste-mu\/\">https:\/\/www.vbz.hr\/book\/putujuce-kazaliste-mu\/<\/a><\/p>\n\n\n\n<hr class=\"wp-block-separator\"\/>\n","protected":false},"excerpt":{"rendered":"","protected":false},"author":2,"featured_media":24927,"comment_status":"open","ping_status":"open","sticky":false,"template":"","format":"standard","meta":{"_acf_changed":false,"jetpack_post_was_ever_published":false,"_jetpack_newsletter_access":"","_jetpack_dont_email_post_to_subs":false,"_jetpack_newsletter_tier_id":0,"_jetpack_memberships_contains_paywalled_content":false,"_jetpack_memberships_contains_paid_content":false,"footnotes":"","jetpack_publicize_message":"","jetpack_publicize_feature_enabled":true,"jetpack_social_post_already_shared":true,"jetpack_social_options":{"image_generator_settings":{"template":"highway","default_image_id":0,"font":"","enabled":false},"version":2}},"categories":[3,12],"tags":[],"class_list":["post-24926","post","type-post","status-publish","format-standard","has-post-thumbnail","hentry","category-novosti","category-knjizevnost"],"acf":{"facebook_opis":""},"jetpack_publicize_connections":[],"jetpack_featured_media_url":"https:\/\/i0.wp.com\/historiografija.hr\/wp-content\/uploads\/2021\/02\/Feric.png?fit=379%2C564&ssl=1","jetpack_sharing_enabled":true,"jetpack-related-posts":[],"_links":{"self":[{"href":"https:\/\/historiografija.hr\/index.php?rest_route=\/wp\/v2\/posts\/24926","targetHints":{"allow":["GET"]}}],"collection":[{"href":"https:\/\/historiografija.hr\/index.php?rest_route=\/wp\/v2\/posts"}],"about":[{"href":"https:\/\/historiografija.hr\/index.php?rest_route=\/wp\/v2\/types\/post"}],"author":[{"embeddable":true,"href":"https:\/\/historiografija.hr\/index.php?rest_route=\/wp\/v2\/users\/2"}],"replies":[{"embeddable":true,"href":"https:\/\/historiografija.hr\/index.php?rest_route=%2Fwp%2Fv2%2Fcomments&post=24926"}],"version-history":[{"count":1,"href":"https:\/\/historiografija.hr\/index.php?rest_route=\/wp\/v2\/posts\/24926\/revisions"}],"predecessor-version":[{"id":24928,"href":"https:\/\/historiografija.hr\/index.php?rest_route=\/wp\/v2\/posts\/24926\/revisions\/24928"}],"wp:featuredmedia":[{"embeddable":true,"href":"https:\/\/historiografija.hr\/index.php?rest_route=\/wp\/v2\/media\/24927"}],"wp:attachment":[{"href":"https:\/\/historiografija.hr\/index.php?rest_route=%2Fwp%2Fv2%2Fmedia&parent=24926"}],"wp:term":[{"taxonomy":"category","embeddable":true,"href":"https:\/\/historiografija.hr\/index.php?rest_route=%2Fwp%2Fv2%2Fcategories&post=24926"},{"taxonomy":"post_tag","embeddable":true,"href":"https:\/\/historiografija.hr\/index.php?rest_route=%2Fwp%2Fv2%2Ftags&post=24926"}],"curies":[{"name":"wp","href":"https:\/\/api.w.org\/{rel}","templated":true}]}}