{"id":24920,"date":"2021-02-05T09:35:45","date_gmt":"2021-02-05T09:35:45","guid":{"rendered":"http:\/\/historiografija.hr\/?p=24920"},"modified":"2021-02-08T21:32:29","modified_gmt":"2021-02-08T21:32:29","slug":"okrugli-stol-prikazivanje-dokumentarnog-filma-i-specijalni-magazin-vecernjeg-lista-o-hrvatskom-proljecu","status":"publish","type":"post","link":"https:\/\/historiografija.hr\/?p=24920","title":{"rendered":"Okrugli stol, prikazivanje dokumentarnog filma i specijalni magazin \u201cVe\u010dernjeg lista\u201d o Hrvatskom prolje\u0107u"},"content":{"rendered":"\n<p><strong>Pratite od 18 sati: 50 godina od sloma Hrvatskog prolje\u0107a, pokreta koji je uzdrmao ustroj SFRJ<\/strong><\/p>\n\n\n\n<p><em>Tome va\u017enom razdoblju suvremene hrvatske povijesti Ve\u010dernji list posve\u0107uje specijalni magazin na 156 stranica, koji \u0107e se na kioscima pojaviti 7. velja\u010de 2021. godine, te okrugli stol koji \u0107e se odr\u017eati danas u televizijskom studiju Ve\u010dernjeg lista od 18 sati<\/em><\/p>\n\n\n\n<p>Ove godine navr\u0161ava se 50 godina od sloma Hrvatskog prolje\u0107a, reformskog pokreta koji je uzdrmao dotada\u0161nji politi\u010dki i gospodarski ustroj Jugoslavije te navijestio stvaranje samostalne Hrvatske. Rije\u010d je o masovnom narodnom pokretu koji se po\u010deo razvijati u drugoj polovici 1960-ih godina na poticaj reformskog vodstva Saveza komunista Hrvatske, a u kojem se tra\u017eilo ravnopravan polo\u017eaj Hrvatske i Hrvata u jugoslavenskoj federaciji.<\/p>\n\n\n\n<p>U u\u017eem smislu pokret je trajao od Desete sjednice Centralnog komiteta SKH u sije\u010dnju 1970. pa sve do sloma na sjednici Predsjedni\u0161tva Centralnog komiteta Saveza komunista Jugoslavije odr\u017eanoj u Kara\u0111or\u0111evu od 1. do 2. prosinca 1971. godine. Nakon te sjednice, nazvane \u201esje\u010dom Hrvatske\u201c, nastupilo je razdoblje \u201ehrvatske \u0161utnje\u201c koje \u0107e trajati sve do potkraj 1980-ih kad se ra\u0111a novi demokratski pokret koji \u0107e dovesti do hrvatskoga dr\u017eavnog osamostaljenja.<\/p>\n\n\n\n<p>Tome va\u017enom razdoblju suvremene hrvatske povijesti Ve\u010dernji list <strong>posve\u0107uje specijalni magazin na 156 stranica<\/strong>, koji \u0107e se na kioscima pojaviti 7. velja\u010de 2021. godine, te okrugli stol koji \u0107e se odr\u017eati u televizijskom studiju Ve\u010dernjeg lista, a na kojem \u0107e sudjelovati Ivan Zvonimir \u010ci\u010dak, istaknuti prolje\u0107ar i jedan od vo\u0111a studentskoga pokreta, te trojica povjesni\u010dara: <strong>\u017deljko Kru\u0161elj sa Sveu\u010dili\u0161ta Sjever, Josip Mihaljevi\u0107 iz Hrvatskog instituta za povijest i Hrvoje Klasi\u0107 s Filozofskog fakulteta Sveu\u010dili\u0161ta u Zagrebu<\/strong>.<\/p>\n\n\n\n<p>Kakav je bio polo\u017eaj Hrvatske u Jugoslaviji, tko je pokrenuo Hrvatsko prolje\u0107e i za\u0161to, \u0161to se doga\u0111alo u vrijeme masovnoga narodnog pokreta, jesu li zahtjevi hrvatskih prolje\u0107ara bili preradikalni, kakva je bila uloga studenata, Matice hrvatske, Katoli\u010dke crkve, za\u0161to je komunisti\u010dki re\u017eim pokrenuo partijske \u010distke i su\u0111enja, tko je i koliko robijao zbog Hrvatskog prolje\u0107a, za\u0161to pokret nije uspio&#8230; \u2013 <strong>samo su neka od pitanja na koja \u0107e odgovoriti sudionici okrugloga stola<\/strong>.<\/p>\n\n\n\n<p>Moderator je izvr\u0161ni urednik Ve\u010dernjeg lista <strong>\u017darko Ivkovi\u0107<\/strong>.<\/p>\n\n\n\n<p>Okrugli stol mo\u017eete gledati na Ve\u010dernjakovim digitalnim platformama <strong>u petak 5. velja\u010de od 18 sati.<\/strong><br><br>Izvor: <a href=\"https:\/\/www.vecernji.hr\/vijesti\/50-godina-od-sloma-hrvatskog-proljeca-reformskog-pokreta-koji-je-uzdrmao-dotadasnji-ustroj-jugoslavije-1466084\">https:\/\/www.vecernji.hr\/vijesti\/50-godina-od-sloma-hrvatskog-proljeca-reformskog-pokreta-koji-je-uzdrmao-dotadasnji-ustroj-jugoslavije-1466084<\/a><\/p>\n\n\n\n<hr class=\"wp-block-separator\"\/>\n\n\n\n<p><a href=\"https:\/\/www.vecernji.hr\/vijesti\/pratite-okrugli-stol-jesu-li-proljecari-izgubili-a-pobijedio-onaj-koji-je-bio-najmanje-proljecar-1466695\">https:\/\/www.vecernji.hr\/vijesti\/pratite-okrugli-stol-jesu-li-proljecari-izgubili-a-pobijedio-onaj-koji-je-bio-najmanje-proljecar-1466695<\/a><\/p>\n\n\n\n<hr class=\"wp-block-separator\"\/>\n\n\n\n<p><strong>Ve\u010dernji u nedjelju prikazuje sjajan dokumentarac o studentskom \u0161trajku tijekom Hrvatskog prolje\u0107a<\/strong><\/p>\n\n\n\n<p>Hrvatskom prolje\u0107u Ve\u010dernji list posve\u0107uje specijalni magazin na 156 stranica, koji \u0107e se na kioscima pojaviti u nedjelju, 7. velja\u010de, te okrugli stol koji \u0107e se odr\u017eati u televizijskom studiju Ve\u010dernjeg lista danas od 18 sati.<\/p>\n\n\n\n<p>Jedan od najboljih i najuzbudljivijih dokumenata zagreba\u010dkoga studentskog \u0161trajka 1971. godine dokumentarni je film Branka Ivande \u201c<strong>Poezija i revolucija<\/strong>\u201d, koji je premijerno predstavljen tek 2001. godine, u koprodukciji Filmskog autorskog studija (FAS) i zagreba\u010dke udruge Factum. Nastao je na temelju materijala koje je tijekom \u0161trajka snimila grupa studenata predvo\u0111ena Ivandom i Zoranom Tadi\u0107em, a koji su bili bunkerirani punih 25 godina!<\/p>\n\n\n\n<p>Spomenuti dokumentarni film mo\u0107i \u0107ete pogledati <strong>na na\u0161em portalu u nedjelju, 7. velja\u010de, u 18 sati<\/strong>.<br><br>Izvor i dodatne informacije:<\/p>\n\n\n\n<p><a href=\"https:\/\/www.vecernji.hr\/vijesti\/vecernji-u-nedjelju-objavljuje-sjajan-dokumentarac-o-studenskom-strajku-tijekom-hrvatskog-proljeca-1466338\">https:\/\/www.vecernji.hr\/vijesti\/vecernji-u-nedjelju-objavljuje-sjajan-dokumentarac-o-studenskom-strajku-tijekom-hrvatskog-proljeca-1466338<\/a><\/p>\n\n\n\n<hr class=\"wp-block-separator\"\/>\n\n\n\n<p><strong>Prvi korak prema hrvatskoj samostalnosti \u2013 je li se mogla izbje\u0107i \u201esje\u010da\u201c Hrvatske u Kara\u0111or\u0111evu<\/strong><\/p>\n\n\n\n<p>Od nedjelje 7. velja\u010de u prodaji prona\u0111ite specijalni magazin Ve\u010dernjeg lista \u2013 Hrvatsko prolje\u0107e. Prvi \u010dasopis o narodnom pokretu koji je navijestio slobodnu Hrvatsku<\/p>\n\n\n\n<p>Izvor i dodatne informacije:<\/p>\n\n\n\n<p><a href=\"https:\/\/www.vecernji.hr\/vijesti\/prvi-korak-prema-hrvatskoj-samostalnosti-je-li-se-mogla-izbjeci-sjeca-hrvatske-u-karadordevu-1466415\">https:\/\/www.vecernji.hr\/vijesti\/prvi-korak-prema-hrvatskoj-samostalnosti-je-li-se-mogla-izbjeci-sjeca-hrvatske-u-karadordevu-1466415<\/a><\/p>\n\n\n\n<hr class=\"wp-block-separator\"\/>\n","protected":false},"excerpt":{"rendered":"","protected":false},"author":2,"featured_media":24921,"comment_status":"open","ping_status":"open","sticky":false,"template":"","format":"standard","meta":{"_acf_changed":false,"jetpack_post_was_ever_published":false,"_jetpack_newsletter_access":"","_jetpack_dont_email_post_to_subs":false,"_jetpack_newsletter_tier_id":0,"_jetpack_memberships_contains_paywalled_content":false,"_jetpack_memberships_contains_paid_content":false,"footnotes":"","jetpack_publicize_message":"","jetpack_publicize_feature_enabled":true,"jetpack_social_post_already_shared":true,"jetpack_social_options":{"image_generator_settings":{"template":"highway","default_image_id":0,"font":"","enabled":false},"version":2}},"categories":[13,3],"tags":[],"class_list":["post-24920","post","type-post","status-publish","format-standard","has-post-thumbnail","hentry","category-filmovi-i-serije","category-novosti"],"acf":{"facebook_opis":""},"jetpack_publicize_connections":[],"jetpack_featured_media_url":"https:\/\/i0.wp.com\/historiografija.hr\/wp-content\/uploads\/2021\/02\/Proljece.jpeg?fit=1514%2C1080&ssl=1","jetpack_sharing_enabled":true,"jetpack-related-posts":[],"_links":{"self":[{"href":"https:\/\/historiografija.hr\/index.php?rest_route=\/wp\/v2\/posts\/24920","targetHints":{"allow":["GET"]}}],"collection":[{"href":"https:\/\/historiografija.hr\/index.php?rest_route=\/wp\/v2\/posts"}],"about":[{"href":"https:\/\/historiografija.hr\/index.php?rest_route=\/wp\/v2\/types\/post"}],"author":[{"embeddable":true,"href":"https:\/\/historiografija.hr\/index.php?rest_route=\/wp\/v2\/users\/2"}],"replies":[{"embeddable":true,"href":"https:\/\/historiografija.hr\/index.php?rest_route=%2Fwp%2Fv2%2Fcomments&post=24920"}],"version-history":[{"count":2,"href":"https:\/\/historiografija.hr\/index.php?rest_route=\/wp\/v2\/posts\/24920\/revisions"}],"predecessor-version":[{"id":24959,"href":"https:\/\/historiografija.hr\/index.php?rest_route=\/wp\/v2\/posts\/24920\/revisions\/24959"}],"wp:featuredmedia":[{"embeddable":true,"href":"https:\/\/historiografija.hr\/index.php?rest_route=\/wp\/v2\/media\/24921"}],"wp:attachment":[{"href":"https:\/\/historiografija.hr\/index.php?rest_route=%2Fwp%2Fv2%2Fmedia&parent=24920"}],"wp:term":[{"taxonomy":"category","embeddable":true,"href":"https:\/\/historiografija.hr\/index.php?rest_route=%2Fwp%2Fv2%2Fcategories&post=24920"},{"taxonomy":"post_tag","embeddable":true,"href":"https:\/\/historiografija.hr\/index.php?rest_route=%2Fwp%2Fv2%2Ftags&post=24920"}],"curies":[{"name":"wp","href":"https:\/\/api.w.org\/{rel}","templated":true}]}}