{"id":24917,"date":"2021-02-04T22:56:18","date_gmt":"2021-02-04T22:56:18","guid":{"rendered":"http:\/\/historiografija.hr\/?p=24917"},"modified":"2021-02-04T22:56:18","modified_gmt":"2021-02-04T22:56:18","slug":"hrt-prikazuje-banovic-strahinja","status":"publish","type":"post","link":"https:\/\/historiografija.hr\/?p=24917","title":{"rendered":"HRT prikazuje: Banovi\u0107 Strahinja"},"content":{"rendered":"\n<p>U petak, 5. velja\u010de 2021. u 22 sata na Tre\u0107em programu HTV-a bit \u0107e prikazana pseudopovijesna hrvatska drama Vatroslava Mimice \u2013 Banovi\u0107 Strahinja.<\/p>\n\n\n\n<p>Radnja se doga\u0111a u jesen 1388., uo\u010di Kosovske bitke, kada uz ju\u017enu granicu Srpskoga carstva haraju bande plja\u010dka\u0161a. Na posjed Banovi\u0107a Strahinje dolazi uhoda Abdulah preru\u0161en u prosjaka. Sutradan, u odsutnosti Strahinje, u potrazi za zlatom posjed napadne turski razbojnik Alija sa svojom grupom te siluju i ubijaju podanike, a Strahinjinu lijepu \u017eenu An\u0111u odvedu. Kada se Strahinja vrati u opusto\u0161en dom i ne na\u0111e voljenu An\u0111u, ve\u0107 samo haljinu, pohita u Tazbinu k njezinu ocu, knezu Bogdanu, po pomo\u0107. No knez Bogdan umjesto pomo\u0107i ponudi Strahinji svoju najmla\u0111u k\u0107er. Razo\u010daran i odlu\u010dan da vrati svoju An\u0111u, Strahinja kre\u0107e u potragu&#8230;<br><br>Posljednji igrani film jednog od najistaknutijih hrvatskih redatelja,<strong> Vatroslava Mimice<\/strong> (1923. &#8211; 2020.), Banovi\u0107 Strahinja (1981.), pseudopovijesna je drama, a u sredi\u0161tu je njezina zbivanja velika ljubav prema \u017eeni.<br><br>Drama je snimljena prema motivima srpske narodne pjesme na temelju koje je srpski filmski redatelj Aleksandar Petrovi\u0107 napisao scenarij. Iako povijesnog \u017eanra, filmska je pri\u010da zapravo koncentrirana na Strahinjinoj velikoj ljubavi prema An\u0111i, koja se u ono doba juna\u0161tva smatrala slabo\u0161\u0107u i nedoli\u010dnom.\u00a0<br><br>U hrvatskoj drami glume <strong>Franco Nero, Dragan Nikoli\u0107, Sanja Vejnovi\u0107, Rade \u0160erbed\u017eija, Gert Fr\u00f6be, Kole Angelovski, Stole Aran\u0111elovi\u0107 <\/strong>i drugi.<br><br>Izvrsna kostimografija i scenografija te glazba za koju je <strong>Alfi Kabiljo <\/strong>nagra\u0111en Zlatnom arenom na Pulskom filmskom festivalu nimalo ne zaostaju za tako\u0111er odli\u010dnim gluma\u010dkim izvedbama <strong>Dragana Nikoli\u0107a <\/strong>u ulozi Alije za koju je tako\u0111er dobio Zlatnu arenu, <strong>Sanje Vejnovi\u0107 <\/strong>u ulozi An\u0111e te popularnoga talijanskoga glumca <strong>Franca Nera <\/strong>u ulozi Banovi\u0107a Strahinje.\u00a0<\/p>\n\n\n\n<hr class=\"wp-block-separator\"\/>\n\n\n\n<p>Izvori:<\/p>\n\n\n\n<p><a href=\"https:\/\/hrtprikazuje.hrt.hr\/filmovi\/banovic-strahinja-281704\">https:\/\/hrtprikazuje.hrt.hr\/filmovi\/banovic-strahinja-281704<\/a><\/p>\n\n\n\n<p><a href=\"https:\/\/raspored.hrt.hr\/\">https:\/\/raspored.hrt.hr\/<\/a><\/p>\n\n\n\n<hr class=\"wp-block-separator\"\/>\n","protected":false},"excerpt":{"rendered":"","protected":false},"author":2,"featured_media":24918,"comment_status":"open","ping_status":"open","sticky":false,"template":"","format":"standard","meta":{"_acf_changed":false,"jetpack_post_was_ever_published":false,"_jetpack_newsletter_access":"","_jetpack_dont_email_post_to_subs":false,"_jetpack_newsletter_tier_id":0,"_jetpack_memberships_contains_paywalled_content":false,"_jetpack_memberships_contains_paid_content":false,"footnotes":"","jetpack_publicize_message":"","jetpack_publicize_feature_enabled":true,"jetpack_social_post_already_shared":true,"jetpack_social_options":{"image_generator_settings":{"template":"highway","default_image_id":0,"font":"","enabled":false},"version":2}},"categories":[13,3],"tags":[],"class_list":["post-24917","post","type-post","status-publish","format-standard","has-post-thumbnail","hentry","category-filmovi-i-serije","category-novosti"],"acf":{"facebook_opis":""},"jetpack_publicize_connections":[],"jetpack_featured_media_url":"https:\/\/i0.wp.com\/historiografija.hr\/wp-content\/uploads\/2021\/02\/banovic-strahinja.jpg?fit=756%2C458&ssl=1","jetpack_sharing_enabled":true,"jetpack-related-posts":[],"_links":{"self":[{"href":"https:\/\/historiografija.hr\/index.php?rest_route=\/wp\/v2\/posts\/24917","targetHints":{"allow":["GET"]}}],"collection":[{"href":"https:\/\/historiografija.hr\/index.php?rest_route=\/wp\/v2\/posts"}],"about":[{"href":"https:\/\/historiografija.hr\/index.php?rest_route=\/wp\/v2\/types\/post"}],"author":[{"embeddable":true,"href":"https:\/\/historiografija.hr\/index.php?rest_route=\/wp\/v2\/users\/2"}],"replies":[{"embeddable":true,"href":"https:\/\/historiografija.hr\/index.php?rest_route=%2Fwp%2Fv2%2Fcomments&post=24917"}],"version-history":[{"count":1,"href":"https:\/\/historiografija.hr\/index.php?rest_route=\/wp\/v2\/posts\/24917\/revisions"}],"predecessor-version":[{"id":24919,"href":"https:\/\/historiografija.hr\/index.php?rest_route=\/wp\/v2\/posts\/24917\/revisions\/24919"}],"wp:featuredmedia":[{"embeddable":true,"href":"https:\/\/historiografija.hr\/index.php?rest_route=\/wp\/v2\/media\/24918"}],"wp:attachment":[{"href":"https:\/\/historiografija.hr\/index.php?rest_route=%2Fwp%2Fv2%2Fmedia&parent=24917"}],"wp:term":[{"taxonomy":"category","embeddable":true,"href":"https:\/\/historiografija.hr\/index.php?rest_route=%2Fwp%2Fv2%2Fcategories&post=24917"},{"taxonomy":"post_tag","embeddable":true,"href":"https:\/\/historiografija.hr\/index.php?rest_route=%2Fwp%2Fv2%2Ftags&post=24917"}],"curies":[{"name":"wp","href":"https:\/\/api.w.org\/{rel}","templated":true}]}}