{"id":24901,"date":"2021-02-04T22:02:57","date_gmt":"2021-02-04T22:02:57","guid":{"rendered":"http:\/\/historiografija.hr\/?p=24901"},"modified":"2021-02-04T22:03:31","modified_gmt":"2021-02-04T22:03:31","slug":"lada-stevanovic-antika-i-mit-preispitivanje-dominantnih-tokova-recepcije-antike","status":"publish","type":"post","link":"https:\/\/historiografija.hr\/?p=24901","title":{"rendered":"Lada Stevanovi\u0107, \u201eAntika i mi(t). Preispitivanje dominantnih tokova recepcije antike\u201d"},"content":{"rendered":"\n<p>Iako nas od gr\u010dke i rimske pro\u0161losti razdvajaju epohe i vekovi, antika je i danas na vi\u0161e na\u010dina prisutna. Knjiga \u201eAntika i mi(t)\u201c bavi se susretima sa anti\u010dkom kulturom, mitovima i odgovaraju\u0107im narativima koji se tematizuju u razli\u010ditim \u017eivotnim sferama \u2013 na tr\u017ei\u0161tu, u svakodnevici, ogla\u0161avanju, sportu, knji\u017eevnosti, stripu, teoriji i filozofiji. Istra\u017eiva\u010dka perspektiva kombinacija je studija recepcije antike i antropologije anti\u010dkih svetova.<\/p>\n\n\n\n<hr class=\"wp-block-separator\"\/>\n\n\n\n<p>Ova knjiga predstavlja jedno od mogu\u0107ih putovanja kroz lavirint brojnih primera recepcije antike, otkrivaju\u0107i nam da su savremena i popularna vi\u0111enja antike \u010de\u0161\u0107e posledica predstava o ovoj epohi, nego \u0161to uistinu odra\u017eavaju anti\u010dke vrednosti. Sli\u010dno je bilo i u pro\u0161losti, naro\u010dito po\u010dev od renesanse, kada se antika koristila, a katkada i zloupotrebljavala, u skladu sa potrebama onih koji su se njom inspirisali i preoblikovali je \u2013 u umetnosti \u010desto kreativnije i inventivnije, u ideologijama s vi\u0161e krutosti i funkcionalnosti.<\/p>\n\n\n\n<hr class=\"wp-block-separator\"\/>\n\n\n\n<p><br>Kakvi su savremeni susreti sa antikom? Na \u010demu po\u010diva autoritet ove epohe? \u0160ta je kolonizacija pro\u0161losti? Studija nas upoznaje sa dominantnim tokovima recepcije antike i sa idejama o ovoj epohi koje su bile postojane i sna\u017ene, preispituju\u0107i ih ne samo istra\u017eiva\u010dkim argumentima, ve\u0107 i kroz novije primere recepcije. Poslednje poglavlje nudi preokrenutu perspektivu i iz antropolo\u0161ke vizure pru\u017ea primer kontinuiteta fenomena koji sa antikom ve\u0107ina ljudi ne bi povezala, a to je crni humor.<\/p>\n\n\n\n<hr class=\"wp-block-separator\"\/>\n\n\n\n<p>Lada Stevanovi\u0107 je ro\u0111ena u Zagrebu 1974. godine. Odrasla je i \u0161kolovala se u Beogradu gde je diplomirala na grupi za klasi\u010dne nauke (Filozofski fakultet), a doktorirala je u Ljubljani na smeru za antropologiju anti\u010dkih svetova (Institutum Studiorum Humanitatis). Zaposlena je kao vi\u0161a nau\u010dna saradnica u Etnografskom institutu SANU. U toku 2009. godine boravila je na Univerzitetu u Edinburgu gde je u Institutu za napredne studije u humanistici (Institute for Advanced Studies in the Humanities) radila postdoktorski projekat \u201eAncient Drama in Contemporary Film, Theatre and Literature\u201c. Bavi se recepcijom antike, antropolo\u0161kim istra\u017eivanjima iz istorijske perspektive, ali i savremenim temama. Posebno je zanima polo\u017eaj \u017eena kao i prostori \u017eenskog delovanja kroz istoriju patrijarhata na Balkanu. Objavila je knjigu \u201eLaughing at the Funeral: Gender and Anthropology in the Greek Funerary rites.\u201c<\/p>\n\n\n\n<hr class=\"wp-block-separator\"\/>\n\n\n\n<p>Izvor: <a href=\"http:\/\/karposbooks.rs\/shop\/panelinion\/antika-i-mi\/\">http:\/\/karposbooks.rs\/shop\/panelinion\/antika-i-mi\/<\/a><\/p>\n\n\n\n<hr class=\"wp-block-separator\"\/>\n","protected":false},"excerpt":{"rendered":"","protected":false},"author":2,"featured_media":24902,"comment_status":"open","ping_status":"open","sticky":false,"template":"","format":"standard","meta":{"_acf_changed":false,"jetpack_post_was_ever_published":false,"_jetpack_newsletter_access":"","_jetpack_dont_email_post_to_subs":false,"_jetpack_newsletter_tier_id":0,"_jetpack_memberships_contains_paywalled_content":false,"_jetpack_memberships_contains_paid_content":false,"footnotes":"","jetpack_publicize_message":"","jetpack_publicize_feature_enabled":true,"jetpack_social_post_already_shared":true,"jetpack_social_options":{"image_generator_settings":{"template":"highway","default_image_id":0,"font":"","enabled":false},"version":2}},"categories":[8,3],"tags":[],"class_list":["post-24901","post","type-post","status-publish","format-standard","has-post-thumbnail","hentry","category-knjige","category-novosti"],"acf":{"facebook_opis":""},"jetpack_publicize_connections":[],"jetpack_featured_media_url":"https:\/\/i0.wp.com\/historiografija.hr\/wp-content\/uploads\/2021\/02\/Antika-i-mit.gif?fit=325%2C512&ssl=1","jetpack_sharing_enabled":true,"jetpack-related-posts":[],"_links":{"self":[{"href":"https:\/\/historiografija.hr\/index.php?rest_route=\/wp\/v2\/posts\/24901","targetHints":{"allow":["GET"]}}],"collection":[{"href":"https:\/\/historiografija.hr\/index.php?rest_route=\/wp\/v2\/posts"}],"about":[{"href":"https:\/\/historiografija.hr\/index.php?rest_route=\/wp\/v2\/types\/post"}],"author":[{"embeddable":true,"href":"https:\/\/historiografija.hr\/index.php?rest_route=\/wp\/v2\/users\/2"}],"replies":[{"embeddable":true,"href":"https:\/\/historiografija.hr\/index.php?rest_route=%2Fwp%2Fv2%2Fcomments&post=24901"}],"version-history":[{"count":2,"href":"https:\/\/historiografija.hr\/index.php?rest_route=\/wp\/v2\/posts\/24901\/revisions"}],"predecessor-version":[{"id":24904,"href":"https:\/\/historiografija.hr\/index.php?rest_route=\/wp\/v2\/posts\/24901\/revisions\/24904"}],"wp:featuredmedia":[{"embeddable":true,"href":"https:\/\/historiografija.hr\/index.php?rest_route=\/wp\/v2\/media\/24902"}],"wp:attachment":[{"href":"https:\/\/historiografija.hr\/index.php?rest_route=%2Fwp%2Fv2%2Fmedia&parent=24901"}],"wp:term":[{"taxonomy":"category","embeddable":true,"href":"https:\/\/historiografija.hr\/index.php?rest_route=%2Fwp%2Fv2%2Fcategories&post=24901"},{"taxonomy":"post_tag","embeddable":true,"href":"https:\/\/historiografija.hr\/index.php?rest_route=%2Fwp%2Fv2%2Ftags&post=24901"}],"curies":[{"name":"wp","href":"https:\/\/api.w.org\/{rel}","templated":true}]}}