{"id":24896,"date":"2021-02-04T21:58:16","date_gmt":"2021-02-04T21:58:16","guid":{"rendered":"http:\/\/historiografija.hr\/?p=24896"},"modified":"2021-02-04T21:59:09","modified_gmt":"2021-02-04T21:59:09","slug":"jun-v-ideng-istorija-rima-i-uspon-i-pad-republike","status":"publish","type":"post","link":"https:\/\/historiografija.hr\/?p=24896","title":{"rendered":"Jun V. Ideng, \u201cIstorija Rima I. Uspon i pad republike\u201d"},"content":{"rendered":"\n<p>Izdava\u010dka ku\u0107a KARPOS<\/p>\n\n\n\n<hr class=\"wp-block-separator\"\/>\n\n\n\n<p><strong>S norve\u0161kog prevela:<\/strong> Jelena Loma<br><strong>Broj strana:<\/strong> 350<br><strong>Izdanje sadr\u017ei tri indeksa<br>19 karata i preko 50 fotografija<\/strong><br><strong>Godina izdanja:<\/strong> 2020.<\/p>\n\n\n\n<hr class=\"wp-block-separator\"\/>\n\n\n\n<p>SADR\u017dAJ<\/p>\n\n\n\n<p>PRELUDIJ<\/p>\n\n\n\n<p>1. KO SU BILI RIMLjANI I ODAKLE SU POTEKLI?<br>Eneja i poreklo Rimljana<br>Evandar i Herkul<br>Romul, Rem i osnivanje grada<br>Anti\u010dka mitologija i mitovi o osnivanju Rima<br>Od bronzanog do gvozdenog doba, od palate do grada-dr\u017eave<br>Rani Rim, me\u0111u gradovima, narodima i jezicima<br>Etrurci<\/p>\n\n\n\n<p>2. MITSKO DOBA KRALjEVA<br>Ab urbe condita \u2013 od osnivanja grada<br>Vladavina Tarkvinij\u00e2<br>Istorijsko jezgro?<br>Pad monarhije<\/p>\n\n\n\n<p>3. DOBA RANE REPUBLIKE \u2013 RIM I NjEGOVI SUSEDI<br>Brut i prve godine republike<br>Rimska imena i era<br>Etrurski poglavica Lars Porsena i Tarkviniji<br>Tarkvinijev pad i uvo\u0111enje republike \u2013 mitologija ili istorija?<br>Latini, Ekvi i Volsci<br>Koriolan \u2013 gordost i predrasuda<br>Borba za Lacij u 5. veku<br>Ratovi protiv Veja i tradicija trijumfa<br>Gali plja\u010dkaju Rim<\/p>\n\n\n\n<p>4. STALE\u0160KA BORBA \u2013 SUKOB PATRICIJA I PLEBEJACA<br>Patriciji<br>Plebejci<br>Poreklo borbe stale\u017ea i prva secesija plebejaca<br>Zakoni dvanaest tablica i druga secesija plebejaca<br>Dalji tok stale\u0161ke borbe<br>Porodica i brak<br>Sve\u0161teni\u010dke slu\u017ebe i nadzor nad religijom<br>U\u010destvovanje u politi\u010dkom odlu\u010divanju<br>Izmenjeno dru\u0161tvo i nova stale\u0161ka podela<\/p>\n\n\n\n<p>5. RIM OVLADAVA ITALIJOM (350\u2013264)<br>Latinski savez i ure\u0111enje iz 338.<br>Ratovi protiv Samnita (343\u2013290)<br>Vojska menja karakter<br>Tarent i Pir<\/p>\n\n\n\n<p>6. RIM I KARTAGINA \u2013 PUNSKI RATOVI<br>Kartagina \u2013 sedi\u0161te severnoafri\u010dkih Feni\u010dana<br>Prvi punski rat (264\u2013241)<br>Novi prekomorski posedi i organizovanje provincija<br>Problemi na severu i na istoku \u2013 Gali i Iliri<br>Drugi punski rat (218\u2013201) \u2013 rat protiv Hanibala<br>Ratna sre\u0107a se okre\u0107e<br>Scipion na \u010delu \u2013 rat se preme\u0161ta u Afriku<br>Osvajanje zapadnog Sredozemlja i Tre\u0107i punski rat (149\u2013146)<\/p>\n\n\n\n<p>7. RIM POSTAJE GOSPODAR HELENISTI\u010cKOG ISTOKA<br>Gr\u010dki svet i helenizam<br>Ratovi protiv Makedonije i kraljevine Seleukida<br>Rimski imperijalizam i militarizam<\/p>\n\n\n\n<p>8. POLITIKA I NAROD U RIMSKOJ REPUBLICI<br>Dr\u017eavno ure\u0111enje?<br>Gra\u0111ansko pravo, rod i odnosi<br>Narod, skup\u0161tine i pravo glasa<br>Magistrati<br>Rimske slu\u017ebe u republici<br>Senat<br>Sve\u0161teni\u010dke slu\u017ebe<br>Rimska republika \u2013 oligarhija ili demokratija?<\/p>\n\n\n\n<p>9. POSLEDICA OSVAJANjA \u2013 VELIKE PROMENE U DRU\u0160TVU<br>Procvat knji\u017eevnosti i pisana kultura<br>Vreme i kalendar<br>Religija i kult<br>Kovani novac i monetarna ekonomija<br>Agrarna kriza i iseljavanje iz sela?<\/p>\n\n\n\n<p>10. POPULARI I POLITI\u010cKI SUKOB \u2013 RIM OD 150. DO 100. P. N. E.<br>Imperijalna politika<br>Tiberije Grah \u2013 nasilje dolazi u grad Rim<br>Gaj Grah \u2013 pro\u0161iren reformski program<br>Obra\u010dun sa Jugurtom \u2013 Marije uzima komandu<br>Kimbri i Teutonci \u2013 invazija vojski sa severa<br>Marijeva vojna reforma<br>Nere\u0161eni dru\u0161tveni problemi<\/p>\n\n\n\n<p>11. UNUTRA\u0160NjI IZAZOVI REPUBLICI \u2013 100\u201360. P. N. E.<br>Gra\u0111ansko pravo i Savezni\u010dki rat (91\u201388)<br>Sula, Marije i borba za Rim<br>Sulina diktatura i republika<br>Spartakov ustanak (73\u201371) \u2013 Rimljani i robovlasni\u0161tvo<br>Mitridat Pontski \u2013 ljuti neprijatelj Rima<br>Pompej Veliki \u2013 ve\u0107i i od republike?<\/p>\n\n\n\n<p>12. PRVI TRIJUMVIRAT I CEZAROVO OSVAJANjE GALIJE<br>Katilinina zavera<br>\u010cekaju\u0107i Pompeja<br>Cezar stupa na pozornicu \u2013 prvi trijumvirat<br>Cezarov pohod u Galiju<br>Trijumvirat \u2013 obnova i propadanje<br>Vercingetoriksov ustanak i Cezarovo kona\u010dno osvajanje Galije<\/p>\n\n\n\n<p>13. GRA\u0110ANSKI RAT (49\u201346) I CEZAROVA SMRT<br>Preko Rubikona u gra\u0111anski rat<br>Egipat i Cezarova ljubavna veza sa Kleopatrom<br>Cezar kao diktator<br>Martovske ide \u2013 Cezarovo ubistvo<\/p>\n\n\n\n<p>14. DRUGI TRIJUMVIRAT I KONA\u010cNI PAD REPUBLIKE<br>Ciceron i poslednji poku\u0161aj da se spase republika<br>Drugi trijumvirat i obra\u010dun sa republikancima<br>Trijumviri dele dr\u017eavu i odmeravaju snage<br>Oktavijanov put do samovla\u0161\u0107a<\/p>\n\n\n\n<p>15. OSVRT NA RIMSKU REPUBLIKU<\/p>\n\n\n\n<p>Napomene<\/p>\n\n\n\n<p>Izvori i novija istra\u017eivanja<\/p>\n\n\n\n<p>Indeks li\u010dnosti<br>Indeks mesta i naroda<br>Indeks pojmova<\/p>\n\n\n\n<hr class=\"wp-block-separator\"\/>\n\n\n\n<p>Izvor:<\/p>\n\n\n\n<figure class=\"wp-block-embed-wordpress wp-block-embed is-type-wp-embed is-provider-karpos\"><div class=\"wp-block-embed__wrapper\">\n<blockquote class=\"wp-embedded-content\" data-secret=\"rz7PVkrhit\"><a href=\"http:\/\/karposbooks.rs\/shop\/panelinion\/istorija-rima-i-uspon-i-pad-republike-jun-v-ideng\/\">ISTORIJA RIMA I Uspon i pad republike Jun V. Ideng<\/a><\/blockquote><iframe loading=\"lazy\" class=\"wp-embedded-content\" sandbox=\"allow-scripts\" security=\"restricted\" style=\"position: absolute; clip: rect(1px, 1px, 1px, 1px);\" title=\"&#132;ISTORIJA RIMA I &lt;br&gt;Uspon i pad republike &lt;br&gt;Jun V. Ideng&#147; \u2014 Karpos\" src=\"http:\/\/karposbooks.rs\/shop\/panelinion\/istorija-rima-i-uspon-i-pad-republike-jun-v-ideng\/embed\/#?secret=rz7PVkrhit\" data-secret=\"rz7PVkrhit\" width=\"600\" height=\"338\" frameborder=\"0\" marginwidth=\"0\" marginheight=\"0\" scrolling=\"no\"><\/iframe>\n<\/div><\/figure>\n\n\n\n<hr class=\"wp-block-separator\"\/>\n","protected":false},"excerpt":{"rendered":"","protected":false},"author":2,"featured_media":24897,"comment_status":"open","ping_status":"open","sticky":false,"template":"","format":"standard","meta":{"_acf_changed":false,"jetpack_post_was_ever_published":false,"_jetpack_newsletter_access":"","_jetpack_dont_email_post_to_subs":false,"_jetpack_newsletter_tier_id":0,"_jetpack_memberships_contains_paywalled_content":false,"_jetpack_memberships_contains_paid_content":false,"footnotes":"","jetpack_publicize_message":"","jetpack_publicize_feature_enabled":true,"jetpack_social_post_already_shared":true,"jetpack_social_options":{"image_generator_settings":{"template":"highway","default_image_id":0,"font":"","enabled":false},"version":2}},"categories":[8,3],"tags":[],"class_list":["post-24896","post","type-post","status-publish","format-standard","has-post-thumbnail","hentry","category-knjige","category-novosti"],"acf":{"facebook_opis":""},"jetpack_publicize_connections":[],"jetpack_featured_media_url":"https:\/\/i0.wp.com\/historiografija.hr\/wp-content\/uploads\/2021\/02\/rim.jpg?fit=200%2C281&ssl=1","jetpack_sharing_enabled":true,"jetpack-related-posts":[{"id":52692,"url":"https:\/\/historiografija.hr\/?p=52692","url_meta":{"origin":24896,"position":0},"title":"Florian Bieber \u201eHvar in the Modern Age: Identity and Change in Southeast Europe\u201c","author":"Filip \u0160imunjak","date":"28. travnja 2026.","format":false,"excerpt":"Description\u00a0 In this open-access book, Florian Bieber traces the history of the Adriatic island of Hvar over half a millennium, from the advent of Venetian rule in the 15th century to the end of Yugoslavia in the late 20th century. The history of Hvar tells a larger story about modernity,\u2026","rel":"","context":"U &quot;Knjige&quot;","block_context":{"text":"Knjige","link":"https:\/\/historiografija.hr\/?cat=8"},"img":{"alt_text":"","src":"https:\/\/i0.wp.com\/historiografija.hr\/wp-content\/uploads\/2026\/04\/Florian-Bieber-Hvar-in-the-Modern-Age-Identity-and-Change-in-Southeast-Europe.webp?fit=540%2C810&ssl=1&resize=350%2C200","width":350,"height":200,"srcset":"https:\/\/i0.wp.com\/historiografija.hr\/wp-content\/uploads\/2026\/04\/Florian-Bieber-Hvar-in-the-Modern-Age-Identity-and-Change-in-Southeast-Europe.webp?fit=540%2C810&ssl=1&resize=350%2C200 1x, https:\/\/i0.wp.com\/historiografija.hr\/wp-content\/uploads\/2026\/04\/Florian-Bieber-Hvar-in-the-Modern-Age-Identity-and-Change-in-Southeast-Europe.webp?fit=540%2C810&ssl=1&resize=525%2C300 1.5x"},"classes":[]},{"id":52646,"url":"https:\/\/historiografija.hr\/?p=52646","url_meta":{"origin":24896,"position":1},"title":"5. MALI FESTIVAL POVIJESTI U LASTOVU","author":"Branimir Jankovi\u0107","date":"24. travnja 2026.","format":false,"excerpt":"Peti Mali festival povijesti odr\u017eava se od 25. do 27. travnja 2026. na Lastovu, u suradnji Zavoda za povijesne znanosti HAZU u Dubrovniku, Op\u0107ine Lastovo i Turisti\u010dke zajednice te uz potporu Dubrova\u010dko-neretvanske \u017eupanije. Predavanja: Dr. sc. Jasna \u010capo \u201eKu\u0107a kao zalog budu\u0107nosti i most izme\u0111u iseljenika i domovine\u201c Dr. sc.\u2026","rel":"","context":"U &quot;Novosti&quot;","block_context":{"text":"Novosti","link":"https:\/\/historiografija.hr\/?cat=3"},"img":{"alt_text":"","src":"https:\/\/i0.wp.com\/historiografija.hr\/wp-content\/uploads\/2026\/04\/Lastovo.jpg?fit=1200%2C700&ssl=1&resize=350%2C200","width":350,"height":200,"srcset":"https:\/\/i0.wp.com\/historiografija.hr\/wp-content\/uploads\/2026\/04\/Lastovo.jpg?fit=1200%2C700&ssl=1&resize=350%2C200 1x, https:\/\/i0.wp.com\/historiografija.hr\/wp-content\/uploads\/2026\/04\/Lastovo.jpg?fit=1200%2C700&ssl=1&resize=525%2C300 1.5x, https:\/\/i0.wp.com\/historiografija.hr\/wp-content\/uploads\/2026\/04\/Lastovo.jpg?fit=1200%2C700&ssl=1&resize=700%2C400 2x, https:\/\/i0.wp.com\/historiografija.hr\/wp-content\/uploads\/2026\/04\/Lastovo.jpg?fit=1200%2C700&ssl=1&resize=1050%2C600 3x"},"classes":[]},{"id":52552,"url":"https:\/\/historiografija.hr\/?p=52552","url_meta":{"origin":24896,"position":2},"title":"Besplatni glazbeni antikvarijat","author":"Branimir Jankovi\u0107","date":"20. travnja 2026.","format":false,"excerpt":"Muzi\u010dka akademija Sveu\u010dili\u0161ta u Zagrebu 23. travnja 2026. od 10 do 17 sati Pozivamo Vas na Besplatni glazbeni antikvarijat, koji u sklopu manifestacije No\u0107 knjige 2026. organizira Hrvatska udruga muzi\u010dkih knji\u017enica, arhiva i dokumentacijskih centara (HUMKAD). Antikvarijat \u0107e se odr\u017eati na Svjetski dan knjige \u2013 u \u010detvrtak 23. travnja 2026.\u2026","rel":"","context":"U &quot;Novosti&quot;","block_context":{"text":"Novosti","link":"https:\/\/historiografija.hr\/?cat=3"},"img":{"alt_text":"","src":"https:\/\/i0.wp.com\/historiografija.hr\/wp-content\/uploads\/2026\/04\/Besplatni-glazbeni-antikvarijat-23.-4.-2026.jpg?fit=1200%2C848&ssl=1&resize=350%2C200","width":350,"height":200,"srcset":"https:\/\/i0.wp.com\/historiografija.hr\/wp-content\/uploads\/2026\/04\/Besplatni-glazbeni-antikvarijat-23.-4.-2026.jpg?fit=1200%2C848&ssl=1&resize=350%2C200 1x, https:\/\/i0.wp.com\/historiografija.hr\/wp-content\/uploads\/2026\/04\/Besplatni-glazbeni-antikvarijat-23.-4.-2026.jpg?fit=1200%2C848&ssl=1&resize=525%2C300 1.5x, https:\/\/i0.wp.com\/historiografija.hr\/wp-content\/uploads\/2026\/04\/Besplatni-glazbeni-antikvarijat-23.-4.-2026.jpg?fit=1200%2C848&ssl=1&resize=700%2C400 2x, https:\/\/i0.wp.com\/historiografija.hr\/wp-content\/uploads\/2026\/04\/Besplatni-glazbeni-antikvarijat-23.-4.-2026.jpg?fit=1200%2C848&ssl=1&resize=1050%2C600 3x"},"classes":[]},{"id":52543,"url":"https:\/\/historiografija.hr\/?p=52543","url_meta":{"origin":24896,"position":3},"title":"Znanstveno-stru\u010dni skup \u201eOto\u010dne pu\u010dke pobo\u017enosti: kontinuiteti i transformacije\u201c","author":"Branimir Jankovi\u0107","date":"20. travnja 2026.","format":false,"excerpt":"Najavljujemo\u00a0znanstveno-stru\u010dni skup \u201eOto\u010dne pu\u010dke pobo\u017enosti: kontinuiteti i transformacije\u201c,\u00a0koji \u0107e se odr\u017eati\u00a0u Rabu od 24. do 26. travnja 2026.,\u00a0u organizaciji i uz potporu\u00a0Instituta za etnologiju i folkloristiku, Zagreb, \u00a0Grada Raba, Pu\u010dkog otvorenog u\u010dili\u0161ta Rab i Centra za istra\u017eivanje srednjovjekovne ba\u0161tine Jadrana RIMAH. Skup okuplja vode\u0107e doma\u0107e stru\u010dnjake koji \u0107e kroz niz\u2026","rel":"","context":"U &quot;Novosti&quot;","block_context":{"text":"Novosti","link":"https:\/\/historiografija.hr\/?cat=3"},"img":{"alt_text":"","src":"https:\/\/i0.wp.com\/historiografija.hr\/wp-content\/uploads\/2026\/04\/Skup_Rab.jpg?fit=848%2C1200&ssl=1&resize=350%2C200","width":350,"height":200,"srcset":"https:\/\/i0.wp.com\/historiografija.hr\/wp-content\/uploads\/2026\/04\/Skup_Rab.jpg?fit=848%2C1200&ssl=1&resize=350%2C200 1x, https:\/\/i0.wp.com\/historiografija.hr\/wp-content\/uploads\/2026\/04\/Skup_Rab.jpg?fit=848%2C1200&ssl=1&resize=525%2C300 1.5x, https:\/\/i0.wp.com\/historiografija.hr\/wp-content\/uploads\/2026\/04\/Skup_Rab.jpg?fit=848%2C1200&ssl=1&resize=700%2C400 2x"},"classes":[]},{"id":52628,"url":"https:\/\/historiografija.hr\/?p=52628","url_meta":{"origin":24896,"position":4},"title":"Predavanje dopisnog \u010dlana HAZU Alaina Finkielkrauta Izrael, Europa, antisemitizam","author":"Branimir Jankovi\u0107","date":"23. travnja 2026.","format":false,"excerpt":"Francuski filozof Alain Finkielkraut, redoviti \u010dlan Francuske akademije i dopisni \u010dlan HAZU, odr\u017eat \u0107e predavanje\u00a0Izrael, Europa, antisemitizam u utorak 28. travnja 2026. u 13 sati u Knji\u017enici HAZU,\u00a0Strossmayerov trg 14 u Zagrebu. Uvodne rije\u010di odr\u017eat \u0107e\u00a0akademkinja \u017deljka \u010corak i\u00a0akademik Dra\u017een Katunari\u0107. Predavanje \u0107e se odr\u017eati na francuskom jeziku uz konsekutivno\u2026","rel":"","context":"U &quot;Novosti&quot;","block_context":{"text":"Novosti","link":"https:\/\/historiografija.hr\/?cat=3"},"img":{"alt_text":"","src":"https:\/\/i0.wp.com\/historiografija.hr\/wp-content\/uploads\/2026\/04\/Alain_Finkielkraut.jpg?fit=350%2C407&ssl=1&resize=350%2C200","width":350,"height":200},"classes":[]},{"id":52633,"url":"https:\/\/historiografija.hr\/?p=52633","url_meta":{"origin":24896,"position":5},"title":"POVIJEST TRE\u0160NJEVA\u010cKE GLAZBE: prikupljanje virtualnog fundusa Muzeja susjedstva Tre\u0161njevka","author":"Branimir Jankovi\u0107","date":"23. travnja 2026.","format":false,"excerpt":"utorak 28. 4. 2026. 14 - 18 h Nova BAZA, Nova cesta 66, Zagreb Prvi su dani ljeta 1957. godine. Bo\u017eica Kalafati\u0107 poha\u0111a drugi razred Osnovne \u0161kole Bratstvo i jedinstvo, danas kralja Tomislava, a ide i na muzi\u010dke satove u Mo\u0161\u0107eni\u010dkoj ulici. Na fotografiji s harmonikom u rukama stoji u\u2026","rel":"","context":"U &quot;Novosti&quot;","block_context":{"text":"Novosti","link":"https:\/\/historiografija.hr\/?cat=3"},"img":{"alt_text":"","src":"https:\/\/i0.wp.com\/historiografija.hr\/wp-content\/uploads\/2026\/04\/MST_prikupljanje.jpg?fit=380%2C475&ssl=1&resize=350%2C200","width":350,"height":200},"classes":[]}],"_links":{"self":[{"href":"https:\/\/historiografija.hr\/index.php?rest_route=\/wp\/v2\/posts\/24896","targetHints":{"allow":["GET"]}}],"collection":[{"href":"https:\/\/historiografija.hr\/index.php?rest_route=\/wp\/v2\/posts"}],"about":[{"href":"https:\/\/historiografija.hr\/index.php?rest_route=\/wp\/v2\/types\/post"}],"author":[{"embeddable":true,"href":"https:\/\/historiografija.hr\/index.php?rest_route=\/wp\/v2\/users\/2"}],"replies":[{"embeddable":true,"href":"https:\/\/historiografija.hr\/index.php?rest_route=%2Fwp%2Fv2%2Fcomments&post=24896"}],"version-history":[{"count":3,"href":"https:\/\/historiografija.hr\/index.php?rest_route=\/wp\/v2\/posts\/24896\/revisions"}],"predecessor-version":[{"id":24900,"href":"https:\/\/historiografija.hr\/index.php?rest_route=\/wp\/v2\/posts\/24896\/revisions\/24900"}],"wp:featuredmedia":[{"embeddable":true,"href":"https:\/\/historiografija.hr\/index.php?rest_route=\/wp\/v2\/media\/24897"}],"wp:attachment":[{"href":"https:\/\/historiografija.hr\/index.php?rest_route=%2Fwp%2Fv2%2Fmedia&parent=24896"}],"wp:term":[{"taxonomy":"category","embeddable":true,"href":"https:\/\/historiografija.hr\/index.php?rest_route=%2Fwp%2Fv2%2Fcategories&post=24896"},{"taxonomy":"post_tag","embeddable":true,"href":"https:\/\/historiografija.hr\/index.php?rest_route=%2Fwp%2Fv2%2Ftags&post=24896"}],"curies":[{"name":"wp","href":"https:\/\/api.w.org\/{rel}","templated":true}]}}