{"id":24888,"date":"2021-02-03T22:11:20","date_gmt":"2021-02-03T22:11:20","guid":{"rendered":"http:\/\/historiografija.hr\/?p=24888"},"modified":"2021-02-03T22:11:20","modified_gmt":"2021-02-03T22:11:20","slug":"josip-jagodar-hrvatsko-poljske-veze-u-prvoj-polovici-i-sredinom-20-stoljeca","status":"publish","type":"post","link":"https:\/\/historiografija.hr\/?p=24888","title":{"rendered":"Josip Jagodar, \u201cHrvatsko-poljske veze u prvoj polovici i sredinom 20. stolje\u0107a\u201d"},"content":{"rendered":"\n<p>Hrvati koji su tijekom prve polovice i sredinom 20. stolje\u0107a \u017eivjeli ili posje\u0107ivali Poljsku pisali su o doga\u0111ajima u tada\u0161nje dvije dr\u017eave u svojim pismima, dopisnicama i razglednicama, a diplomatska izvje\u0161\u0107a i drugi dokumenti navode kakva je bila politi\u010dka, ekonomska i gospodarska situacija u Kraljevstvu Srba, Hrvata i Slovenaca \/ Kraljevini Jugoslaviji i Republici Poljskoj. Iz dokumenta i literature mo\u017ee se i\u0161\u010ditati da je u me\u0111uratnome razdoblju do\u0161lo do osnivanja poljsko-jugoslavenskih dru\u0161tava i drugih organizacija koje su povezivale Poljake i Hrvate. O svakome dru\u0161tvu sa\u010duvan je poneki zapis koji svjedo\u010di o aktivnostima i doga\u0111ajima koje su \u010dlanovi dru\u0161tava organizirali. Razli\u010dite organizacije (dru\u0161tva i lige) omogu\u0107avale su izmjenu mi\u0161ljenja i promociju hrvatske kulture, knji\u017eevnosti, jezika i ba\u0161tine na podru\u010dju Poljske. Mnogi su Hrvati posjetili Poljsku i bili gosti razli\u010ditih organizacija, stoga je njihov zna\u010daj neizmjerno va\u017ean. Najvi\u0161e je podataka sa\u010duvano o pojedincima koji su se u navedenome razdoblju posebno istaknuli: Julije Bene\u0161i\u0107, Miroslav Krle\u017ea, Ivo Andri\u0107 i Vilim Fran\u010di\u0107. Oni su sura\u0111ivali s Poljacima i imali poveznice s poljskom dr\u017eavom organizacijama koje su djelovale na podru\u010dju Poljske i tada\u0161njih hrvatskih krajeva. Oni su s Poljskom i Poljacima bili povezani privatno i poslovno pa je njihov zna\u010daj jo\u0161 i ve\u0107i.<\/p>\n\n\n\n<hr class=\"wp-block-separator\"\/>\n\n\n\n<ul class=\"wp-block-list\"><li>autor: Josip Jagodar<\/li><li>boja knji\u017enog bloka: crno-bijela<\/li><li>broj stranica: 316<\/li><li>broj fotografija: 53<\/li><li>dimenzije: 16 x 24 cm<\/li><li>uvez: meki<\/li><li>godina izdanja: 2021.<\/li><\/ul>\n\n\n\n<hr class=\"wp-block-separator\"\/>\n\n\n\n<p>Izvor: <a href=\"https:\/\/despot-infinitus.com\/proizvod\/hrvatsko-poljske-veze-u-prvoj-polovici-i-sredinom-20-stoljeca\/\">https:\/\/despot-infinitus.com\/proizvod\/hrvatsko-poljske-veze-u-prvoj-polovici-i-sredinom-20-stoljeca\/<\/a><\/p>\n\n\n\n<hr class=\"wp-block-separator\"\/>\n","protected":false},"excerpt":{"rendered":"","protected":false},"author":2,"featured_media":24889,"comment_status":"open","ping_status":"open","sticky":false,"template":"","format":"standard","meta":{"_acf_changed":false,"jetpack_post_was_ever_published":false,"_jetpack_newsletter_access":"","_jetpack_dont_email_post_to_subs":false,"_jetpack_newsletter_tier_id":0,"_jetpack_memberships_contains_paywalled_content":false,"_jetpack_memberships_contains_paid_content":false,"footnotes":"","jetpack_publicize_message":"","jetpack_publicize_feature_enabled":true,"jetpack_social_post_already_shared":true,"jetpack_social_options":{"image_generator_settings":{"template":"highway","default_image_id":0,"font":"","enabled":false},"version":2}},"categories":[8,3],"tags":[],"class_list":["post-24888","post","type-post","status-publish","format-standard","has-post-thumbnail","hentry","category-knjige","category-novosti"],"acf":{"facebook_opis":""},"jetpack_publicize_connections":[],"jetpack_featured_media_url":"https:\/\/i0.wp.com\/historiografija.hr\/wp-content\/uploads\/2021\/02\/HRVATSKO-POLJSKE-VEZE.png?fit=960%2C960&ssl=1","jetpack_sharing_enabled":true,"jetpack-related-posts":[],"_links":{"self":[{"href":"https:\/\/historiografija.hr\/index.php?rest_route=\/wp\/v2\/posts\/24888","targetHints":{"allow":["GET"]}}],"collection":[{"href":"https:\/\/historiografija.hr\/index.php?rest_route=\/wp\/v2\/posts"}],"about":[{"href":"https:\/\/historiografija.hr\/index.php?rest_route=\/wp\/v2\/types\/post"}],"author":[{"embeddable":true,"href":"https:\/\/historiografija.hr\/index.php?rest_route=\/wp\/v2\/users\/2"}],"replies":[{"embeddable":true,"href":"https:\/\/historiografija.hr\/index.php?rest_route=%2Fwp%2Fv2%2Fcomments&post=24888"}],"version-history":[{"count":1,"href":"https:\/\/historiografija.hr\/index.php?rest_route=\/wp\/v2\/posts\/24888\/revisions"}],"predecessor-version":[{"id":24890,"href":"https:\/\/historiografija.hr\/index.php?rest_route=\/wp\/v2\/posts\/24888\/revisions\/24890"}],"wp:featuredmedia":[{"embeddable":true,"href":"https:\/\/historiografija.hr\/index.php?rest_route=\/wp\/v2\/media\/24889"}],"wp:attachment":[{"href":"https:\/\/historiografija.hr\/index.php?rest_route=%2Fwp%2Fv2%2Fmedia&parent=24888"}],"wp:term":[{"taxonomy":"category","embeddable":true,"href":"https:\/\/historiografija.hr\/index.php?rest_route=%2Fwp%2Fv2%2Fcategories&post=24888"},{"taxonomy":"post_tag","embeddable":true,"href":"https:\/\/historiografija.hr\/index.php?rest_route=%2Fwp%2Fv2%2Ftags&post=24888"}],"curies":[{"name":"wp","href":"https:\/\/api.w.org\/{rel}","templated":true}]}}