{"id":24884,"date":"2021-02-03T22:02:08","date_gmt":"2021-02-03T22:02:08","guid":{"rendered":"http:\/\/historiografija.hr\/?p=24884"},"modified":"2021-02-03T22:07:52","modified_gmt":"2021-02-03T22:07:52","slug":"na-polju-diplomatije-i-politike-na-stotu-godisnjicu-uspostavljanja-diplomatskih-odnosa-izmedu-poljske-i-jugoslavije","status":"publish","type":"post","link":"https:\/\/historiografija.hr\/?p=24884","title":{"rendered":"W kr\u0119gu dyplomacji i polityki w 100-lecie nawi\u0105zania stosunk\u00f3w dyplomatycznych mi\u0119dzy Polsk\u0105 i Jugos\u0142awi\u0105"},"content":{"rendered":"\n<p>Na polju diplomatije i politike. Na stotu godi\u0161njicu uspostavljanja diplomatskih odnosa izme\u0111u Poljske i Jugoslavije. Urednici: Bojan Dimitrijevi\u0107, Pavel Vavri\u0161uk, And\u017eej Za\u0107minjski.<\/p>\n\n\n\n<hr class=\"wp-block-separator\"\/>\n\n\n\n<p>W kr\u0119gu dyplomacji i polityki w 100-lecie nawi\u0105zania stosunk\u00f3w dyplomatycznych mi\u0119dzy Polsk\u0105 i Jugos\u0142awi\u0105<\/p>\n\n\n\n<p>Bojan Dimitrijevi\u0107, Pawe\u0142 Wawryszuk, Andrzej Za\u0107mi\u0144ski (red.)<\/p>\n\n\n\n<p>Bydgoszcz 2020<\/p>\n\n\n\n<p>ISBN 978-83-8018-328-5<\/p>\n\n\n\n<p>s. 448, oprawa twarda<\/p>\n\n\n\n<p>\u015arodowisko historyk\u00f3w i politolog\u00f3w <em>Uniwersytetu Kazimierza Wielkiego<\/em> oraz historyk\u00f3w <em>Institutu za savremenu istoriju w Belgradzie<\/em> od kilku lat jest zaanga\u017cowane w studia nad panoram\u0105 stosunk\u00f3w polsko-jugos\u0142owia\u0144skich w XX wieku. Tom jest kontynuacj\u0105 konsekwentnie prowadzonej pracy badawczej i mi\u0119dzynarodowej wsp\u00f3\u0142pracy zespo\u0142owej. W ksi\u0105\u017cce znale\u017a\u0107 mo\u017cna du\u017c\u0105 palet\u0119 tekst\u00f3w o tematyce politycznej, historycznej, ekonomicznej, prawnej, dotycz\u0105cych kultury i symboliki. Kompozycja tomu jest przejrzysta i podzielona na sp\u00f3jne bloki tematyczne. Wpisuje si\u0119 w dotychczasow\u0105 wsp\u00f3\u0142prac\u0119 obu zespo\u0142\u00f3w i przedstawia przegl\u0105d stosunk\u00f3w polko-jugos\u0142owia\u0144skich w szerokiej perspektywie chronologicznej i tematycznej.<\/p>\n\n\n\n<hr class=\"wp-block-separator\"\/>\n\n\n\n<p>Izvori:<\/p>\n\n\n\n<p><a href=\"https:\/\/wydawnictwo.ukw.edu.pl\/sklep\/2020\/w-kregu-dyplomacji-i-polityki-w-100-lecie-nawiazania-stosunkow-dyplomatycznych-miedzy-polska-i-jugoslawia\/\">https:\/\/wydawnictwo.ukw.edu.pl\/sklep\/2020\/w-kregu-dyplomacji-i-polityki-w-100-lecie-nawiazania-stosunkow-dyplomatycznych-miedzy-polska-i-jugoslawia\/<\/a><\/p>\n\n\n\n<figure class=\"wp-block-embed-wordpress wp-block-embed is-type-wp-embed is-provider-institut-za-savremenu-istoriju\"><div class=\"wp-block-embed__wrapper\">\n<blockquote class=\"wp-embedded-content\" data-secret=\"u2V6jb5ASt\"><a href=\"https:\/\/isi.co.rs\/nova-izdanja\/\">NOVA IZDANJA<\/a><\/blockquote><iframe loading=\"lazy\" class=\"wp-embedded-content\" sandbox=\"allow-scripts\" security=\"restricted\" style=\"position: absolute; clip: rect(1px, 1px, 1px, 1px);\" title=\"&#132;NOVA IZDANJA&#147; &#8212; Institut za savremenu istoriju\" src=\"https:\/\/isi.co.rs\/nova-izdanja\/embed\/#?secret=u2V6jb5ASt\" data-secret=\"u2V6jb5ASt\" width=\"600\" height=\"338\" frameborder=\"0\" marginwidth=\"0\" marginheight=\"0\" scrolling=\"no\"><\/iframe>\n<\/div><\/figure>\n\n\n\n<hr class=\"wp-block-separator\"\/>\n","protected":false},"excerpt":{"rendered":"","protected":false},"author":2,"featured_media":24885,"comment_status":"open","ping_status":"open","sticky":false,"template":"","format":"standard","meta":{"_acf_changed":false,"jetpack_post_was_ever_published":false,"_jetpack_newsletter_access":"","_jetpack_dont_email_post_to_subs":false,"_jetpack_newsletter_tier_id":0,"_jetpack_memberships_contains_paywalled_content":false,"_jetpack_memberships_contains_paid_content":false,"footnotes":"","jetpack_publicize_message":"","jetpack_publicize_feature_enabled":true,"jetpack_social_post_already_shared":true,"jetpack_social_options":{"image_generator_settings":{"template":"highway","default_image_id":0,"font":"","enabled":false},"version":2}},"categories":[8,3],"tags":[],"class_list":["post-24884","post","type-post","status-publish","format-standard","has-post-thumbnail","hentry","category-knjige","category-novosti"],"acf":{"facebook_opis":""},"jetpack_publicize_connections":[],"jetpack_featured_media_url":"https:\/\/i0.wp.com\/historiografija.hr\/wp-content\/uploads\/2021\/02\/na-polju-diplomatije-i-politike.jpg?fit=175%2C250&ssl=1","jetpack_sharing_enabled":true,"jetpack-related-posts":[],"_links":{"self":[{"href":"https:\/\/historiografija.hr\/index.php?rest_route=\/wp\/v2\/posts\/24884","targetHints":{"allow":["GET"]}}],"collection":[{"href":"https:\/\/historiografija.hr\/index.php?rest_route=\/wp\/v2\/posts"}],"about":[{"href":"https:\/\/historiografija.hr\/index.php?rest_route=\/wp\/v2\/types\/post"}],"author":[{"embeddable":true,"href":"https:\/\/historiografija.hr\/index.php?rest_route=\/wp\/v2\/users\/2"}],"replies":[{"embeddable":true,"href":"https:\/\/historiografija.hr\/index.php?rest_route=%2Fwp%2Fv2%2Fcomments&post=24884"}],"version-history":[{"count":2,"href":"https:\/\/historiografija.hr\/index.php?rest_route=\/wp\/v2\/posts\/24884\/revisions"}],"predecessor-version":[{"id":24887,"href":"https:\/\/historiografija.hr\/index.php?rest_route=\/wp\/v2\/posts\/24884\/revisions\/24887"}],"wp:featuredmedia":[{"embeddable":true,"href":"https:\/\/historiografija.hr\/index.php?rest_route=\/wp\/v2\/media\/24885"}],"wp:attachment":[{"href":"https:\/\/historiografija.hr\/index.php?rest_route=%2Fwp%2Fv2%2Fmedia&parent=24884"}],"wp:term":[{"taxonomy":"category","embeddable":true,"href":"https:\/\/historiografija.hr\/index.php?rest_route=%2Fwp%2Fv2%2Fcategories&post=24884"},{"taxonomy":"post_tag","embeddable":true,"href":"https:\/\/historiografija.hr\/index.php?rest_route=%2Fwp%2Fv2%2Ftags&post=24884"}],"curies":[{"name":"wp","href":"https:\/\/api.w.org\/{rel}","templated":true}]}}