{"id":24877,"date":"2021-02-03T21:23:58","date_gmt":"2021-02-03T21:23:58","guid":{"rendered":"http:\/\/historiografija.hr\/?p=24877"},"modified":"2021-02-03T21:23:58","modified_gmt":"2021-02-03T21:23:58","slug":"david-orlovic-etiopski-rat-i-fasizam-u-istri-1935-1941","status":"publish","type":"post","link":"https:\/\/historiografija.hr\/?p=24877","title":{"rendered":"David Orlovi\u0107, \u201cEtiopski rat i fa\u0161izam u Istri 1935. \u2013 1941.\u201d"},"content":{"rendered":"\n<p>\u201eKlju\u010dni znanstveni doprinos ove monografije je osvjetljavanje jedne manje poznate povijesne teme. S obzirom na va\u017enost koju je za istarski prostor i stanovni\u0161tvo imalo razdoblje Etiopskoga rata i ja\u010danja fa\u0161isti\u010dke re\u017eimske propagande, \u010ditateljima je omogu\u0107en potpuniji uvid u predratne godine, a djelo predstavlja neupitnu dopunu postoje\u0107oj literaturi.\u201c<\/p>\n\n\n\n<p>dr. sc. Mihovil Dabo<\/p>\n\n\n\n<hr class=\"wp-block-separator\"\/>\n\n\n\n<p>\u201eObjavljivanje ove monografije korespondira sa stotom obljetnicom pojave fa\u0161izma, koji je svoje prisustvo odrana \u2013 i to u svim svojim totalitarnim aspektima \u2013 obznanio i na podru\u010dju Istre. S obzirom da je jedan od tih aspekata i militarizam, ova knjiga bitno upotpunjuje povijesnu sliku o fa\u0161isti\u010dkom imperijalizmu, i to kroz prikaz slo\u017eenih utjecaja jedne od njegovih najrazgla\u0161enijih epizoda na istarske Hrvate i stanovni\u0161tvo Istre u cjelini. Kona\u010dno, kako knjiga otkriva i niz podataka o razli\u010ditim vidovima otpora fa\u0161isti\u010dkom imperijalizmu i militaristi\u010dkoj represiji, objavljivanje predstavlja i zna\u010dajan doprinos kulturi antifa\u0161izma i protukolonijalizma.<\/p>\n\n\n\n<p>dr. sc. Alen Tafra<\/p>\n\n\n\n<hr class=\"wp-block-separator\"\/>\n\n\n\n<ul class=\"wp-block-list\"><li>autor: David Orlovi\u0107<\/li><li>broj fotografija: 118<\/li><li>boja knji\u017enog bloka: crno-bijela<\/li><li>broj stranica: 202<\/li><li>format: 16 x 24 cm<\/li><li>uvez: meki<\/li><li>godina izdanja: 2020.<\/li><\/ul>\n\n\n\n<hr class=\"wp-block-separator\"\/>\n\n\n\n<p>Izvor: <a href=\"https:\/\/despot-infinitus.com\/proizvod\/etiopski-rat-i-fasizam-u-istri-1935-1941\/\">https:\/\/despot-infinitus.com\/proizvod\/etiopski-rat-i-fasizam-u-istri-1935-1941\/<\/a><\/p>\n\n\n\n<hr class=\"wp-block-separator\"\/>\n","protected":false},"excerpt":{"rendered":"","protected":false},"author":2,"featured_media":24878,"comment_status":"open","ping_status":"open","sticky":false,"template":"","format":"standard","meta":{"_acf_changed":false,"jetpack_post_was_ever_published":false,"_jetpack_newsletter_access":"","_jetpack_dont_email_post_to_subs":false,"_jetpack_newsletter_tier_id":0,"_jetpack_memberships_contains_paywalled_content":false,"_jetpack_memberships_contains_paid_content":false,"footnotes":"","jetpack_publicize_message":"","jetpack_publicize_feature_enabled":true,"jetpack_social_post_already_shared":true,"jetpack_social_options":{"image_generator_settings":{"template":"highway","default_image_id":0,"font":"","enabled":false},"version":2}},"categories":[8,3],"tags":[],"class_list":["post-24877","post","type-post","status-publish","format-standard","has-post-thumbnail","hentry","category-knjige","category-novosti"],"acf":{"facebook_opis":""},"jetpack_publicize_connections":[],"jetpack_featured_media_url":"https:\/\/i0.wp.com\/historiografija.hr\/wp-content\/uploads\/2021\/02\/etiopski-rat.png?fit=300%2C300&ssl=1","jetpack_sharing_enabled":true,"jetpack-related-posts":[],"_links":{"self":[{"href":"https:\/\/historiografija.hr\/index.php?rest_route=\/wp\/v2\/posts\/24877","targetHints":{"allow":["GET"]}}],"collection":[{"href":"https:\/\/historiografija.hr\/index.php?rest_route=\/wp\/v2\/posts"}],"about":[{"href":"https:\/\/historiografija.hr\/index.php?rest_route=\/wp\/v2\/types\/post"}],"author":[{"embeddable":true,"href":"https:\/\/historiografija.hr\/index.php?rest_route=\/wp\/v2\/users\/2"}],"replies":[{"embeddable":true,"href":"https:\/\/historiografija.hr\/index.php?rest_route=%2Fwp%2Fv2%2Fcomments&post=24877"}],"version-history":[{"count":1,"href":"https:\/\/historiografija.hr\/index.php?rest_route=\/wp\/v2\/posts\/24877\/revisions"}],"predecessor-version":[{"id":24879,"href":"https:\/\/historiografija.hr\/index.php?rest_route=\/wp\/v2\/posts\/24877\/revisions\/24879"}],"wp:featuredmedia":[{"embeddable":true,"href":"https:\/\/historiografija.hr\/index.php?rest_route=\/wp\/v2\/media\/24878"}],"wp:attachment":[{"href":"https:\/\/historiografija.hr\/index.php?rest_route=%2Fwp%2Fv2%2Fmedia&parent=24877"}],"wp:term":[{"taxonomy":"category","embeddable":true,"href":"https:\/\/historiografija.hr\/index.php?rest_route=%2Fwp%2Fv2%2Fcategories&post=24877"},{"taxonomy":"post_tag","embeddable":true,"href":"https:\/\/historiografija.hr\/index.php?rest_route=%2Fwp%2Fv2%2Ftags&post=24877"}],"curies":[{"name":"wp","href":"https:\/\/api.w.org\/{rel}","templated":true}]}}