{"id":24860,"date":"2021-02-01T22:30:54","date_gmt":"2021-02-01T22:30:54","guid":{"rendered":"http:\/\/historiografija.hr\/?p=24860"},"modified":"2021-02-01T22:30:54","modified_gmt":"2021-02-01T22:30:54","slug":"dictionnaire-international-bourdieu-sous-la-direction-de-gisele-sapiro","status":"publish","type":"post","link":"https:\/\/historiografija.hr\/?p=24860","title":{"rendered":"Dictionnaire international Bourdieu. Sous la direction de Gis\u00e8le Sapiro"},"content":{"rendered":"\n<p>Nearly 600 entries, a team of 126 authors from twenty countries and bringing together the best specialists on Pierre Bourdieu, sociologists, politicians, philosophers, historians, anthropologists, literary &#8230; By its collective, international and interdisciplinary dimension, this Dictionary renews in depth the state of knowledge on the most cited social science author in the world today.<br>Entries cover the concepts, research objects, methods, disciplines and intellectual currents with which Bourdieu has interacted, as well as his favorite authors and his relationships with his contemporaries, his works, the journals, editions, associations he founded, significant events such as the Algerian War, May 1968, the strikes of 1995, as well as the main countries in which his work was received (from Europe to China and Japan, via Latin America, the United States and the Arab world). Among other biographical aspects, Bourdieu\u2019s passion for rugby or his youthful aspiration to become a conductor, his relations with his teachers (Raymond Aron, Georges Canguilhem, Jules Vuillemin), the groups he created, not to mention his political commitments, which he conceived in the form of a &#8220;collective intellectual&#8221;, are also discussed. A form that this dictionary also embodies in its own way.<\/p>\n\n\n\n<hr class=\"wp-block-separator\"\/>\n\n\n\n<p>Pr\u00e8s de 600 notices, une \u00e9quipe de 126 auteurs venus de vingt pays et r\u00e9unissant les meilleurs sp\u00e9cialistes de Pierre Bourdieu, sociologues, politistes, philosophes, historiens, anthropologues, litt\u00e9raires\u2026 Par sa dimension collective, internationale et interdisciplinaire, ce Dictionnaire renouvelle en profondeur l\u2019\u00e9tat des savoirs sur l\u2019auteur de sciences sociales aujourd\u2019hui le plus cit\u00e9 au monde.<br>Les entr\u00e9es portent aussi bien sur les concepts, objets de recherche, m\u00e9thodes, disciplines et courants intellectuels avec lesquels Bourdieu a dialogu\u00e9, que sur ses auteurs de pr\u00e9dilection et ses rapports avec ses contemporains, ses ouvrages, les revues, \u00e9ditions, associations qu\u2019il a fond\u00e9es, les \u00e9v\u00e9nements marquants comme la guerre d\u2019Alg\u00e9rie, Mai 68, les gr\u00e8ves de 1995, ainsi que les principaux pays de r\u00e9ception de son travail (de l\u2019Europe \u00e0 la Chine et au Japon en passant par l\u2019Am\u00e9rique latine, les \u00c9tats-Unis et le monde arabe). S\u2019y trouvent \u00e9galement abord\u00e9s, entre autres aspects biographiques, la passion de Bourdieu pour le rugby ou son aspiration de jeunesse \u00e0 devenir chef d\u2019orchestre, ses relations avec ses professeurs (Raymond Aron, Georges Canguilhem, Jules Vuillemin), les groupes qu\u2019il a cr\u00e9\u00e9s, sans oublier ses engagements politiques, qu\u2019il concevait sous la forme d\u2019un \u00ab\u00a0intellectuel collectif\u00a0\u00bb. Forme que ce dictionnaire incarne aussi \u00e0 sa fa\u00e7on.<\/p>\n\n\n\n<hr class=\"wp-block-separator\"\/>\n\n\n\n<p>Discipline : Philosophie et histoire des id\u00e9es<\/p>\n\n\n\n<p>EAN : 9782271082039<\/p>\n\n\n\n<p>Collection : CNRS Dictionnaires<\/p>\n\n\n\n<p>Date de parution : 05\/11\/2020<\/p>\n\n\n\n<p>Pagination : 1000<\/p>\n\n\n\n<p>Format : 17 x 24 cm<\/p>\n\n\n\n<hr class=\"wp-block-separator\"\/>\n\n\n\n<p><a href=\"https:\/\/www.cnrseditions.fr\/catalogue\/philosophie-et-histoire-des-idees\/dictionnaire-international-bourdieu\/\">https:\/\/www.cnrseditions.fr\/catalogue\/philosophie-et-histoire-des-idees\/dictionnaire-international-bourdieu\/<\/a><\/p>\n\n\n\n<hr class=\"wp-block-separator\"\/>\n","protected":false},"excerpt":{"rendered":"","protected":false},"author":2,"featured_media":24861,"comment_status":"open","ping_status":"open","sticky":false,"template":"","format":"standard","meta":{"_acf_changed":false,"jetpack_post_was_ever_published":false,"_jetpack_newsletter_access":"","_jetpack_dont_email_post_to_subs":false,"_jetpack_newsletter_tier_id":0,"_jetpack_memberships_contains_paywalled_content":false,"_jetpack_memberships_contains_paid_content":false,"footnotes":"","jetpack_publicize_message":"","jetpack_publicize_feature_enabled":true,"jetpack_social_post_already_shared":true,"jetpack_social_options":{"image_generator_settings":{"template":"highway","default_image_id":0,"font":"","enabled":false},"version":2}},"categories":[8,3],"tags":[],"class_list":["post-24860","post","type-post","status-publish","format-standard","has-post-thumbnail","hentry","category-knjige","category-novosti"],"acf":{"facebook_opis":""},"jetpack_publicize_connections":[],"jetpack_featured_media_url":"https:\/\/i0.wp.com\/historiografija.hr\/wp-content\/uploads\/2021\/02\/Bourdieu.jpg?fit=600%2C853&ssl=1","jetpack_sharing_enabled":true,"jetpack-related-posts":[],"_links":{"self":[{"href":"https:\/\/historiografija.hr\/index.php?rest_route=\/wp\/v2\/posts\/24860","targetHints":{"allow":["GET"]}}],"collection":[{"href":"https:\/\/historiografija.hr\/index.php?rest_route=\/wp\/v2\/posts"}],"about":[{"href":"https:\/\/historiografija.hr\/index.php?rest_route=\/wp\/v2\/types\/post"}],"author":[{"embeddable":true,"href":"https:\/\/historiografija.hr\/index.php?rest_route=\/wp\/v2\/users\/2"}],"replies":[{"embeddable":true,"href":"https:\/\/historiografija.hr\/index.php?rest_route=%2Fwp%2Fv2%2Fcomments&post=24860"}],"version-history":[{"count":1,"href":"https:\/\/historiografija.hr\/index.php?rest_route=\/wp\/v2\/posts\/24860\/revisions"}],"predecessor-version":[{"id":24862,"href":"https:\/\/historiografija.hr\/index.php?rest_route=\/wp\/v2\/posts\/24860\/revisions\/24862"}],"wp:featuredmedia":[{"embeddable":true,"href":"https:\/\/historiografija.hr\/index.php?rest_route=\/wp\/v2\/media\/24861"}],"wp:attachment":[{"href":"https:\/\/historiografija.hr\/index.php?rest_route=%2Fwp%2Fv2%2Fmedia&parent=24860"}],"wp:term":[{"taxonomy":"category","embeddable":true,"href":"https:\/\/historiografija.hr\/index.php?rest_route=%2Fwp%2Fv2%2Fcategories&post=24860"},{"taxonomy":"post_tag","embeddable":true,"href":"https:\/\/historiografija.hr\/index.php?rest_route=%2Fwp%2Fv2%2Ftags&post=24860"}],"curies":[{"name":"wp","href":"https:\/\/api.w.org\/{rel}","templated":true}]}}