{"id":24854,"date":"2021-02-01T21:59:42","date_gmt":"2021-02-01T21:59:42","guid":{"rendered":"http:\/\/historiografija.hr\/?p=24854"},"modified":"2021-02-01T21:59:42","modified_gmt":"2021-02-01T21:59:42","slug":"zil-delez-po-cemu-se-prepoznaje-strukturalizam","status":"publish","type":"post","link":"https:\/\/historiografija.hr\/?p=24854","title":{"rendered":"\u017dil Delez, &#8220;Po \u010demu se prepoznaje strukturalizam?&#8221;"},"content":{"rendered":"\n<p>\u201eKao za\u010detak strukturalizma s pravom odre\u0111ujemo lingvistiku: ne samo Sosira, ve\u0107 i Moskovsku i Pra\u0161ku \u0161kolu. A ako se strukturalizam \u0161iri dalje na druge oblasti, tada vi\u0161e nije re\u010d o analogiji: to se ne doga\u0111a naprosto da bi se ustanovile metode \u201eekvivalentne\u201c onima koje su najpre uspele u analizi jezika. Uistinu ne postoji struktura koja nije jezik, makar to bio ezoteri\u010dni ili \u010dak neverbalni jezik. Struktura nesvesnog postoji samo utoliko \u0161to nesvesno govori, \u0161to je nesvesno jezik. Struktura tel\u00e2 postoji samo utoliko \u0161to tela, smatra se, govore jezikom simptoma. Same stvari imaju strukturu samo utoliko \u0161to vode bezglasni razgovor, i to jezikom znakova. Pitanje \u201e\u0161ta je strukturalizam?\u201c jo\u0161 vi\u0161e se transformi\u0161e \u2013 bilo bi bolje pitati: po \u010demu prepoznajemo one koje nazivamo strukturalistima? I \u0161ta je to \u0161to oni sami prepoznaju? \u0160ta rade oni, strukturalisti, kako bi u ne\u010demu prepoznali jezik svojstven nekoj oblasti? \u0160ta oni to pronalaze u toj oblasti? Sebi samima, dakle, predla\u017eemo da samo izdvojimo odre\u0111ene formalne kriterijume prepoznavanja, one najjednostavnije, pozivaju\u0107i se svaki put na primere navedenih autora, koliko god razli\u010diti bili njihovi radovi i projekti.\u201c<\/p>\n\n\n\n<p>\u017dil Delez<\/p>\n\n\n\n<p>\u201eU naj\u0161irem smislu re\u010di, strukturalizam nije poseban pokret, ve\u0107 pre istorijski difuzna tendencija odlu\u010duju\u0107a za nau\u010dne pomake kroz 20. vek. Uticao je na razvoj dru\u0161tvenih nauka uop\u0161te i bio je va\u017ean za razvoj mnogih posebnih disciplina: sociologije, lingvistike, antropologije, psihoanalize, filozofije, ekonomije, politi\u010dke teorije, \u010dak i matematike i biologije. U ovom \u0161irem kontekstu, strukturalizam se najpre mo\u017ee poistovetiti sa poku\u0161ajem da se u analizi socijalne raznolikosti ili slo\u017eenih sistema postigne nau\u010dna strogost, i uglavnom ima tendenciju da privileguje ceo sistem nasuprot pojedina\u010dnim elementima. Preciznije, bilo koju disciplinu koja cilja na matemati\u010dku formalizaciju odnosa koji postoje izme\u0111u pojedina\u010dnih elemenata koji formiraju sistem ili strukturu mogli bismo ozna\u010diti kao strukturalisti\u010dku disciplinu. [\u2026] Iako je \u010desto kontroverzan u na\u010dinu na koji stavlja u zagrade i individualno iskustvo i referencu na empirijski svet, strukturalizam je ipak bio jedan od najuticajnijih oblika mi\u0161ljenja u 20. veku.\u201c<\/p>\n\n\n\n<p>Ijan D\u017eejms<\/p>\n\n\n\n<hr class=\"wp-block-separator\"\/>\n\n\n\n<p>SADR\u017dAJ<\/p>\n\n\n\n<p>1. Po \u010demu se prepoznaje strukturalizam?<br>\u017dil Delez<br>2. Strukturalizam<br>Ijan D\u017eejms<br>3. Poststrukturalizam<br>Ijan D\u017eejms<\/p>\n\n\n\n<hr class=\"wp-block-separator\"\/>\n\n\n\n<p><strong>Prevod sa francuskog i engleskog:<\/strong> Milica Ra\u0161i\u0107<br><strong>Prevodi sa engleskog:<\/strong> Goran Bojovi\u0107<br><strong>Redakcija prevoda:<\/strong> Goran Bojovi\u0107<br><strong>Priredio:<\/strong> Dejan Ani\u010di\u0107<br><strong>Broj strana:<\/strong> 80<br><strong>Godina izdanja:<\/strong> 2020.<\/p>\n\n\n\n<hr class=\"wp-block-separator\"\/>\n\n\n\n<figure class=\"wp-block-embed-wordpress wp-block-embed is-type-wp-embed is-provider-karpos\"><div class=\"wp-block-embed__wrapper\">\n<blockquote class=\"wp-embedded-content\" data-secret=\"LjOzeLIaHJ\"><a href=\"http:\/\/karposbooks.rs\/shop\/novo\/po-cemu-se-prepoznaje-strukturalizam-zil-delez\/\">PO \u010cEMU SE PREPOZNAJE STRUKTURALIZAM? \u017dil Delez<\/a><\/blockquote><iframe loading=\"lazy\" class=\"wp-embedded-content\" sandbox=\"allow-scripts\" security=\"restricted\" style=\"position: absolute; clip: rect(1px, 1px, 1px, 1px);\" title=\"&#132;PO \u010cEMU SE PREPOZNAJE STRUKTURALIZAM? &lt;br&gt;\u017dil Delez&#147; \u2014 Karpos\" src=\"http:\/\/karposbooks.rs\/shop\/novo\/po-cemu-se-prepoznaje-strukturalizam-zil-delez\/embed\/#?secret=LjOzeLIaHJ\" data-secret=\"LjOzeLIaHJ\" width=\"600\" height=\"338\" frameborder=\"0\" marginwidth=\"0\" marginheight=\"0\" scrolling=\"no\"><\/iframe>\n<\/div><\/figure>\n\n\n\n<hr class=\"wp-block-separator\"\/>\n","protected":false},"excerpt":{"rendered":"","protected":false},"author":2,"featured_media":24855,"comment_status":"open","ping_status":"open","sticky":false,"template":"","format":"standard","meta":{"_acf_changed":false,"jetpack_post_was_ever_published":false,"_jetpack_newsletter_access":"","_jetpack_dont_email_post_to_subs":false,"_jetpack_newsletter_tier_id":0,"_jetpack_memberships_contains_paywalled_content":false,"_jetpack_memberships_contains_paid_content":false,"footnotes":"","jetpack_publicize_message":"","jetpack_publicize_feature_enabled":true,"jetpack_social_post_already_shared":true,"jetpack_social_options":{"image_generator_settings":{"template":"highway","default_image_id":0,"font":"","enabled":false},"version":2}},"categories":[8,3],"tags":[],"class_list":["post-24854","post","type-post","status-publish","format-standard","has-post-thumbnail","hentry","category-knjige","category-novosti"],"acf":{"facebook_opis":""},"jetpack_publicize_connections":[],"jetpack_featured_media_url":"https:\/\/i0.wp.com\/historiografija.hr\/wp-content\/uploads\/2021\/02\/Po-cemu-se-prepoznaje-strukturalizam.jpg?fit=1000%2C1538&ssl=1","jetpack_sharing_enabled":true,"jetpack-related-posts":[],"_links":{"self":[{"href":"https:\/\/historiografija.hr\/index.php?rest_route=\/wp\/v2\/posts\/24854","targetHints":{"allow":["GET"]}}],"collection":[{"href":"https:\/\/historiografija.hr\/index.php?rest_route=\/wp\/v2\/posts"}],"about":[{"href":"https:\/\/historiografija.hr\/index.php?rest_route=\/wp\/v2\/types\/post"}],"author":[{"embeddable":true,"href":"https:\/\/historiografija.hr\/index.php?rest_route=\/wp\/v2\/users\/2"}],"replies":[{"embeddable":true,"href":"https:\/\/historiografija.hr\/index.php?rest_route=%2Fwp%2Fv2%2Fcomments&post=24854"}],"version-history":[{"count":1,"href":"https:\/\/historiografija.hr\/index.php?rest_route=\/wp\/v2\/posts\/24854\/revisions"}],"predecessor-version":[{"id":24856,"href":"https:\/\/historiografija.hr\/index.php?rest_route=\/wp\/v2\/posts\/24854\/revisions\/24856"}],"wp:featuredmedia":[{"embeddable":true,"href":"https:\/\/historiografija.hr\/index.php?rest_route=\/wp\/v2\/media\/24855"}],"wp:attachment":[{"href":"https:\/\/historiografija.hr\/index.php?rest_route=%2Fwp%2Fv2%2Fmedia&parent=24854"}],"wp:term":[{"taxonomy":"category","embeddable":true,"href":"https:\/\/historiografija.hr\/index.php?rest_route=%2Fwp%2Fv2%2Fcategories&post=24854"},{"taxonomy":"post_tag","embeddable":true,"href":"https:\/\/historiografija.hr\/index.php?rest_route=%2Fwp%2Fv2%2Ftags&post=24854"}],"curies":[{"name":"wp","href":"https:\/\/api.w.org\/{rel}","templated":true}]}}