{"id":24851,"date":"2021-02-01T21:47:05","date_gmt":"2021-02-01T21:47:05","guid":{"rendered":"http:\/\/historiografija.hr\/?p=24851"},"modified":"2021-02-01T21:47:05","modified_gmt":"2021-02-01T21:47:05","slug":"ideas-on-the-move-in-the-social-sciences-and-humanities-the-international-circulation-of-paradigms-and-theorists","status":"publish","type":"post","link":"https:\/\/historiografija.hr\/?p=24851","title":{"rendered":"Ideas on the Move in the Social Sciences and Humanities: The International Circulation of Paradigms and Theorists"},"content":{"rendered":"\n<p>Editors: <strong>Sapiro<\/strong>, Gis\u00e8le, <strong>Santoro<\/strong>, Marco, <strong>Baert<\/strong>, Patrick (Eds.)<\/p>\n\n\n\n<ul class=\"wp-block-list\"><li>Offers an interdisciplinary overview of major intellectual developments in the social and human sciences from the mid-twentieth century onwards<\/li><li>Provides a comparative perspective that maps the dissemination and reception of paradigms, theories and controversies across a broad range of disciplinary and national contexts<\/li><li>Marks an important contribution to the emerging field of Socio-Historical Studies of the Social and Human Sciences<\/li><\/ul>\n\n\n\n<p>This edited collection analyses the reception of a selection of key thinkers, and the dissemination of paradigms, theories and controversies across the social sciences and humanities since 1945. It draws on data collected from textbooks, curricula, interviews, archives, and references in scientific journals, from a broad range of countries and disciplines to provide an international and comparative perspective that will shed fresh light on the circulation of ideas in the social and human sciences.&nbsp;<\/p>\n\n\n\n<p>The contributions cover high-profile disputes on methodology, epistemology, and research practices, and the international reception of theorists that have abiding and interdisciplinary relevance, such as: Antonio Gramsci, Hannah Arendt, Karl Polanyi, Pierre Bourdieu, Michel Foucault, Edward Said and Gayatri Spivak. This important work will be a valuable resource to scholars of the history of ideas and the philosophy of the social sciences; in addition to researchers in the fields of social, cultural and literary theory.<\/p>\n\n\n\n<hr class=\"wp-block-separator\"\/>\n\n\n\n<h4 class=\"wp-block-heading\">Table of contents<\/h4>\n\n\n\n<p>Introduction<\/p>\n\n\n\n<p>The International Circulation of Structuralism: Between Appropriations and Rejections<\/p>\n\n\n\n<p>The Reception of Structuralism in Argentina (1960s\u20131970s)<\/p>\n\n\n\n<p>A Case Study of the Reception of \u201cStructuralism\u201d in English Studies in the United Kingdom<\/p>\n\n\n\n<p>The Importation of the \u201cFrankfurt School\u201d (and \u201cCritical Theory\u201d) in France<\/p>\n\n\n\n<p>Crossing Disciplines Across Borders: How (British) Cultural Studies Have Been Imported (and Translated) in Italy, France, and German-Speaking Countries<\/p>\n\n\n\n<p>The Transnational Making of a Subdiscipline: The Biarritz Conference and the Institutionalization of \u201cPublic Economics\u201d<\/p>\n\n\n\n<p>Globalizing Gramsci: The Resuscitation of a Repressed Intellectual<\/p>\n\n\n\n<p>On the Edge of Disciplines: Reception of Karl Polanyi in France (1974\u20132014)<\/p>\n\n\n\n<p>The Troubled Legitimation of Hannah Arendt in the German and Italian Intellectual Field: 1962\u20132015<\/p>\n\n\n\n<p>From Social Theorist to Global Intellectual: The International Reception of Bourdieu\u2019s Work and Its Effect on the Author<\/p>\n\n\n\n<p>Foucault in Hungary: The Case of a Peculiar (Non-)Reception<\/p>\n\n\n\n<p>The Reception of a \u201cTraveling Theory\u201d: Edward Said\u2019s Citations in the French Academic Publishing Space<\/p>\n\n\n\n<p>Can the Subaltern Speak (in French)? Reception of Gayatri Spivak in France<\/p>\n\n\n\n<p>Correction to: Globalizing Gramsci: The Resuscitation of a Repressed Intellectual<\/p>\n\n\n\n<hr class=\"wp-block-separator\"\/>\n\n\n\n<p><strong>About the authors<\/strong><\/p>\n\n\n\n<p>Gis\u00e8le Sapiro is Professor of Sociology at the EHESS and Research Director at the CNRS, France.<\/p>\n\n\n\n<p>Marco Santoro is Professor of Sociology at the University of Bologna, Italy.<\/p>\n\n\n\n<p>Patrick Baert is Professor of Social Theory at the University of Cambridge, UK.<\/p>\n\n\n\n<hr class=\"wp-block-separator\"\/>\n\n\n\n<p><strong>Reviews<\/strong><\/p>\n\n\n\n<p>&nbsp;\u201cThe international travel of ideas gives them their distinctive shape as well as impact \u2013 and this very international examination of how ideas circulate both traces particular paths and cases and advances the project of understanding the international character of humanities and social science.\u201d \u2014 Craig Calhoun, Professor of Social Sciences at Arizona State University, USA<\/p>\n\n\n\n<p>\u201cTheories travel, but who sends them on their way, in which vehicles, under what flags? <em>Ideas on the Move <\/em>provides richly inspiring answers to these compelling questions. Its detailed maps of the mobility of cultural studies and critical theory, structuralism and public economics, and its dense accounts of authorial itineraries, from Arendt and Bourdieu to Said and Spivak, exemplify some of the most creative recent work in intellectual sociology and the social history of ideas.\u201d \u2014David Armitage, Professor of History at Harvard University, USA<\/p>\n\n\n\n<p><em>\u201cIdeas on the Move<\/em> demonstrates how some of the most influential contemporary theories and authors have been exported, transformed and used. In particular, it shows how these processes can be explained by integrating in a coherent, heuristic and transdisciplinary way hypotheses and tools elaborated by different traditions such as field theory, center-periphery framework, network analysis, comparative approach and transnational perspective.\u201d\u2014 Anna Boschetti, Professor of French Literature, University of Venice, Italy<\/p>\n\n\n\n<hr class=\"wp-block-separator\"\/>\n\n\n\n<p><strong>Publisher<\/strong><\/p>\n\n\n\n<p>Palgrave Macmillan<\/p>\n\n\n\n<p><strong>Copyright<\/strong><\/p>\n\n\n\n<p>2020<\/p>\n\n\n\n<p><strong>Number of Pages<\/strong><\/p>\n\n\n\n<p>XXVIII, 405<\/p>\n\n\n\n<p><a href=\"https:\/\/www.palgrave.com\/gp\/book\/9783030350239#aboutAuthors\">https:\/\/www.palgrave.com\/gp\/book\/9783030350239<\/a><\/p>\n\n\n\n<hr class=\"wp-block-separator\"\/>\n","protected":false},"excerpt":{"rendered":"","protected":false},"author":2,"featured_media":24852,"comment_status":"open","ping_status":"open","sticky":false,"template":"","format":"standard","meta":{"_acf_changed":false,"jetpack_post_was_ever_published":false,"_jetpack_newsletter_access":"","_jetpack_dont_email_post_to_subs":false,"_jetpack_newsletter_tier_id":0,"_jetpack_memberships_contains_paywalled_content":false,"_jetpack_memberships_contains_paid_content":false,"footnotes":"","jetpack_publicize_message":"","jetpack_publicize_feature_enabled":true,"jetpack_social_post_already_shared":true,"jetpack_social_options":{"image_generator_settings":{"template":"highway","default_image_id":0,"font":"","enabled":false},"version":2}},"categories":[8,3],"tags":[],"class_list":["post-24851","post","type-post","status-publish","format-standard","has-post-thumbnail","hentry","category-knjige","category-novosti"],"acf":{"facebook_opis":""},"jetpack_publicize_connections":[],"jetpack_featured_media_url":"https:\/\/i0.wp.com\/historiografija.hr\/wp-content\/uploads\/2021\/02\/Ideas-on-the-move.jpg?fit=189%2C266&ssl=1","jetpack_sharing_enabled":true,"jetpack-related-posts":[{"id":52664,"url":"https:\/\/historiografija.hr\/?p=52664","url_meta":{"origin":24851,"position":0},"title":"CfP: CONFERENCE OF THE HISTORY OF CONCEPTS GROUP, HELSINKI, 19TH\u201321ST AUGUST 2026 (DEADLINE: 30TH APRIL 2026)","author":"Branimir Jankovi\u0107","date":"24. travnja 2026.","format":false,"excerpt":"The annual conference of the History of Concepts Group is held at the University of Helsinki, 19-21 August 2026. Conference of the History of Concepts Group Conceptual history studies the use of concepts and tries to understand how historical actors have linguistically articulated views of the world. Studying concepts from\u2026","rel":"","context":"U &quot;Novosti&quot;","block_context":{"text":"Novosti","link":"https:\/\/historiografija.hr\/?cat=3"},"img":{"alt_text":"","src":"https:\/\/i0.wp.com\/historiografija.hr\/wp-content\/uploads\/2017\/10\/hsozkult.png?fit=1006%2C241&ssl=1&resize=350%2C200","width":350,"height":200,"srcset":"https:\/\/i0.wp.com\/historiografija.hr\/wp-content\/uploads\/2017\/10\/hsozkult.png?fit=1006%2C241&ssl=1&resize=350%2C200 1x, https:\/\/i0.wp.com\/historiografija.hr\/wp-content\/uploads\/2017\/10\/hsozkult.png?fit=1006%2C241&ssl=1&resize=525%2C300 1.5x, https:\/\/i0.wp.com\/historiografija.hr\/wp-content\/uploads\/2017\/10\/hsozkult.png?fit=1006%2C241&ssl=1&resize=700%2C400 2x"},"classes":[]},{"id":52641,"url":"https:\/\/historiografija.hr\/?p=52641","url_meta":{"origin":24851,"position":1},"title":"CfP: WHO OWNS THE PAST? VERNACULAR MEMORY, STATE MEMORY, AND THE POLITICS OF OWNERSHIP","author":"Branimir Jankovi\u0107","date":"24. travnja 2026.","format":false,"excerpt":"VIENNA, 31ST AUGUST\u20133RD SEPTEMBER 2026 (DEADLINE: 24TH APRIL 2026) The Center for Austrian Studies at the European Forum at the Hebrew University and the Austrian Academy of Sciences\/Institute of Culture Studies invite early postdocs, PhD candidates, and advanced Master\u2019s students from the Hebrew University of Jerusalem and universities and academic\u2026","rel":"","context":"U &quot;Novosti&quot;","block_context":{"text":"Novosti","link":"https:\/\/historiografija.hr\/?cat=3"},"img":{"alt_text":"","src":"https:\/\/i0.wp.com\/historiografija.hr\/wp-content\/uploads\/2017\/10\/hsozkult.png?fit=1006%2C241&ssl=1&resize=350%2C200","width":350,"height":200,"srcset":"https:\/\/i0.wp.com\/historiografija.hr\/wp-content\/uploads\/2017\/10\/hsozkult.png?fit=1006%2C241&ssl=1&resize=350%2C200 1x, https:\/\/i0.wp.com\/historiografija.hr\/wp-content\/uploads\/2017\/10\/hsozkult.png?fit=1006%2C241&ssl=1&resize=525%2C300 1.5x, https:\/\/i0.wp.com\/historiografija.hr\/wp-content\/uploads\/2017\/10\/hsozkult.png?fit=1006%2C241&ssl=1&resize=700%2C400 2x"},"classes":[]},{"id":52643,"url":"https:\/\/historiografija.hr\/?p=52643","url_meta":{"origin":24851,"position":2},"title":"BRACEWELL TRAVELLING SCHOLARSHIP\u202fFOR PHD STUDENTS (DEADLINE: 30TH APRIL 2026)","author":"Branimir Jankovi\u0107","date":"24. travnja 2026.","format":false,"excerpt":"The Bracewell Travelling Scholarship\u202fis funded by a gift from SSEES Emeritus Professor of History Wendy Bracewell, whose research examines South Slav history, and travel writing in eastern Europe. The Scholarship honours the long tradition of mutual curiosity between the UK and eastern, central and southeastern Europe by supporting PhD students\u2026","rel":"","context":"U &quot;Novosti&quot;","block_context":{"text":"Novosti","link":"https:\/\/historiografija.hr\/?cat=3"},"img":{"alt_text":"","src":"https:\/\/i0.wp.com\/historiografija.hr\/wp-content\/uploads\/2026\/04\/Bracewell-Travelling-Scholarship-.webp?fit=980%2C700&ssl=1&resize=350%2C200","width":350,"height":200,"srcset":"https:\/\/i0.wp.com\/historiografija.hr\/wp-content\/uploads\/2026\/04\/Bracewell-Travelling-Scholarship-.webp?fit=980%2C700&ssl=1&resize=350%2C200 1x, https:\/\/i0.wp.com\/historiografija.hr\/wp-content\/uploads\/2026\/04\/Bracewell-Travelling-Scholarship-.webp?fit=980%2C700&ssl=1&resize=525%2C300 1.5x, https:\/\/i0.wp.com\/historiografija.hr\/wp-content\/uploads\/2026\/04\/Bracewell-Travelling-Scholarship-.webp?fit=980%2C700&ssl=1&resize=700%2C400 2x"},"classes":[]},{"id":52586,"url":"https:\/\/historiografija.hr\/?p=52586","url_meta":{"origin":24851,"position":3},"title":"Aur\u00e9lie Daher, \u201eHezbollah: Mobilisation and Power\u201c","author":"Branimir Jankovi\u0107","date":"22. travnja 2026.","format":false,"excerpt":"Morning Star \u2018Book of the Year\u2019 Social movement, liberation party or terrorist group? With Hezbollah\u2019s growing involvement in the war in Syria, this study of its impact on Lebanon, drawing heavily on first-hand interviews, could not be more timely. Description Almost forty years after its foundation, Hezbollah remains an enigma.\u2026","rel":"","context":"U &quot;Knjige&quot;","block_context":{"text":"Knjige","link":"https:\/\/historiografija.hr\/?cat=8"},"img":{"alt_text":"","src":"https:\/\/i0.wp.com\/historiografija.hr\/wp-content\/uploads\/2026\/04\/Daher-Hezbollah.jpg?fit=600%2C931&ssl=1&resize=350%2C200","width":350,"height":200,"srcset":"https:\/\/i0.wp.com\/historiografija.hr\/wp-content\/uploads\/2026\/04\/Daher-Hezbollah.jpg?fit=600%2C931&ssl=1&resize=350%2C200 1x, https:\/\/i0.wp.com\/historiografija.hr\/wp-content\/uploads\/2026\/04\/Daher-Hezbollah.jpg?fit=600%2C931&ssl=1&resize=525%2C300 1.5x"},"classes":[]},{"id":52688,"url":"https:\/\/historiografija.hr\/?p=52688","url_meta":{"origin":24851,"position":4},"title":"Eleonora Naxidou and Yura Konstantinova \u201eBalkan Perspectives of Europe: Between East and West\u201c","author":"Filip \u0160imunjak","date":"28. travnja 2026.","format":false,"excerpt":"Through the lens of the Balkan nations, this volume makes a valuable and significant contribution to the fields of European and Southeast European studies by reconsidering the East\/West dichotomy \u2013 both in terms of the Orient\u2013Occident divide and the Eastern\u2013Western Europe binary. Balkan Perspectives of Europe focuses on concepts of\u2026","rel":"","context":"U &quot;Knjige&quot;","block_context":{"text":"Knjige","link":"https:\/\/historiografija.hr\/?cat=8"},"img":{"alt_text":"","src":"https:\/\/i0.wp.com\/historiografija.hr\/wp-content\/uploads\/2026\/04\/Balkan-Perspectives-of-Europe-Between-East-and-West.jpg?fit=350%2C525&ssl=1&resize=350%2C200","width":350,"height":200},"classes":[]},{"id":52516,"url":"https:\/\/historiografija.hr\/?p=52516","url_meta":{"origin":24851,"position":5},"title":"Marko Grde\u0161i\u0107, Mislav \u017ditko, \u201eSocialist Economics in Yugoslavia: A Critical History\u201c","author":"Branimir Jankovi\u0107","date":"17. travnja 2026.","format":false,"excerpt":"This book presents a critical history of Yugoslav socialist economics, from its inception in the late 1940s to its dissolution in the late 1980s. After the dramatic break with the Soviet Union in 1948, Yugoslavia found itself in urgent need of a third way: A socialist trajectory which would not\u2026","rel":"","context":"U &quot;Knjige&quot;","block_context":{"text":"Knjige","link":"https:\/\/historiografija.hr\/?cat=8"},"img":{"alt_text":"","src":"https:\/\/i0.wp.com\/historiografija.hr\/wp-content\/uploads\/2026\/04\/Zitko_Grdesic.jpg?fit=350%2C535&ssl=1&resize=350%2C200","width":350,"height":200},"classes":[]}],"_links":{"self":[{"href":"https:\/\/historiografija.hr\/index.php?rest_route=\/wp\/v2\/posts\/24851","targetHints":{"allow":["GET"]}}],"collection":[{"href":"https:\/\/historiografija.hr\/index.php?rest_route=\/wp\/v2\/posts"}],"about":[{"href":"https:\/\/historiografija.hr\/index.php?rest_route=\/wp\/v2\/types\/post"}],"author":[{"embeddable":true,"href":"https:\/\/historiografija.hr\/index.php?rest_route=\/wp\/v2\/users\/2"}],"replies":[{"embeddable":true,"href":"https:\/\/historiografija.hr\/index.php?rest_route=%2Fwp%2Fv2%2Fcomments&post=24851"}],"version-history":[{"count":1,"href":"https:\/\/historiografija.hr\/index.php?rest_route=\/wp\/v2\/posts\/24851\/revisions"}],"predecessor-version":[{"id":24853,"href":"https:\/\/historiografija.hr\/index.php?rest_route=\/wp\/v2\/posts\/24851\/revisions\/24853"}],"wp:featuredmedia":[{"embeddable":true,"href":"https:\/\/historiografija.hr\/index.php?rest_route=\/wp\/v2\/media\/24852"}],"wp:attachment":[{"href":"https:\/\/historiografija.hr\/index.php?rest_route=%2Fwp%2Fv2%2Fmedia&parent=24851"}],"wp:term":[{"taxonomy":"category","embeddable":true,"href":"https:\/\/historiografija.hr\/index.php?rest_route=%2Fwp%2Fv2%2Fcategories&post=24851"},{"taxonomy":"post_tag","embeddable":true,"href":"https:\/\/historiografija.hr\/index.php?rest_route=%2Fwp%2Fv2%2Ftags&post=24851"}],"curies":[{"name":"wp","href":"https:\/\/api.w.org\/{rel}","templated":true}]}}