{"id":24844,"date":"2021-01-29T22:19:35","date_gmt":"2021-01-29T22:19:35","guid":{"rendered":"http:\/\/historiografija.hr\/?p=24844"},"modified":"2021-01-29T22:26:44","modified_gmt":"2021-01-29T22:26:44","slug":"boris-peric-i-tomislav-pletenac-ne-mozes-ti-to","status":"publish","type":"post","link":"https:\/\/historiografija.hr\/?p=24844","title":{"rendered":"Boris Peri\u0107 i Tomislav Pletenac, \u201cNe mo\u017ee\u0161 ti to\u201d"},"content":{"rendered":"\n<p>Iako to nekome mo\u017ee zvu\u010dati sarkasti\u010dno, zajedljivo, pa i moralno krajnje zazorno, neuspjeh, odustajanje i dokoli\u010darenje u duhovnoj su literaturi Zapada i Istoka odavna uvrije\u017eene teme, koje pozitivni predznak resi \u010de\u0161\u0107e nego \u0161to bismo gonjeni imperativima rada i uspje\u0161nosti bili spremni pretpostaviti. Knjiga Ne mo\u017ee\u0161 ti to predstavlja niz teorijsko-literarnih osvrta na uvrije\u017eene obrasce pogre\u0161ki, zabluda, neuspjeha, odustajanja, gubljenja, pa i propadanja, ilustrirane \u010ditatelju manje-vi\u0161e poznatim i prihvatljivim primjerima iz dalje i bli\u017ee pro\u0161losti, dok s druge strane nudi i obrise jedne svojevrsne teorijske \u201epovijesti neuspjeha\u201c od prvih pera anti\u010dkih civilizacija do neoliberalnog duha dana\u0161njice. Neuspjeh pritom ne treba shva\u0107ati kao kategoriju rezerviranu isklju\u010divo za poslovne pothvate i poduzetni\u0161tvo kao takvo, jer se, u\u010di nas iskustvo, u njegove koordinate, naputke i formule ipak mo\u017ee utisnuti sve \u0161to \u017eivot \u010dini \u017eivotom, od osobnih, emotivnih, ljubavnih, pa i seksualnih zakazivanja, sve do onih u arenama visoke politike, medija ili \u2013 \u0161to da ne? \u2013 svakodnevnog, mahom neisplativog kriminala.<\/p>\n\n\n\n<hr class=\"wp-block-separator\"\/>\n\n\n\n<p><strong>Naklada Ljevak<\/strong><\/p>\n\n\n\n<p>Godina izdanja: 2020.<\/p>\n\n\n\n<p>Broj stranica: 224<\/p>\n\n\n\n<hr class=\"wp-block-separator\"\/>\n\n\n\n<p><strong>Boris Peri\u0107<\/strong><\/p>\n\n\n\n<p>Boris Peri\u0107 ro\u0111en je 1966. u Vara\u017edinu. Na Filozofskom fakultetu u Zagrebu diplomirao germanistiku i filozofiju. Bavi se knji\u017eevno\u0161\u0107u, prevo\u0111enjem i novinarstvom. Radio u vi\u0161e javnih glasila, obra\u0111uju\u0107i teme iz kulture, unutarnje i vanjske politike. Prozna djela i prijevode objavljivao u Hrvatskoj i inozemstvu. Uvr\u0161ten u vi\u0161e knji\u017eevnih antologija. \u010clan Hrvatskog dru\u0161tva pisaca i Dru\u0161tva hrvatskih knji\u017eevnika. \u017divi i radi u Zagrebu.<\/p>\n\n\n\n<p><strong>Tomislav Pletenac<\/strong><\/p>\n\n\n\n<p>Tomislav Pletenac ro\u0111en je 1967. godine. Studirao je na Tehni\u010dkom fakultetu u Mariboru, gdje je stekao zvanje in\u017eenjera informatike. Nakon toga studirao je te diplomirao etnologiju i muzeologiju na Filozofskom fakultetu u Zagrebu. Od 1995. radi kao znanstveni novak na istoj ustanovi, a nakon ste\u010denih zvanja magistra te doktora etnologije, postaje docent na Odsjeku za etnologiju i kulturnu antropologiju Filozofskog fakulteta. Danas je redovni profesor na istom odjelu.<\/p>\n\n\n\n<hr class=\"wp-block-separator\"\/>\n\n\n\n<p>Izvor: <a href=\"https:\/\/www.ljevak.hr\/publicistika\/24834-ne-mozes-ti-to.html\">https:\/\/www.ljevak.hr\/publicistika\/24834-ne-mozes-ti-to.html<\/a><\/p>\n\n\n\n<hr class=\"wp-block-separator\"\/>\n","protected":false},"excerpt":{"rendered":"","protected":false},"author":2,"featured_media":24845,"comment_status":"open","ping_status":"open","sticky":false,"template":"","format":"standard","meta":{"_acf_changed":false,"jetpack_post_was_ever_published":false,"_jetpack_newsletter_access":"","_jetpack_dont_email_post_to_subs":false,"_jetpack_newsletter_tier_id":0,"_jetpack_memberships_contains_paywalled_content":false,"_jetpack_memberships_contains_paid_content":false,"footnotes":"","jetpack_publicize_message":"","jetpack_publicize_feature_enabled":true,"jetpack_social_post_already_shared":true,"jetpack_social_options":{"image_generator_settings":{"template":"highway","default_image_id":0,"font":"","enabled":false},"version":2}},"categories":[8,3],"tags":[],"class_list":["post-24844","post","type-post","status-publish","format-standard","has-post-thumbnail","hentry","category-knjige","category-novosti"],"acf":{"facebook_opis":""},"jetpack_publicize_connections":[],"jetpack_featured_media_url":"https:\/\/i0.wp.com\/historiografija.hr\/wp-content\/uploads\/2021\/01\/Ne-mozes.jpg?fit=651%2C1000&ssl=1","jetpack_sharing_enabled":true,"jetpack-related-posts":[],"_links":{"self":[{"href":"https:\/\/historiografija.hr\/index.php?rest_route=\/wp\/v2\/posts\/24844","targetHints":{"allow":["GET"]}}],"collection":[{"href":"https:\/\/historiografija.hr\/index.php?rest_route=\/wp\/v2\/posts"}],"about":[{"href":"https:\/\/historiografija.hr\/index.php?rest_route=\/wp\/v2\/types\/post"}],"author":[{"embeddable":true,"href":"https:\/\/historiografija.hr\/index.php?rest_route=\/wp\/v2\/users\/2"}],"replies":[{"embeddable":true,"href":"https:\/\/historiografija.hr\/index.php?rest_route=%2Fwp%2Fv2%2Fcomments&post=24844"}],"version-history":[{"count":2,"href":"https:\/\/historiografija.hr\/index.php?rest_route=\/wp\/v2\/posts\/24844\/revisions"}],"predecessor-version":[{"id":24850,"href":"https:\/\/historiografija.hr\/index.php?rest_route=\/wp\/v2\/posts\/24844\/revisions\/24850"}],"wp:featuredmedia":[{"embeddable":true,"href":"https:\/\/historiografija.hr\/index.php?rest_route=\/wp\/v2\/media\/24845"}],"wp:attachment":[{"href":"https:\/\/historiografija.hr\/index.php?rest_route=%2Fwp%2Fv2%2Fmedia&parent=24844"}],"wp:term":[{"taxonomy":"category","embeddable":true,"href":"https:\/\/historiografija.hr\/index.php?rest_route=%2Fwp%2Fv2%2Fcategories&post=24844"},{"taxonomy":"post_tag","embeddable":true,"href":"https:\/\/historiografija.hr\/index.php?rest_route=%2Fwp%2Fv2%2Ftags&post=24844"}],"curies":[{"name":"wp","href":"https:\/\/api.w.org\/{rel}","templated":true}]}}