{"id":24828,"date":"2021-01-28T12:32:41","date_gmt":"2021-01-28T12:32:41","guid":{"rendered":"http:\/\/historiografija.hr\/?p=24828"},"modified":"2021-01-28T12:32:41","modified_gmt":"2021-01-28T12:32:41","slug":"digitalna-noc-muzeja-29-1-2021","status":"publish","type":"post","link":"https:\/\/historiografija.hr\/?p=24828","title":{"rendered":"Digitalna No\u0107 muzeja (29.1.2021.)"},"content":{"rendered":"\n<p>Sudjelovanje u \u0161esnaestoj&nbsp; po redu (Digitalnoj) <a href=\"https:\/\/nocmuzeja.hr\/\">No\u0107i muzeja<\/a>, prijavio je 171 sudionik,&nbsp; muzejska, ba\u0161tinska ili obrazovna institucija, \u0161to organizatore i sudionike ovogodi\u0161njeg digitalnog izdanja No\u0107i muzeja, iznimno raduje i potvr\u0111uje opravdanost kreiranja kulturnih sadr\u017eaja&nbsp; i komuniciranja tih sadr\u017eaja publici i naj\u0161iroj javnosti i u ote\u017eanim uvjetima.<br><br>U okolnostima globalne krize proteklih mjeseci izazvane pandemijom <em>covida 19,<\/em>&nbsp; u Hrvatskoj i razornim&nbsp; potresom u Zagrebu, a nedavno u&nbsp; Petrinji, Sisku i Glini, &nbsp;ve\u0107ina muzejskih i sli\u010dnih kulturnih doga\u0111anja preselila se u digitalne kanale komuniciranja i prijenosa sadr\u017eaja, sukladno epidemiolo\u0161kim mjerama i nakon te\u0161kih stradanja muzeja u potresu. Organiziranje Digitalne No\u0107i muzeja, iskazuje se veliki interes brojnih sudionika i naj\u0161ire javnosti za sadr\u017eajima koje su muzejske i druge institucije proteklu godinu kreirale i nudile javnostima putem digitalnih medija.Na taj na\u010din, ljubitelji muzejskih i ostalih programa mo\u0107i \u0107e u Digitalnoj No\u0107i muzeja od 18.00 -23.00 sati, &nbsp;pretra\u017eivati atraktivne sadr\u017eaje putem digitalne platforme <strong><a href=\"https:\/\/nocmuzeja.hr\/\">nocmuzeja.hr<\/a><\/strong> , kao i putem dru\u0161tvenih mre\u017ea, digitalnih aplikacija i stranica pojedinih ustanova. Tako\u0111er, atraktivnosti doga\u0111aja doprinijet \u0107e i HRT, koja priprema poseban program na HTV u kojima \u0107e predstaviti najatraktivnije&nbsp; virtualne programe&nbsp; i sadr\u017eaje u hrvatskim i nekim inozemnim muzejima.<br><br>Proteklih 15 godina No\u0107 muzeja je obilje\u017eila upravo masovnost&nbsp; posjeta muzejima, koja je prelazila i brojku od 300.000 posjeta tijekom jedne no\u0107i. Kako je manifestacija No\u0107 muzeja u potpunosti poprimila karakteristike nezaobilaznog kulturnog doga\u0111aja proteklih godina, organizatori \u0161esnaeste po redu No\u0107i muzeja ukazuju na zna\u010denje opstojnosti muzeja u uvjetima globalne krize, te \u0107e zajedeno s hrvatskom muzejskom zajednicom omogu\u0107iti vjernoj publici da sudjeluje i u\u017eiva u virtualnim izdanjima pripremljenih doga\u0111anja.&nbsp;<br><br>Uspjehu No\u0107i muzeja svih ovih godina, doprinijele su brojne muzejske, ba\u0161tinske, znanstvene i obrazovne institucije, kreiraju\u0107i&nbsp; atraktivne programi, koji su privla\u010dili kako&nbsp; tradicionalnu muzejsku publika tako i \u201enovu publiku\u201c, koja je dijelom potekla i nastala i na programima&nbsp; No\u0107i muzeja.<\/p>\n\n\n\n<p>(HMD)<\/p>\n\n\n\n<p>Izvor: <a href=\"https:\/\/www.culturenet.hr\/\">https:\/\/www.culturenet.hr\/<\/a><\/p>\n\n\n\n<hr class=\"wp-block-separator\"\/>\n","protected":false},"excerpt":{"rendered":"","protected":false},"author":2,"featured_media":24829,"comment_status":"open","ping_status":"open","sticky":false,"template":"","format":"standard","meta":{"_acf_changed":false,"jetpack_post_was_ever_published":false,"_jetpack_newsletter_access":"","_jetpack_dont_email_post_to_subs":false,"_jetpack_newsletter_tier_id":0,"_jetpack_memberships_contains_paywalled_content":false,"_jetpack_memberships_contains_paid_content":false,"footnotes":"","jetpack_publicize_message":"","jetpack_publicize_feature_enabled":true,"jetpack_social_post_already_shared":true,"jetpack_social_options":{"image_generator_settings":{"template":"highway","default_image_id":0,"font":"","enabled":false},"version":2}},"categories":[10,3],"tags":[],"class_list":["post-24828","post","type-post","status-publish","format-standard","has-post-thumbnail","hentry","category-izlozbe","category-novosti"],"acf":{"facebook_opis":""},"jetpack_publicize_connections":[],"jetpack_featured_media_url":"https:\/\/i0.wp.com\/historiografija.hr\/wp-content\/uploads\/2021\/01\/digi-noc-muzeja.jpg?fit=630%2C270&ssl=1","jetpack_sharing_enabled":true,"jetpack-related-posts":[],"_links":{"self":[{"href":"https:\/\/historiografija.hr\/index.php?rest_route=\/wp\/v2\/posts\/24828","targetHints":{"allow":["GET"]}}],"collection":[{"href":"https:\/\/historiografija.hr\/index.php?rest_route=\/wp\/v2\/posts"}],"about":[{"href":"https:\/\/historiografija.hr\/index.php?rest_route=\/wp\/v2\/types\/post"}],"author":[{"embeddable":true,"href":"https:\/\/historiografija.hr\/index.php?rest_route=\/wp\/v2\/users\/2"}],"replies":[{"embeddable":true,"href":"https:\/\/historiografija.hr\/index.php?rest_route=%2Fwp%2Fv2%2Fcomments&post=24828"}],"version-history":[{"count":1,"href":"https:\/\/historiografija.hr\/index.php?rest_route=\/wp\/v2\/posts\/24828\/revisions"}],"predecessor-version":[{"id":24830,"href":"https:\/\/historiografija.hr\/index.php?rest_route=\/wp\/v2\/posts\/24828\/revisions\/24830"}],"wp:featuredmedia":[{"embeddable":true,"href":"https:\/\/historiografija.hr\/index.php?rest_route=\/wp\/v2\/media\/24829"}],"wp:attachment":[{"href":"https:\/\/historiografija.hr\/index.php?rest_route=%2Fwp%2Fv2%2Fmedia&parent=24828"}],"wp:term":[{"taxonomy":"category","embeddable":true,"href":"https:\/\/historiografija.hr\/index.php?rest_route=%2Fwp%2Fv2%2Fcategories&post=24828"},{"taxonomy":"post_tag","embeddable":true,"href":"https:\/\/historiografija.hr\/index.php?rest_route=%2Fwp%2Fv2%2Ftags&post=24828"}],"curies":[{"name":"wp","href":"https:\/\/api.w.org\/{rel}","templated":true}]}}