{"id":24782,"date":"2021-01-27T15:31:23","date_gmt":"2021-01-27T15:31:23","guid":{"rendered":"http:\/\/historiografija.hr\/?p=24782"},"modified":"2021-09-20T11:08:02","modified_gmt":"2021-09-20T11:08:02","slug":"zlatko-karac-studije-o-arhitekturi-sinagoga-u-hrvatskoj","status":"publish","type":"post","link":"https:\/\/historiografija.hr\/?p=24782","title":{"rendered":"Zlatko Kara\u010d, \u201eStudije o arhitekturi sinagoga u Hrvatskoj\u201c"},"content":{"rendered":"\n<p>U sunakladi Arhitektonskog fakulteta u Zagrebu i UPI2M BOOKS objavljena je knjiga \u201eStudije o arhitekturi sinagoga u Hrvatskoj \u2013 Odabrani tekstovi \/ Studies on the Architecture of Synagogues in Croatia \u2013 Selected papers\u201c, autora prof. dr. sc. Zlatka Kara\u010da.<\/p>\n\n\n\n<p>Na tragu koncepta autorske edicije Studije u kojoj \u0107e se u ome\u0111enim i tematski profiliranim svescima publicirati odabrani radovi Zlatka Kara\u010da, posve\u0107eni dominantnim temama iz njegova istra\u017eiva\u010dkog opusa, u ovu je knjigu uvr\u0161teno 40-ak klju\u010dnih tekstova o ba\u0161tini sinagoga u Hrvatskoj, od 87 objava koliko ih je autor o tome ostvario u razdoblju od 2000. do 2020. godine.&nbsp;<\/p>\n\n\n\n<p>Kona\u010dni izbor radova, raznolikost publikacija \u2013 od poglavlja u knjigama, do \u010dlanaka u \u010dasopisima, novinama i zbornicima, simpozijskih priop\u0107enja, TV scenarija, letaka uz javna predavanja, do izlo\u017ebenih kataloga i kalendara, pokazuju ne samo tematsku \u0161irinu problema koje je autor nastojao obuhvatiti, ve\u0107 i njegovo nastojanje da nedovoljno poznatu ba\u0161tinu sinagoga na razli\u010dite na\u010dine pribli\u017ei \u0161to \u0161irem krugu \u010ditatelja.&nbsp;<\/p>\n\n\n\n<p>Sinagoge su nesumnjivo najslabije istra\u017eeni i gotovo nepoznati segment na\u0161e arhitektonske i umjetni\u010dke ba\u0161tine, pri tome i gotovo posve uni\u0161ten u pogromu holokausta, ali i kasnije tijekom poslijeratnog vremena. Stoga je istra\u017eivanje povijesti i arhitektonskih osobitosti ove skupine gra\u0111evina zadatak od osobite znanstvene vrijednosti, pri tome i od va\u017enosti za afirmaciju multikulturalnih i multikonfesionalnih tema vezanih za hrvatske prostore.&nbsp;<\/p>\n\n\n\n<p>U i\u0161\u010dekivanju ve\u0107 vi\u0161e puta najavljivanoga me\u0111unarodnoga arhitektonskog natje\u010daja za sinagogu i \u017eidovski kulturni centar u Pra\u0161koj ul. u Zagrebu, autor je ovom knjigom struci \u017eelio ponuditi koristan i prakti\u010dan priru\u010dnik.<\/p>\n\n\n\n<hr class=\"wp-block-separator\"\/>\n\n\n\n<p><strong>Impressum:<\/strong><\/p>\n\n\n\n<p><strong>recenzenti:<\/strong> Snje\u0161ka Kne\u017eevi\u0107, Zlatko Juri\u0107, Zorana Sokol Gojnik&nbsp;<\/p>\n\n\n\n<p><strong>urednik:<\/strong> Alen \u017duni\u0107<\/p>\n\n\n\n<p><strong>dizajn naslovnice i vanjske opreme<\/strong>: Nedjeljko \u0160poljar [SDF]<\/p>\n\n\n\n<p><strong>jezik:<\/strong> hrvatski\/engl. summary<\/p>\n\n\n\n<p><strong>opseg:<\/strong> 228 str.&nbsp;<\/p>\n\n\n\n<p><strong>format:<\/strong> 28 x 23 cm&nbsp;<\/p>\n\n\n\n<p><strong>uvez: <\/strong>tvrdi\/platno\/ovitak<\/p>\n\n\n\n<p><strong>ISBN:<\/strong> 978-953-7703-41-7&nbsp;<\/p>\n\n\n\n<p>nakladnik:<strong> AF Zagreb\/UPI2M BOOKS&nbsp;<\/strong><\/p>\n\n\n\n<p>40-tak autorskih tekstova [donose se podaci za oko 100 na\u0161ih sinagoga \u2013 od antike do 20. st.]<\/p>\n\n\n\n<p>3 tematske cjeline: Sinagoge kao ba\u0161tina \u2013 Povijest i memorija; Elementi arhitekture sinagoga; Odabrani primjeri sinagoga<\/p>\n\n\n\n<p>350 raritetnih ilustracija [fotografije, nacrti, faksimili dokumenata]<\/p>\n\n\n\n<p>op\u0161irni engleski sa\u017eetak<\/p>\n\n\n\n<p>glosarij judai\u010dkih pojmova&nbsp;<\/p>\n\n\n\n<p>iscrpni popisi izvora i literature, kazala<\/p>\n\n\n\n<hr class=\"wp-block-separator\"\/>\n\n\n\n<p>IZ RECENZIJA<\/p>\n\n\n\n<p>Ova je knjiga rezultat autorova sustavnog istra\u017eivanja i predstavljanja sinagoga u Hrvatskoj zapo\u010detog jo\u0161 2000. godine u sklopu izlo\u017ebe Muzeja za umjetnost i obrt \u201eHistoricizam u Hrvatskoj\u201c. Bio je to prvi sa\u017eeti prikaz uop\u0107e o koliko zaboravljenoj, toliko i zanemarenoj temi, a ujedno upozorenje na golem gubitak koji je \u017eidovskoj ba\u0161tini nanijela usta\u0161ka vlast Nezavisne dr\u017eave Hrvatske. Zlatko Kara\u010d uspio je prezentirati to iznimno spomeni\u010dko bogatstvo, iznijeti na vidjelo autore i naru\u010ditelje, ukratko: rekreirati dio \u017eidovskog \u017eivota povezanog sa sinagogama, najva\u017enijim korpusom \u017eidovske sakralne ba\u0161tine. Javnim nastupima, izlo\u017ebamma i objavama autor je pokazao \u0161to smo imali, \u0161to smo izgubili i \u0161to se unato\u010d nemilim vremenima odr\u017ealo. Ova knjiga najprije je od interesa za na\u017ealost drasti\u010dnu smanjenu, a ipak vitalnu \u017eidovsku zajednicu Hrvatske, ali i va\u017ean doprinos na\u0161oj znanosti o umjetnosti i kulturi. U svemu se mo\u017ee mjeriti sa sli\u010dnim prikazima u Europi.<\/p>\n\n\n\n<p>DR. SC. SNJE\u0160KA KNE\u017dEVI\u0106<\/p>\n\n\n\n<p>Ovo hrestomatijsko znanstveno djelo originalno je koncipirana zbirka kriti\u010dki odabranih autorovih tekstova, s udjelom posve novih neobjavljenih priloga koji dosljedno zaokru\u017euju Kara\u010dev istra\u017eiva\u010dki interes u domeni arhitekture sinagoga i umjetnosti judaice u Hrvatskoj. Vrijednost monografije manifestira se i u autoritetu tuma\u010denja vrlo specifi\u010dne gra\u0111e kojoj autor pristupa s uzornim znanstvenim prosedeom donose\u0107i mnoge posve nove atribucije, datacijske podatke i valorizacijske postavke vezane uz korpus na\u0161e sinagogalne ba\u0161tine \u2013 velikim dijelom uni\u0161tene i do ovog istra\u017eivanja gotovo nepoznate. Uz to, knjiga afirmira dio osobitog, na tlu Hrvatske formiranoga multietni\u010dkoga kulturnog pejsa\u017ea s vi\u0161ekonfesionalnim spomeni\u010dkim supstratom koji svjedo\u010di o otvorenosti na\u0161ih prostora prema druga\u010dijim kulturnim provenijencijama i naslije\u0111u manjinskih zajednica.&nbsp;<\/p>\n\n\n\n<p>PROF. DR. SC. ZLATKO JURI\u0106<\/p>\n\n\n\n<p>Arhitektura sinagoga u Hrvatskoj iznimno je slabo obra\u0111eni sloj liturgijske ba\u0161tine, u najve\u0107em dijelu uni\u0161tene tijekom II. svj. rata, pa je autorov doprinos njihovome istra\u017eivanju jedan od pionirskih koraka u reafirmaciji \u017eidovskoga kulturnog identiteta na na\u0161em tlu. Mnoge su europske zemlje ve\u0107 napravile svoje registre u holokaustu uni\u0161tenoga sinagogalnog naslije\u0111a te je o\u010dekivano da se takav istra\u017eiva\u010dki napor dogodi i u Hrvatskoj. Stoga je ova knjiga djelo od nezaobilazne znanstvene va\u017enosti \u2013 ne samo u nacionalnim, ve\u0107 i u me\u0111unarodnim okvirima. Osim spomenutoga istra\u017eiva\u010dkog interesa za temu sinagoga koja je zanimljiva raznim strukama, obrada osjetljive dionice \u017eidovske povijesti i ba\u0161tine u Hrvatskoj u dana\u0161nje je vrijeme i od nesumnjive \u0161ire dru\u0161tvene relevantnosti, kao civilizacijska gesta osvje\u0161\u0107ivanja doprinosa \u017didova korpusu na\u0161e povijesne arhitekture.<\/p>\n\n\n\n<p>DOC. DR. SC. ZORANA SOKOL GOJNIK<\/p>\n\n\n\n<hr class=\"wp-block-separator\"\/>\n\n\n\n<p>Izvor: <a href=\"http:\/\/www.d-a-z.hr\/hr\/aktualna-tema\/zlatko-karac-monografija-%E2%80%9Estudije-o-arhitekturi-sinagoga-u-hrvatskoj%E2%80%9C,%205114.html\">http:\/\/www.d-a-z.hr\/hr\/aktualna-tema\/zlatko-karac-monografija-%E2%80%9Estudije-o-arhitekturi-sinagoga-u-hrvatskoj%E2%80%9C,%205114.html<\/a><\/p>\n\n\n\n<hr class=\"wp-block-separator\"\/>\n\n\n\n<p>Iz medija:<\/p>\n\n\n\n<p><a href=\"https:\/\/www.jutarnji.hr\/vijesti\/hrvatska\/velika-znanstvena-potraga-trajala-je-22-godine-hrvatska-nije-zeljela-cuti-neugodnu-istinu-15103342\">https:\/\/www.jutarnji.hr\/vijesti\/hrvatska\/velika-znanstvena-potraga-trajala-je-22-godine-hrvatska-nije-zeljela-cuti-neugodnu-istinu-15103342<\/a><\/p>\n\n\n\n<hr class=\"wp-block-separator\"\/>\n","protected":false},"excerpt":{"rendered":"","protected":false},"author":2,"featured_media":24783,"comment_status":"open","ping_status":"open","sticky":false,"template":"","format":"standard","meta":{"_acf_changed":false,"jetpack_post_was_ever_published":false,"_jetpack_newsletter_access":"","_jetpack_dont_email_post_to_subs":false,"_jetpack_newsletter_tier_id":0,"_jetpack_memberships_contains_paywalled_content":false,"_jetpack_memberships_contains_paid_content":false,"footnotes":"","jetpack_publicize_message":"","jetpack_publicize_feature_enabled":true,"jetpack_social_post_already_shared":true,"jetpack_social_options":{"image_generator_settings":{"template":"highway","default_image_id":0,"font":"","enabled":false},"version":2}},"categories":[8,3],"tags":[],"class_list":["post-24782","post","type-post","status-publish","format-standard","has-post-thumbnail","hentry","category-knjige","category-novosti"],"acf":{"facebook_opis":""},"jetpack_publicize_connections":[],"jetpack_featured_media_url":"https:\/\/i0.wp.com\/historiografija.hr\/wp-content\/uploads\/2021\/01\/sinagoge.jpg?fit=480%2C280&ssl=1","jetpack_sharing_enabled":true,"jetpack-related-posts":[],"_links":{"self":[{"href":"https:\/\/historiografija.hr\/index.php?rest_route=\/wp\/v2\/posts\/24782","targetHints":{"allow":["GET"]}}],"collection":[{"href":"https:\/\/historiografija.hr\/index.php?rest_route=\/wp\/v2\/posts"}],"about":[{"href":"https:\/\/historiografija.hr\/index.php?rest_route=\/wp\/v2\/types\/post"}],"author":[{"embeddable":true,"href":"https:\/\/historiografija.hr\/index.php?rest_route=\/wp\/v2\/users\/2"}],"replies":[{"embeddable":true,"href":"https:\/\/historiografija.hr\/index.php?rest_route=%2Fwp%2Fv2%2Fcomments&post=24782"}],"version-history":[{"count":2,"href":"https:\/\/historiografija.hr\/index.php?rest_route=\/wp\/v2\/posts\/24782\/revisions"}],"predecessor-version":[{"id":27457,"href":"https:\/\/historiografija.hr\/index.php?rest_route=\/wp\/v2\/posts\/24782\/revisions\/27457"}],"wp:featuredmedia":[{"embeddable":true,"href":"https:\/\/historiografija.hr\/index.php?rest_route=\/wp\/v2\/media\/24783"}],"wp:attachment":[{"href":"https:\/\/historiografija.hr\/index.php?rest_route=%2Fwp%2Fv2%2Fmedia&parent=24782"}],"wp:term":[{"taxonomy":"category","embeddable":true,"href":"https:\/\/historiografija.hr\/index.php?rest_route=%2Fwp%2Fv2%2Fcategories&post=24782"},{"taxonomy":"post_tag","embeddable":true,"href":"https:\/\/historiografija.hr\/index.php?rest_route=%2Fwp%2Fv2%2Ftags&post=24782"}],"curies":[{"name":"wp","href":"https:\/\/api.w.org\/{rel}","templated":true}]}}