{"id":24721,"date":"2021-01-22T19:34:16","date_gmt":"2021-01-22T19:34:16","guid":{"rendered":"http:\/\/historiografija.hr\/?p=24721"},"modified":"2021-01-22T19:34:16","modified_gmt":"2021-01-22T19:34:16","slug":"roundtable-and-reading-seminar-writing-womens-intellectual-history-in-east-central-europe","status":"publish","type":"post","link":"https:\/\/historiografija.hr\/?p=24721","title":{"rendered":"Roundtable and Reading Seminar \u201cWriting Women\u2019s Intellectual History in East Central Europe\u201d"},"content":{"rendered":"\n<p>The Intellectual History in East Central Europe Research Network invites you to join a <strong>roundtable discussion<\/strong> \u201cWriting women\u2019s intellectual history in East Central Europe\u201d. The discussion will be based on a selected <a href=\"https:\/\/intellectualhistoryece.wordpress.com\/reading-list\/\">bibliography<\/a>. The articles and chapters included in the bibliography raise the issue of the lack of women\u2019s intellectual history in general, critically assess our conceptions of originality, creativity, and value, and ask what kind of Europe emerges when gender and history meet. Furthermore, the selected readings are beautiful examples of writing women\u2019s intellectual history and the intellectual history of feminism in ECE more broadly. These texts also serve as discussion starters about the opportunities and challenges, difficulties and limits, as well as the relevance of writing women\u2019s intellectual in East Central Europe.<\/p>\n\n\n\n<p>The <strong>roundtable discussion will be open to the public<\/strong>, and it will be followed by a <strong>reading seminar (based on a selection of pre-circulated texts<\/strong>) <strong>for a selected number of applicants<\/strong>. To register for the roundtable discussion, and receive the zoom link, please fill out <a href=\"https:\/\/ixv5t27uj21.typeform.com\/to\/jbvxmiph\" target=\"_blank\" rel=\"noreferrer noopener\">this form<\/a>.<\/p>\n\n\n\n<p><em>Speakers:<\/em><\/p>\n\n\n\n<p><strong>Lucy Delap<\/strong> (University of Cambridge)<\/p>\n\n\n\n<p><strong>Ana Kolari\u0107<\/strong> (University of Belgrade)<\/p>\n\n\n\n<p><strong>Michal Kope\u010dek<\/strong> (Academy of Sciences of the Czech Republic, Institute of Contemporary History)<\/p>\n\n\n\n<p><strong>Bal\u00e1zs Trencs\u00e9nyi<\/strong> (Central European University)<\/p>\n\n\n\n<p><em>Moderators:<\/em><\/p>\n\n\n\n<p><strong>Zs\u00f3fia L\u00f3r\u00e1nd<\/strong> (University of Cambridge)<\/p>\n\n\n\n<p><strong>Isidora Gruba\u010dki<\/strong> (Central European University)<\/p>\n\n\n\n<p>Roundtable: <strong>February 18,&nbsp;13h UCT \/&nbsp;14h CET&nbsp;&nbsp;&nbsp;&nbsp; <\/strong>Open to the public<\/p>\n\n\n\n<p>Reading session: <strong>February 18, 15h UCT \/&nbsp;16h CET&nbsp;&nbsp;&nbsp;&nbsp;&nbsp; <\/strong>For accepted participants only<\/p>\n\n\n\n<p>To apply for the seminar discussion, please write&nbsp;<strong>a brief letter of motivation (200-300 words) by January 31,<\/strong>&nbsp;about why you wish to join and how you would contribute to the seminar, and\/or how the seminar would contribute to your work. After registering, we will send you the literature to prepare. The applications should be sent to: Isidora Gruba\u010dki <a href=\"mailto:Grubacki_Isidora@phd.ceu.edu\">Grubacki_Isidora@phd.ceu.edu<\/a> and Zs\u00f3fia L\u00f3r\u00e1nd <a href=\"mailto:zsofia.lorand@gmail.com\">zl447@cam.ac.uk<\/a>. For the sake of a vivid group discussion where every participant has a chance to speak, the number of participants will be limited.<\/p>\n\n\n\n<p>The event will be the first in the series of online events organized by the Intellectual History in East Central Europe Research Network in 2021.<\/p>\n\n\n\n<p>Participants biographies:<\/p>\n\n\n\n<p><strong>Lucy Delap<\/strong> (University of Cambridge) is a historian of modern Britain, working on gender history, the history of feminism, print culture, labour history, disability and religion. She studied at Cambridge University, and taught at King\u2019s College London before returning to Cambridge in 2015. Currently, she is working on late twentieth century masculinities, learning disability, and feminist enterprise, and is co-investigator for a Leverhulme-funded project on the history of Virago and Spare Rib. Her <em>book\u202fThe Feminist Avant-Garde: Transatlantic Encounters of the early twentieth century<\/em>\u202f(Cambridge University Press, 2007) won the 2008 Women\u2019s History Network Prize, and explores the intellectual history of feminism, set within Anglo-American transatlantic exchanges of the early twentieth century. Her most recent book, <em>Feminisms: a global history<\/em>, was published in Autumn 2020 by Penguin and Chicago University Press. Her other books and publications encompassed various topics, including domestic servants in twentieth century Britain, the politics of domestic authority, feminist media history, and masculinities and religious change.<\/p>\n\n\n\n<p><strong>Ana Kolari\u0107<\/strong> (University of Belgrade) is an assistant professor at the Department of Comparative Literature and Literary Theory at the Faculty of Philology, University of Belgrade, where she has been teaching since 2010. Her fields of interest encompass literary theory, feminist theory and criticism, periodical studies and feminist pedagogy. She participated in the project Knji\u017eenstvo \u2013 Theory and History of Women\u2019s Writing in Serbian until 1915 (2010-2020). She is a member of the editorial board of <em>Knji\u017eenstvo \u2013 Journal for Studies in Literature, Gender and Culture<\/em>. Her book Rod, modernost i emancipacija. Uredni\u010dke politike u \u010dasopisima \u017dena (1911\u20131914) i The Freewoman (1911\u20131912) [Gender, modernity, and emancipation: Politics of editing in journals \u201cThe woman\u201d (1911\u20131914) and \u201cThe Freewoman\u201d (1911\u20131912)]&nbsp;was published in 2017 by Fabrika knjiga, Belgrade.<\/p>\n\n\n\n<p><strong>Michal Kope\u010dek<\/strong>&nbsp;(Academy of Sciences of the Czech Republic, Institute of Contemporary History) is a historian, co-director of Imre Kert\u00e9sz Kolleg, Jena,&nbsp;and the Head of&nbsp;the Department for the History of Ideas and Concepts&nbsp;at the Institute for Contemporary History in Prague. From 2010 he teaches Czech and central European history at the Institute of Czech History, Charles University, Prague. Currently, he is a Visiting Leverhulme Professor&nbsp;at Cambridge University.&nbsp;Among his publications are&nbsp;<em>A&nbsp;History of Modern Political Thought in East Central Europe.&nbsp;<\/em>Vols. I-II (Oxford: Oxford UP, 2016, 2018),&nbsp;<em>Thinking Through Transition: Liberal Democracy, Authoritarian Pasts, and Intellectual History in East Central Europe After 1989<\/em>,&nbsp;co-edited with&nbsp;Piotr Wci\u015blik&nbsp;in 2015, and he is also co-editor&nbsp;of&nbsp;<em>Discourses of Collective Identity in Central and Southeast Europe (1775\u20131945),&nbsp;<\/em>vols. I\u2013II, IV&nbsp;(Budapest: CEU Press, 2006\u20137, 2014)&nbsp;<strong>.<\/strong><\/p>\n\n\n\n<p><strong>Bal\u00e1zs Trencs\u00e9nyi<\/strong> (Central European University) is a Professor at the History Department of Central European University, Budapest\/Vienna, and co-director of Pasts, Inc. Center for Historical Studies. His main field of interest is the his\u00adtory of modern political thought in East Central Europe. Between 2008 and 2013, he was Principal Investigator of the European Research Council project,&nbsp;<em>\u201cNegotiating Modernity\u201d: History of Modern Political Thought in East Central Europe<\/em>. Among others, he is the author of the monograph&nbsp;<em>The Politics of \u2018National Character\u2019: A Study in Interwar East European Thought&nbsp;<\/em>(Routledge, 2012), co-author of&nbsp;<em>A History of Modern Political Thought in East Central Europe.&nbsp;<\/em>Vols. I-II (Oxford: Oxford UP, 2016, 2018), as well as co-editor of&nbsp;<em>Discourses of Collective Identity in Central and Southeast Europe (1775\u20131945),&nbsp;<\/em>vols. I\u2013II, IV (Budapest: CEU Press, 2006\u20137, 2014) and&nbsp;<em>European Regions and Boundaries: A Conceptual History&nbsp;<\/em>(New York: Berghahn, 2017).<\/p>\n\n\n\n<p><strong>Zs\u00f3fia L\u00f3r\u00e1nd<\/strong> (Marie Curie Fellow at the Faculty of History, University of Cambridge). Intellectual historian of feminism in post-WWII state-socialist Eastern Europe, currently researching the heritage of interwar feminism in post-WWII Hungary, Yugoslavia and the GDR. Her book <em>The Feminist Challenge to the Socialist State in Yugoslavia<\/em> was published in 2018 and got translated into Croatian in 2020. Her further publications include articles about the history of feminist political thought in Croatia and Serbia after 1991, the problems of a missing women\u2019s perspective in the nationalist commemorations of Hungarian history, the concept of the sexual revolution in Yugoslavia, among others.<\/p>\n\n\n\n<p><strong>Isidora Gruba\u010dki<\/strong> (Central European University) is a doctoral candidate in comparative history, researching the intellectual history of feminism in interwar Yugoslavia and East Central Europe. She published on the generational aspect of left feminism in Yugoslavia in the 1930s, and on the entangled history of the Yugoslav feminist movement and the Little Entente of Women in the 1920s. Her research interests encompass the history of women\u2019s movements and feminisms, the history of modern political thought, and gendered labour history.<\/p>\n\n\n\n<figure class=\"wp-block-embed\"><div class=\"wp-block-embed__wrapper\">\nhttps:\/\/intellectualhistoryece.wordpress.com\/168-2\/\n<\/div><\/figure>\n\n\n\n<hr class=\"wp-block-separator\"\/>\n","protected":false},"excerpt":{"rendered":"","protected":false},"author":2,"featured_media":24722,"comment_status":"open","ping_status":"open","sticky":false,"template":"","format":"standard","meta":{"_acf_changed":false,"jetpack_post_was_ever_published":false,"_jetpack_newsletter_access":"","_jetpack_dont_email_post_to_subs":false,"_jetpack_newsletter_tier_id":0,"_jetpack_memberships_contains_paywalled_content":false,"_jetpack_memberships_contains_paid_content":false,"footnotes":"","jetpack_publicize_message":"","jetpack_publicize_feature_enabled":true,"jetpack_social_post_already_shared":true,"jetpack_social_options":{"image_generator_settings":{"template":"highway","default_image_id":0,"font":"","enabled":false},"version":2}},"categories":[3,9],"tags":[],"class_list":["post-24721","post","type-post","status-publish","format-standard","has-post-thumbnail","hentry","category-novosti","category-skupovi"],"acf":{"facebook_opis":""},"jetpack_publicize_connections":[],"jetpack_featured_media_url":"https:\/\/i0.wp.com\/historiografija.hr\/wp-content\/uploads\/2021\/01\/aleksandar-srnec-1959.jpg?fit=1457%2C2000&ssl=1","jetpack_sharing_enabled":true,"jetpack-related-posts":[],"_links":{"self":[{"href":"https:\/\/historiografija.hr\/index.php?rest_route=\/wp\/v2\/posts\/24721","targetHints":{"allow":["GET"]}}],"collection":[{"href":"https:\/\/historiografija.hr\/index.php?rest_route=\/wp\/v2\/posts"}],"about":[{"href":"https:\/\/historiografija.hr\/index.php?rest_route=\/wp\/v2\/types\/post"}],"author":[{"embeddable":true,"href":"https:\/\/historiografija.hr\/index.php?rest_route=\/wp\/v2\/users\/2"}],"replies":[{"embeddable":true,"href":"https:\/\/historiografija.hr\/index.php?rest_route=%2Fwp%2Fv2%2Fcomments&post=24721"}],"version-history":[{"count":1,"href":"https:\/\/historiografija.hr\/index.php?rest_route=\/wp\/v2\/posts\/24721\/revisions"}],"predecessor-version":[{"id":24723,"href":"https:\/\/historiografija.hr\/index.php?rest_route=\/wp\/v2\/posts\/24721\/revisions\/24723"}],"wp:featuredmedia":[{"embeddable":true,"href":"https:\/\/historiografija.hr\/index.php?rest_route=\/wp\/v2\/media\/24722"}],"wp:attachment":[{"href":"https:\/\/historiografija.hr\/index.php?rest_route=%2Fwp%2Fv2%2Fmedia&parent=24721"}],"wp:term":[{"taxonomy":"category","embeddable":true,"href":"https:\/\/historiografija.hr\/index.php?rest_route=%2Fwp%2Fv2%2Fcategories&post=24721"},{"taxonomy":"post_tag","embeddable":true,"href":"https:\/\/historiografija.hr\/index.php?rest_route=%2Fwp%2Fv2%2Ftags&post=24721"}],"curies":[{"name":"wp","href":"https:\/\/api.w.org\/{rel}","templated":true}]}}