{"id":24679,"date":"2021-01-20T10:57:08","date_gmt":"2021-01-20T10:57:08","guid":{"rendered":"http:\/\/historiografija.hr\/?p=24679"},"modified":"2021-01-20T10:57:08","modified_gmt":"2021-01-20T10:57:08","slug":"mahir-guven-dva-brata-prijevod-s-francuskog-natasa-medved","status":"publish","type":"post","link":"https:\/\/historiografija.hr\/?p=24679","title":{"rendered":"Mahir Guven, \u201cDva brata\u201d (prijevod s francuskog: Nata\u0161a Medved)"},"content":{"rendered":"\n<p>\u201cNa dan atentata na Charlie Hebdo slavilo se. Mud\u017eahedini su izvukli svoje kamionete i kru\u017eili u njima gradom pucaju\u0107i iz kala\u0161njikova. Na glavnome trgu plesali su kao na svadbi. \u017dutobradi je \u017ertvovao ovce i podijelio ih svima. Potpuno nestvarno. [&#8230;] A jedna stvar mi nije bila jasna. Dvojica terorista rekla su da rade za Al-Kaidu u Jemenu. A na\u0161i de\u010dki ovdje govorili su kao da su na\u0161i po\u010dinili atentate. To nije bila moja vizija d\u017eihada. Rat treba voditi po\u0161teno, i to \u010dinimo ovdje. No \u0161utio sam. Nisam imao izbora.\u201d<br><br>U svom debitantskom romanu, za koji je 2018. dobio Prix Goncourt, Mahir Guven pi\u0161e o dvojici bra\u0107e, podrijetlom iz Sirije, o mladi\u0107ima odraslima u pari\u0161kom predgra\u0111u i njihovom ocu, o svijetu imigranata prve i druge generacije koji se nastoje integrirati u francusko dru\u0161tvo, o nemilosrdnom svijetu uberiziranih radnika, o \u017eivotu s islamskim militantima u Raki, o svijetu u kojem je od idealizma preko radikalizma do fanatizma mali korak, i o bratskoj ljubavi koja je u kona\u010dnici ja\u010da od svega.<br><br>Mahir Guven (1986.) ro\u0111en je u Nantesu kao osoba bez dr\u017eavljanstva. Njegovi roditelji, majka Turkinja i otac kurdskog podrijetla, u Francusku su do\u0161li kao izbjeglice. Mahir je dobio francusko dr\u017eavljanstvo u dobi od trinaest godina. Odrastao je s bakom u Saint-S\u00e9bastien-sur-Loireu, predgra\u0111u Nantesa. Studirao je na Universit\u00e9 d&#8217;Angers, na pari\u0161kom sveu\u010dili\u0161tu Sorbonne i na Universit\u00e9 Paris-Sud 11. Trenutno radi kao urednik u \u010dasopisu America.<\/p>\n\n\n\n<p>Izvor: <a href=\"http:\/\/www.sandorf.hr\/blogitem.php?item_id=348&amp;tag=Dva%20brata&amp;type=4\">http:\/\/www.sandorf.hr\/blogitem.php?item_id=348&amp;tag=Dva%20brata&amp;type=4<\/a><\/p>\n\n\n\n<hr class=\"wp-block-separator\"\/>\n","protected":false},"excerpt":{"rendered":"","protected":false},"author":2,"featured_media":24680,"comment_status":"open","ping_status":"open","sticky":false,"template":"","format":"standard","meta":{"_acf_changed":false,"jetpack_post_was_ever_published":false,"_jetpack_newsletter_access":"","_jetpack_dont_email_post_to_subs":false,"_jetpack_newsletter_tier_id":0,"_jetpack_memberships_contains_paywalled_content":false,"_jetpack_memberships_contains_paid_content":false,"footnotes":"","jetpack_publicize_message":"","jetpack_publicize_feature_enabled":true,"jetpack_social_post_already_shared":true,"jetpack_social_options":{"image_generator_settings":{"template":"highway","default_image_id":0,"font":"","enabled":false},"version":2}},"categories":[3,12],"tags":[],"class_list":["post-24679","post","type-post","status-publish","format-standard","has-post-thumbnail","hentry","category-novosti","category-knjizevnost"],"acf":{"facebook_opis":""},"jetpack_publicize_connections":[],"jetpack_featured_media_url":"https:\/\/i0.wp.com\/historiografija.hr\/wp-content\/uploads\/2021\/01\/Dva-brata.jpg?fit=400%2C600&ssl=1","jetpack_sharing_enabled":true,"jetpack-related-posts":[],"_links":{"self":[{"href":"https:\/\/historiografija.hr\/index.php?rest_route=\/wp\/v2\/posts\/24679","targetHints":{"allow":["GET"]}}],"collection":[{"href":"https:\/\/historiografija.hr\/index.php?rest_route=\/wp\/v2\/posts"}],"about":[{"href":"https:\/\/historiografija.hr\/index.php?rest_route=\/wp\/v2\/types\/post"}],"author":[{"embeddable":true,"href":"https:\/\/historiografija.hr\/index.php?rest_route=\/wp\/v2\/users\/2"}],"replies":[{"embeddable":true,"href":"https:\/\/historiografija.hr\/index.php?rest_route=%2Fwp%2Fv2%2Fcomments&post=24679"}],"version-history":[{"count":1,"href":"https:\/\/historiografija.hr\/index.php?rest_route=\/wp\/v2\/posts\/24679\/revisions"}],"predecessor-version":[{"id":24681,"href":"https:\/\/historiografija.hr\/index.php?rest_route=\/wp\/v2\/posts\/24679\/revisions\/24681"}],"wp:featuredmedia":[{"embeddable":true,"href":"https:\/\/historiografija.hr\/index.php?rest_route=\/wp\/v2\/media\/24680"}],"wp:attachment":[{"href":"https:\/\/historiografija.hr\/index.php?rest_route=%2Fwp%2Fv2%2Fmedia&parent=24679"}],"wp:term":[{"taxonomy":"category","embeddable":true,"href":"https:\/\/historiografija.hr\/index.php?rest_route=%2Fwp%2Fv2%2Fcategories&post=24679"},{"taxonomy":"post_tag","embeddable":true,"href":"https:\/\/historiografija.hr\/index.php?rest_route=%2Fwp%2Fv2%2Ftags&post=24679"}],"curies":[{"name":"wp","href":"https:\/\/api.w.org\/{rel}","templated":true}]}}