{"id":24661,"date":"2021-01-19T10:42:04","date_gmt":"2021-01-19T10:42:04","guid":{"rendered":"http:\/\/historiografija.hr\/?p=24661"},"modified":"2021-01-19T10:43:10","modified_gmt":"2021-01-19T10:43:10","slug":"kosta-st-pavlovic-dnevnik-1930-1932","status":"publish","type":"post","link":"https:\/\/historiografija.hr\/?p=24661","title":{"rendered":"Kosta St. Pavlovi\u0107: Dnevnik 1930-1932"},"content":{"rendered":"\n<p>Priredili Sr\u0111an Mi\u0107i\u0107 i Nata\u0161a Mili\u0107evi\u0107.<\/p>\n\n\n\n<p><br>Beograd: Istorijski arhiv Beograda; Institut za noviju istoriju Srbije, 2020.<\/p>\n\n\n\n<p><br><br>Dnevni\u010dke bele\u0161ke koje je Kosta Pavlovi\u0107 vodio od 1928 do 1935 samo su delimi\u010dno sa\u010duvane u okviru Legata Koste St. Pavlovi\u0107a u Istorijskom arhivu Beograda. Sa\u010duvane su tri ukori\u010dene knjige, koje po\u010dinju \u201e unosom za 1. septembar 1930. i prekidaju se sa unosom za 4. januar 1934. godine (ovaj unos nije u celosti sa\u010duvan, jer je re\u010denica na kraju poslednje strane prekinuta).<br><br>U pojedinim unosima Kosta Pavlovi\u0107 dodatno je umetao ise\u010dke iz novina i zvani\u010dnih publikacija o govorima pojedinih dr\u017eavnika i diplomata u Narodnoj skup\u0161tini i Dru\u0161tvu naroda.<br><br>Dnevni\u010dke bele\u0161ke koje je Kosta Pavlovi\u0107 vodio u vreme dok je bio li\u010dni sekretar Vojislava Marinkovi\u0107a, 1930-1932, predstavljaju zna\u010dajan istorijski izvor za istra\u017eiva\u010de i \u0161iru javnost. Informacije su glavnom ta\u010dne i precizne, \u0161to je potvr\u0111eno u velikom broju slu\u010dajeva pore\u0111enjem s drugim izvorima i dosada\u0161njim saznanjima u istoriografiji. Knjigu prati uvodna studija i bogato je opremljena komentarima koji detaljno obja\u0161njavaju li\u010dnosti i doga\u0111aje koji se pominju u knjizi.<\/p>\n\n\n\n<hr class=\"wp-block-separator\"\/>\n\n\n\n<p>Izvor:<\/p>\n\n\n\n<p><a href=\"https:\/\/www.inisbgd.co.rs\/cir\/vesti\/34\/2020\/12\/14\/kosta-st_-pavlovic_-dnevnik-19301932.html\">https:\/\/www.inisbgd.co.rs\/cir\/vesti\/34\/2020\/12\/14\/kosta-st_-pavlovic_-dnevnik-19301932.html<\/a><\/p>\n\n\n\n<hr class=\"wp-block-separator\"\/>\n","protected":false},"excerpt":{"rendered":"","protected":false},"author":2,"featured_media":24662,"comment_status":"open","ping_status":"open","sticky":false,"template":"","format":"standard","meta":{"_acf_changed":false,"jetpack_post_was_ever_published":false,"_jetpack_newsletter_access":"","_jetpack_dont_email_post_to_subs":false,"_jetpack_newsletter_tier_id":0,"_jetpack_memberships_contains_paywalled_content":false,"_jetpack_memberships_contains_paid_content":false,"footnotes":"","jetpack_publicize_message":"","jetpack_publicize_feature_enabled":true,"jetpack_social_post_already_shared":true,"jetpack_social_options":{"image_generator_settings":{"template":"highway","default_image_id":0,"font":"","enabled":false},"version":2}},"categories":[8,3],"tags":[],"class_list":["post-24661","post","type-post","status-publish","format-standard","has-post-thumbnail","hentry","category-knjige","category-novosti"],"acf":{"facebook_opis":""},"jetpack_publicize_connections":[],"jetpack_featured_media_url":"https:\/\/i0.wp.com\/historiografija.hr\/wp-content\/uploads\/2021\/01\/Pavlovic.jpg?fit=220%2C266&ssl=1","jetpack_sharing_enabled":true,"jetpack-related-posts":[],"_links":{"self":[{"href":"https:\/\/historiografija.hr\/index.php?rest_route=\/wp\/v2\/posts\/24661","targetHints":{"allow":["GET"]}}],"collection":[{"href":"https:\/\/historiografija.hr\/index.php?rest_route=\/wp\/v2\/posts"}],"about":[{"href":"https:\/\/historiografija.hr\/index.php?rest_route=\/wp\/v2\/types\/post"}],"author":[{"embeddable":true,"href":"https:\/\/historiografija.hr\/index.php?rest_route=\/wp\/v2\/users\/2"}],"replies":[{"embeddable":true,"href":"https:\/\/historiografija.hr\/index.php?rest_route=%2Fwp%2Fv2%2Fcomments&post=24661"}],"version-history":[{"count":3,"href":"https:\/\/historiografija.hr\/index.php?rest_route=\/wp\/v2\/posts\/24661\/revisions"}],"predecessor-version":[{"id":24665,"href":"https:\/\/historiografija.hr\/index.php?rest_route=\/wp\/v2\/posts\/24661\/revisions\/24665"}],"wp:featuredmedia":[{"embeddable":true,"href":"https:\/\/historiografija.hr\/index.php?rest_route=\/wp\/v2\/media\/24662"}],"wp:attachment":[{"href":"https:\/\/historiografija.hr\/index.php?rest_route=%2Fwp%2Fv2%2Fmedia&parent=24661"}],"wp:term":[{"taxonomy":"category","embeddable":true,"href":"https:\/\/historiografija.hr\/index.php?rest_route=%2Fwp%2Fv2%2Fcategories&post=24661"},{"taxonomy":"post_tag","embeddable":true,"href":"https:\/\/historiografija.hr\/index.php?rest_route=%2Fwp%2Fv2%2Ftags&post=24661"}],"curies":[{"name":"wp","href":"https:\/\/api.w.org\/{rel}","templated":true}]}}