{"id":24657,"date":"2021-01-19T10:32:33","date_gmt":"2021-01-19T10:32:33","guid":{"rendered":"http:\/\/historiografija.hr\/?p=24657"},"modified":"2021-01-19T10:32:33","modified_gmt":"2021-01-19T10:32:33","slug":"vladan-jovanovic-opijum-na-balkanu-proizvodnja-i-promet-opojnih-droga-1918-1941","status":"publish","type":"post","link":"https:\/\/historiografija.hr\/?p=24657","title":{"rendered":"Vladan Jovanovi\u0107, \u201cOpijum na Balkanu. Proizvodnja i promet opojnih droga 1918. \u2013 1941.\u201d"},"content":{"rendered":"\n<p>Knjiga obra\u0111uje jednu nedovoljno poznatu i istra\u017eenu temu ekonomske i socio-kulturolo\u0161ke povijesti jugoslavenske dr\u017eave izme\u0111u dva svjetska rata.<\/p>\n\n\n\n<p>Prvi dio posve\u0107en je povijesnom pregledu opijumskog pitanja i genezi njegove stigmatizacije diljem svijeta. Rekonstrukcija slo\u017eenih kontrolnih mehanizama koji su se neprekidno transformirali uslijed sve slabijih u\u010dinaka politike kriminalizacije opojnih droga iziskivala je op\u0161irniji prikaz okolnosti u kojima su se donosile restriktivne me\u0111unarodne konvencije. Tako\u0111er, iscrpna rekonstrukcija svjetskih krijum\u010darskih organizacija u funkciji je lak\u0161eg razumijevanja tokova opijumskog prometa o kojima govore tre\u0107i i \u010detvrti dio knjige. U drugom dijelu prikazane su razvojne faze proizvodnje makedonskog opijuma \u2013 va\u017ene sirovine u farmaceutskoj industriji, njegova otkupa, unutarnjeg prometa te evolucije njegove tvorni\u010dke prerade u samoj Jugoslaviji.<\/p>\n\n\n\n<p>Drugi je dio knjige posve\u0107en jugoslavenskim prilikama, prvenstveno uvo\u0111enju dr\u017eavnoga otkupnog i izvoznog monopola koji \u0107e uvelike preformatirati \u010ditavo opijumsko pitanje \u010dine\u0107i ga sastavnim dijelom dr\u017eavne ekonomske politike. Poseban naglasak stavljen je na nespretne za\u010detke prerade opijuma u Jugoslaviji i njegove me\u0111unarodne implikacije. Tre\u0107i dio obra\u0111uje kaoti\u010dno stanje izvoza sirovog opijuma i poku\u0161aje njegove standardizacije. U svjetlu bilateralnih odnosa Turske i Kraljevine Jugoslavije predstavljen je njihov zajedni\u010dki izvozni\u010dki pothvat \u010dije su kontroverzije presudno utjecale na tokove i efekte opijumske izvozne politike i poslovanje na ameri\u010dkom tr\u017ei\u0161tu. Posljednjim dijelom knjige dominira raspolo\u017eiva gra\u0111a o krijum\u010darenju opijuma i opijata na Balkanu, smje\u0161tena u kontekst transnacionalnog kriminala \u010diji su se obrisi naslu\u0107ivali jo\u0161 od kraja 1920-ih.<\/p>\n\n\n\n<p>Broj stranica: 324<\/p>\n\n\n\n<p>Godina izdanja: 2020.<\/p>\n\n\n\n<p>Izvor: <a href=\"https:\/\/www.agm.hr\/hr\/shop\/opijum-na-balkanu,725.html\">https:\/\/www.agm.hr\/hr\/shop\/opijum-na-balkanu,725.html<\/a><\/p>\n\n\n\n<hr class=\"wp-block-separator\"\/>\n","protected":false},"excerpt":{"rendered":"","protected":false},"author":2,"featured_media":24658,"comment_status":"open","ping_status":"open","sticky":false,"template":"","format":"standard","meta":{"_acf_changed":false,"jetpack_post_was_ever_published":false,"_jetpack_newsletter_access":"","_jetpack_dont_email_post_to_subs":false,"_jetpack_newsletter_tier_id":0,"_jetpack_memberships_contains_paywalled_content":false,"_jetpack_memberships_contains_paid_content":false,"footnotes":"","jetpack_publicize_message":"","jetpack_publicize_feature_enabled":true,"jetpack_social_post_already_shared":true,"jetpack_social_options":{"image_generator_settings":{"template":"highway","default_image_id":0,"font":"","enabled":false},"version":2}},"categories":[8,3],"tags":[],"class_list":["post-24657","post","type-post","status-publish","format-standard","has-post-thumbnail","hentry","category-knjige","category-novosti"],"acf":{"facebook_opis":""},"jetpack_publicize_connections":[],"jetpack_featured_media_url":"https:\/\/i0.wp.com\/historiografija.hr\/wp-content\/uploads\/2021\/01\/OPIJUM-NA-BALKANU.jpg?fit=287%2C431&ssl=1","jetpack_sharing_enabled":true,"jetpack-related-posts":[],"_links":{"self":[{"href":"https:\/\/historiografija.hr\/index.php?rest_route=\/wp\/v2\/posts\/24657","targetHints":{"allow":["GET"]}}],"collection":[{"href":"https:\/\/historiografija.hr\/index.php?rest_route=\/wp\/v2\/posts"}],"about":[{"href":"https:\/\/historiografija.hr\/index.php?rest_route=\/wp\/v2\/types\/post"}],"author":[{"embeddable":true,"href":"https:\/\/historiografija.hr\/index.php?rest_route=\/wp\/v2\/users\/2"}],"replies":[{"embeddable":true,"href":"https:\/\/historiografija.hr\/index.php?rest_route=%2Fwp%2Fv2%2Fcomments&post=24657"}],"version-history":[{"count":1,"href":"https:\/\/historiografija.hr\/index.php?rest_route=\/wp\/v2\/posts\/24657\/revisions"}],"predecessor-version":[{"id":24659,"href":"https:\/\/historiografija.hr\/index.php?rest_route=\/wp\/v2\/posts\/24657\/revisions\/24659"}],"wp:featuredmedia":[{"embeddable":true,"href":"https:\/\/historiografija.hr\/index.php?rest_route=\/wp\/v2\/media\/24658"}],"wp:attachment":[{"href":"https:\/\/historiografija.hr\/index.php?rest_route=%2Fwp%2Fv2%2Fmedia&parent=24657"}],"wp:term":[{"taxonomy":"category","embeddable":true,"href":"https:\/\/historiografija.hr\/index.php?rest_route=%2Fwp%2Fv2%2Fcategories&post=24657"},{"taxonomy":"post_tag","embeddable":true,"href":"https:\/\/historiografija.hr\/index.php?rest_route=%2Fwp%2Fv2%2Ftags&post=24657"}],"curies":[{"name":"wp","href":"https:\/\/api.w.org\/{rel}","templated":true}]}}