{"id":24637,"date":"2021-01-18T17:53:45","date_gmt":"2021-01-18T17:53:45","guid":{"rendered":"http:\/\/historiografija.hr\/?p=24637"},"modified":"2021-01-18T17:53:45","modified_gmt":"2021-01-18T17:53:45","slug":"ernst-toller-jedna-mladost-u-njemackoj-s-njemackog-prevela-vesna-vukovic","status":"publish","type":"post","link":"https:\/\/historiografija.hr\/?p=24637","title":{"rendered":"Ernst Toller, &#8220;Jedna mladost u Njema\u010dkoj&#8221; \/ s njema\u010dkog prevela Vesna Vukovi\u0107"},"content":{"rendered":"\n<p>Biografije tek rijetko dosegnu kompleksnost individualnih \u017eivota, mnoge konture \u201epotpunog \u010dovjeka\u201c ostanu neosvijetljene, svi momenti ga u svakom trenutku &#8211; prema rije\u010dima Karoline von G\u00fcnderrode moraju odre\u0111ivati i obja\u0161njavati, a posebno to vrijedi za knjige koje poput ove portretiraju javnog \u010dovjeka.<\/p>\n\n\n\n<p>U njoj se ne opisuje samo moja mladost, ve\u0107 mladost \u010ditave jedne generacije, a s njom i dio suvremene povijesti. Ta je mladost kro\u010dila mnogim putevima, slijedila kriva bo\u017eanstva i krive vo\u0111e, ali je neprestano tra\u017eila bistrinu i zakone uma.<\/p>\n\n\n\n<p>Tko \u017eeli razumjeti slom 1933., mora se upoznati s doga\u0111ajima u Njema\u010dkoj 1918.-1919. o kojima ovdje pripovijedam.<\/p>\n\n\n\n<hr class=\"wp-block-separator\"\/>\n\n\n\n<p>Zagreb: DAF, 2020.<\/p>\n\n\n\n<p>259 str.<\/p>\n\n\n\n<p>Biblioteka Mali DAF; knj. 16<\/p>\n\n\n\n<p>Prijevod djela: Eine Jugend in Deutschland<\/p>\n\n\n\n<p>Str. 9-13: Ernst Toller: umjetnost i politika \/ Vesna Vukovi\u0107<\/p>\n\n\n\n<hr class=\"wp-block-separator\"\/>\n\n\n\n<p>Izvor: <a href=\"https:\/\/www.daf.hr\/novosti\/jedna-mladost-u-njemackoj\">https:\/\/www.daf.hr\/novosti\/jedna-mladost-u-njemackoj<\/a><\/p>\n\n\n\n<hr class=\"wp-block-separator\"\/>\n","protected":false},"excerpt":{"rendered":"","protected":false},"author":2,"featured_media":24638,"comment_status":"open","ping_status":"open","sticky":false,"template":"","format":"standard","meta":{"_acf_changed":false,"jetpack_post_was_ever_published":false,"_jetpack_newsletter_access":"","_jetpack_dont_email_post_to_subs":false,"_jetpack_newsletter_tier_id":0,"_jetpack_memberships_contains_paywalled_content":false,"_jetpack_memberships_contains_paid_content":false,"footnotes":"","jetpack_publicize_message":"","jetpack_publicize_feature_enabled":true,"jetpack_social_post_already_shared":true,"jetpack_social_options":{"image_generator_settings":{"template":"highway","default_image_id":0,"font":"","enabled":false},"version":2}},"categories":[8,3,12],"tags":[],"class_list":["post-24637","post","type-post","status-publish","format-standard","has-post-thumbnail","hentry","category-knjige","category-novosti","category-knjizevnost"],"acf":{"facebook_opis":""},"jetpack_publicize_connections":[],"jetpack_featured_media_url":"https:\/\/i0.wp.com\/historiografija.hr\/wp-content\/uploads\/2021\/01\/toller.jpg?fit=577%2C790&ssl=1","jetpack_sharing_enabled":true,"jetpack-related-posts":[],"_links":{"self":[{"href":"https:\/\/historiografija.hr\/index.php?rest_route=\/wp\/v2\/posts\/24637","targetHints":{"allow":["GET"]}}],"collection":[{"href":"https:\/\/historiografija.hr\/index.php?rest_route=\/wp\/v2\/posts"}],"about":[{"href":"https:\/\/historiografija.hr\/index.php?rest_route=\/wp\/v2\/types\/post"}],"author":[{"embeddable":true,"href":"https:\/\/historiografija.hr\/index.php?rest_route=\/wp\/v2\/users\/2"}],"replies":[{"embeddable":true,"href":"https:\/\/historiografija.hr\/index.php?rest_route=%2Fwp%2Fv2%2Fcomments&post=24637"}],"version-history":[{"count":1,"href":"https:\/\/historiografija.hr\/index.php?rest_route=\/wp\/v2\/posts\/24637\/revisions"}],"predecessor-version":[{"id":24639,"href":"https:\/\/historiografija.hr\/index.php?rest_route=\/wp\/v2\/posts\/24637\/revisions\/24639"}],"wp:featuredmedia":[{"embeddable":true,"href":"https:\/\/historiografija.hr\/index.php?rest_route=\/wp\/v2\/media\/24638"}],"wp:attachment":[{"href":"https:\/\/historiografija.hr\/index.php?rest_route=%2Fwp%2Fv2%2Fmedia&parent=24637"}],"wp:term":[{"taxonomy":"category","embeddable":true,"href":"https:\/\/historiografija.hr\/index.php?rest_route=%2Fwp%2Fv2%2Fcategories&post=24637"},{"taxonomy":"post_tag","embeddable":true,"href":"https:\/\/historiografija.hr\/index.php?rest_route=%2Fwp%2Fv2%2Ftags&post=24637"}],"curies":[{"name":"wp","href":"https:\/\/api.w.org\/{rel}","templated":true}]}}