{"id":24615,"date":"2021-01-15T21:50:27","date_gmt":"2021-01-15T21:50:27","guid":{"rendered":"http:\/\/historiografija.hr\/?p=24615"},"modified":"2021-01-15T21:50:27","modified_gmt":"2021-01-15T21:50:27","slug":"talijanska-serija-ime-ruze","status":"publish","type":"post","link":"https:\/\/historiografija.hr\/?p=24615","title":{"rendered":"Talijanska serija Ime ru\u017ee"},"content":{"rendered":"\n<p><strong>U nedjelju 17. sije\u010dnja na Drugom programu HTV-a\u00a0u 21:45 po\u010dinjemo s prikazivanjem serije Ime ru\u017ee\u00a0snimljene prema istoimenom glasovitom romanu Umberta Eca te nastale u produkciji RAI-a.<\/strong><\/p>\n\n\n\n<p><strong><br><\/strong>Sjeverna Italija 1327. godine. Brat Vilim od Baskervillea sti\u017ee u benediktinsku opatiju u Alpama, odvojenu od svijeta. O\u010dekuje ga va\u017ena rasprava. Predstavljat \u0107e franjeva\u010dki red koji ima podr\u0161ku Ludviga Bavarskog, budu\u0107ega cara Svetog Rimskog Carstva, ali kojem prijeti temporalna mo\u0107 francuskog pape Ivana XXII.<br><br>S Vilimom putuje Adso, mladi benediktinski novak. Odbaciv\u0161i \u017eivot koji mu je namijenio njegov otac, barun koji podr\u017eava cara, Adso je za vo\u0111u na svojem duhovnom putu odabrao Vilima.<br><br>\u010cim su stigli, opat im otkriva kakvo neugodno ozra\u010dje vlada u opatiji \u010dija knji\u017enica sadr\u017ei rukopise neprocjenjive vrijednosti i gdje vlada nekoliko nerije\u0161enih tajni. Ubojstvom redovnika Adelma pokre\u0107e se niz nedjela koja, jednom po jednom, odnose \u017eivote redovnicima opatije. Prema odredbama opata Aba, Vilim mora prona\u0107i tko je tajanstveni serijski ubojica i otkriti njegove motive prije po\u010detka teolo\u0161ke rasprave izme\u0111u franjeva\u010dkog i papinskog izaslanstva koje vodi nesmiljeni dominikanski inkvizitor Bernard Gui.<br><br>U sklopu istrage Vilim otkrije da u opatiji kao uljezi \u017eive Remigio i Salvatore, sljedbenici hereti\u010dke sekte fra Dolcina, nakon \u0161to su pre\u017eivjeli pokolj svojih istomi\u0161ljenika. Od pokolja je pobjegla i mlada Anna, k\u0107i fra Dolcina i njegove dru\u017eice Margherite. Anna je obuzeta \u017eeljom da se osveti Guiju koji joj je oduzeo najmilije, njezina sina i njezina mu\u017ea, kad je napao i zapalio hereti\u010dko selo Pietranera.<br><br>Adso aktivno sudjeluje u istrazi koju provodi njegov u\u010ditelj Vilim, ali susret s lijepom crvenokosom djevojkom, bjegunkom od okcitanskog rata, koja je ostala siro\u010de, natjera ga da preispita svoj poziv. Vilim sluti da opatija krije klju\u010d tajne u labirintu svoje glasovite knji\u017enice. Ali ve\u0107 kad se \u010dini da je na pragu otkri\u0107a zagonetke, sve se po\u010dinje raspadati.<br><br>\u010cim je stigao, zli Bernard Gui otkriva svoje namjere: po svaku cijenu razvrgnuti franjeva\u010dki red. Dominikanac preuzima vlast nad opatijom, privodi ljude, mu\u010di ih i nastoji prona\u0107i dokaz da su franjevci uklju\u010deni u niz zlo\u010dina. Vilim se suo\u010dava s brutalnim inkvizitorom u opetovanim verbalnim sukobima, u kojem se sudaraju dva sukobljena svijeta. Istodobno Vilim nastavlja svoju neizvjesnu istragu slu\u017ee\u0107i se inteligencijom i ironijom koje ga karakteriziraju, sve dok ne otkrije istinu.<br><br>To je istraga koja je cijele nara\u0161taje \u010ditatelja diljem svijeta dr\u017eala u napetosti.<br><br>Sadr\u017eaj 1. epizode pro\u010ditajte na rasporedu emitiranja.<br><br>U seriji IL NOME DELLA ROSA glume <strong>John Turturro<\/strong> (Vilim od Baskervillea), <strong>Rupert Everett<\/strong> (Bernard Gui), <strong>Damian Hardung<\/strong> (Adson iz Melka), <strong>Fabrizio<\/strong> <strong>Bentivoglio<\/strong>, <strong>Greta Scarano<\/strong> (Margherita \/ Anna), <strong>Richard Sammel<\/strong>, <strong>Stefano<\/strong> <strong>Fresi<\/strong>, <strong>Roberto Herlitzka<\/strong>, <strong>Fausto<\/strong> <strong>Maria Sciarappa<\/strong>, <strong>Maurizio Lombardi<\/strong>, <strong>Antonia Fotaras<\/strong>, <strong>Guglielmo Favilla<\/strong>, <strong>Piotr Adamczyk<\/strong>, <strong>Tch\u00e9ky Karyo<\/strong>, <strong>Benjamin<\/strong> <strong>Stender<\/strong>, <strong>Claudio Bigagli<\/strong>, <strong>Corrado Invernizzi<\/strong>, <strong>Max Malatesta<\/strong>, <strong>Alessio Boni<\/strong>, <strong>Sebastian Koch<\/strong>, <strong>James Cosmo<\/strong>, <strong>Michael Emerson<\/strong>.<br><br>Redatelj je <strong>Giacomo Battiato<\/strong>, a seriju je odabrala <strong>Martina Raj\u0161ek<\/strong>.<\/p>\n\n\n\n<p>Izvor i dodatne informacije:<\/p>\n\n\n\n<p><a href=\"https:\/\/hrtprikazuje.hrt.hr\/698676\/talijanska-serija-u-ime-ruze\">https:\/\/hrtprikazuje.hrt.hr\/698676\/talijanska-serija-u-ime-ruze<\/a><\/p>\n\n\n\n<p><a href=\"https:\/\/raspored.hrt.hr\/\">https:\/\/raspored.hrt.hr\/<\/a><\/p>\n\n\n\n<hr class=\"wp-block-separator\"\/>\n","protected":false},"excerpt":{"rendered":"","protected":false},"author":2,"featured_media":24616,"comment_status":"open","ping_status":"open","sticky":false,"template":"","format":"standard","meta":{"_acf_changed":false,"jetpack_post_was_ever_published":false,"_jetpack_newsletter_access":"","_jetpack_dont_email_post_to_subs":false,"_jetpack_newsletter_tier_id":0,"_jetpack_memberships_contains_paywalled_content":false,"_jetpack_memberships_contains_paid_content":false,"footnotes":"","jetpack_publicize_message":"","jetpack_publicize_feature_enabled":true,"jetpack_social_post_already_shared":true,"jetpack_social_options":{"image_generator_settings":{"template":"highway","default_image_id":0,"font":"","enabled":false},"version":2}},"categories":[13,3],"tags":[],"class_list":["post-24615","post","type-post","status-publish","format-standard","has-post-thumbnail","hentry","category-filmovi-i-serije","category-novosti"],"acf":{"facebook_opis":""},"jetpack_publicize_connections":[],"jetpack_featured_media_url":"https:\/\/i0.wp.com\/historiografija.hr\/wp-content\/uploads\/2021\/01\/IL_NOME_DELLA_ROSA.jpg?fit=688%2C388&ssl=1","jetpack_sharing_enabled":true,"jetpack-related-posts":[{"id":52547,"url":"https:\/\/historiografija.hr\/?p=52547","url_meta":{"origin":24615,"position":0},"title":"ISHA Zagreb \u2013 Filmska ve\u010der: Povratak Martina Guerrea","author":"Branimir Jankovi\u0107","date":"20. travnja 2026.","format":false,"excerpt":"Klub studenata povijesti \u2013 ISHA Zagreb poziva Vas na filmsku ve\u010der na kojoj \u0107e se prikazivati \u201ePovratak Martina Guerrea\u201c, povijesna drama iz 1982. godine s radnjom smje\u0161tenom u 16. stolje\u0107u. Radnja je utemeljena na stvarnoj povijesnoj li\u010dnosti Martina Guerrea koji se nakon mnogo godina izbivanja vra\u0107a u svoje rodno mjesto\u2026","rel":"","context":"U &quot;Filmovi i serije&quot;","block_context":{"text":"Filmovi i serije","link":"https:\/\/historiografija.hr\/?cat=13"},"img":{"alt_text":"","src":"https:\/\/i0.wp.com\/historiografija.hr\/wp-content\/uploads\/2026\/04\/M-Guerre.png?fit=702%2C1006&ssl=1&resize=350%2C200","width":350,"height":200,"srcset":"https:\/\/i0.wp.com\/historiografija.hr\/wp-content\/uploads\/2026\/04\/M-Guerre.png?fit=702%2C1006&ssl=1&resize=350%2C200 1x, https:\/\/i0.wp.com\/historiografija.hr\/wp-content\/uploads\/2026\/04\/M-Guerre.png?fit=702%2C1006&ssl=1&resize=525%2C300 1.5x, https:\/\/i0.wp.com\/historiografija.hr\/wp-content\/uploads\/2026\/04\/M-Guerre.png?fit=702%2C1006&ssl=1&resize=700%2C400 2x"},"classes":[]},{"id":52505,"url":"https:\/\/historiografija.hr\/?p=52505","url_meta":{"origin":24615,"position":1},"title":"Izlo\u017eba &#8220;Eschenstock \/ Jasenov prut&#8221;","author":"Branimir Jankovi\u0107","date":"17. travnja 2026.","format":false,"excerpt":"Srpsko narodno vije\u0107e (SNV) i Vizura aperta postavljaju izlo\u017ebu \u0161vicarskog slikara Velimira Ili\u0161evi\u0107a: Eschenstock \/ Jasenov prut. Izlo\u017eba se uz prisustvo autora otvara povodom 81. godi\u0161njice proboja logora\u0161a iz usta\u0161kog logora smrti Jasenovac 22. aprila 2026. u 19 sati u Srpskom kulturnom centru (SKC) u Preradovi\u0107evoj ulici 21 u Zagrebu.\u2026","rel":"","context":"U &quot;Izlo\u017ebe&quot;","block_context":{"text":"Izlo\u017ebe","link":"https:\/\/historiografija.hr\/?cat=10"},"img":{"alt_text":"","src":"https:\/\/i0.wp.com\/historiografija.hr\/wp-content\/uploads\/2026\/04\/Jasenov_prut.jpg?fit=1024%2C640&ssl=1&resize=350%2C200","width":350,"height":200,"srcset":"https:\/\/i0.wp.com\/historiografija.hr\/wp-content\/uploads\/2026\/04\/Jasenov_prut.jpg?fit=1024%2C640&ssl=1&resize=350%2C200 1x, https:\/\/i0.wp.com\/historiografija.hr\/wp-content\/uploads\/2026\/04\/Jasenov_prut.jpg?fit=1024%2C640&ssl=1&resize=525%2C300 1.5x, https:\/\/i0.wp.com\/historiografija.hr\/wp-content\/uploads\/2026\/04\/Jasenov_prut.jpg?fit=1024%2C640&ssl=1&resize=700%2C400 2x"},"classes":[]},{"id":52502,"url":"https:\/\/historiografija.hr\/?p=52502","url_meta":{"origin":24615,"position":2},"title":"Novi znanstveni projekt Hrvatskog instituta za povijest: \u201c\u017drtve ratova i dr\u017eavnog\/politi\u010dkog nasilja u hrvatskoj povijesti 20. stolje\u0107a\u201d","author":"Branimir Jankovi\u0107","date":"17. travnja 2026.","format":false,"excerpt":"Na redovitoj sjednici Vlade RH, 16. travnja 2026., donijet je Zaklju\u010dak kojim se pokre\u0107e znanstveni projekt \u201c\u017drtve ratova i dr\u017eavnog\/politi\u010dkog nasilja u hrvatskoj povijesti 20. stolje\u0107a\u201d. Projekt \u0107e provoditi i koordinirati Hrvatski institut za povijest u razdoblju trajanja projekta od pet godina. Zakljucak Vlade RH Iz teksta projektnog prijedloga: Problematika\u2026","rel":"","context":"U &quot;Novosti&quot;","block_context":{"text":"Novosti","link":"https:\/\/historiografija.hr\/?cat=3"},"img":{"alt_text":"","src":"https:\/\/i0.wp.com\/historiografija.hr\/wp-content\/uploads\/2026\/04\/Vlada-RH.jpg?fit=1200%2C557&ssl=1&resize=350%2C200","width":350,"height":200,"srcset":"https:\/\/i0.wp.com\/historiografija.hr\/wp-content\/uploads\/2026\/04\/Vlada-RH.jpg?fit=1200%2C557&ssl=1&resize=350%2C200 1x, https:\/\/i0.wp.com\/historiografija.hr\/wp-content\/uploads\/2026\/04\/Vlada-RH.jpg?fit=1200%2C557&ssl=1&resize=525%2C300 1.5x, https:\/\/i0.wp.com\/historiografija.hr\/wp-content\/uploads\/2026\/04\/Vlada-RH.jpg?fit=1200%2C557&ssl=1&resize=700%2C400 2x, https:\/\/i0.wp.com\/historiografija.hr\/wp-content\/uploads\/2026\/04\/Vlada-RH.jpg?fit=1200%2C557&ssl=1&resize=1050%2C600 3x"},"classes":[]},{"id":52536,"url":"https:\/\/historiografija.hr\/?p=52536","url_meta":{"origin":24615,"position":3},"title":"Kader Abdolah, \u201ePrije nego \u0161to bude kasno\u201c","author":"Branimir Jankovi\u0107","date":"20. travnja 2026.","format":false,"excerpt":"Kader Abdolah \u017eeli se vratiti ku\u0107i. Ali povratak je nemogu\u0107: u Iranu bi bio uhap\u0161en. Pod la\u017enim imenom i s krivotvorenim paso\u0161em ipak uspijeva u\u0107i u domovinu i sti\u017ee do roditeljske ku\u0107e, visoko u planinama. Majka ga ne prepoznaje, otac je mrtav, a sve \u0161to je tra\u017eio izmi\u010de mu pred\u2026","rel":"","context":"U &quot;Novosti&quot;","block_context":{"text":"Novosti","link":"https:\/\/historiografija.hr\/?cat=3"},"img":{"alt_text":"","src":"https:\/\/i0.wp.com\/historiografija.hr\/wp-content\/uploads\/2026\/04\/Prije-nego-sto-bude-kasno.webp?fit=566%2C872&ssl=1&resize=350%2C200","width":350,"height":200,"srcset":"https:\/\/i0.wp.com\/historiografija.hr\/wp-content\/uploads\/2026\/04\/Prije-nego-sto-bude-kasno.webp?fit=566%2C872&ssl=1&resize=350%2C200 1x, https:\/\/i0.wp.com\/historiografija.hr\/wp-content\/uploads\/2026\/04\/Prije-nego-sto-bude-kasno.webp?fit=566%2C872&ssl=1&resize=525%2C300 1.5x"},"classes":[]},{"id":52733,"url":"https:\/\/historiografija.hr\/?p=52733","url_meta":{"origin":24615,"position":4},"title":"Vlado Raji\u0107 \u201eGranica na kraju stolje\u0107a\u201c","author":"Filip \u0160imunjak","date":"29. travnja 2026.","format":false,"excerpt":"U suizdanju Durieuxa i Beletre objavljena je 2025. godine knjiga Granica na kraju stolje\u0107a autora Vlade Raji\u0107a.\u00a0 O knjizi\u00a0 Romansirana biografija Vladimira Iblera mnogo je vi\u0161e od zanimljive pri\u010de o privatnom \u017eivotu i impresivnoj profesionalnoj karijeri istaknutog stru\u010dnjaka za me\u0111unarodno pravo i dugo\u00adgodi\u0161njeg profesora na zagreba\u010dkom Pravnom fakultetu, akademika, koji\u2026","rel":"","context":"U &quot;Knjige&quot;","block_context":{"text":"Knjige","link":"https:\/\/historiografija.hr\/?cat=8"},"img":{"alt_text":"","src":"https:\/\/i0.wp.com\/historiografija.hr\/wp-content\/uploads\/2026\/04\/VLADO-RAJIC-GRANICA-NA-KRAJU-STOLJECA.jpg?fit=450%2C650&ssl=1&resize=350%2C200","width":350,"height":200},"classes":[]},{"id":52619,"url":"https:\/\/historiografija.hr\/?p=52619","url_meta":{"origin":24615,"position":5},"title":"Predavanje \u0110ur\u0111ice Vitkovi\u0107 &#8220;Izme\u0111u pera i objektiva: Zagorka i Foto Tonka&#8221;","author":"Branimir Jankovi\u0107","date":"23. travnja 2026.","format":false,"excerpt":"Memorijalni stan Marije Juri\u0107 Zagorke poziva Vas na predavanje \u0110ur\u0111ice Vitkovi\u0107 \u201eIzme\u0111u pera i objektiva: Zagorka i Foto Tonka\u201c koje \u0107e se odr\u017eati u utorak, 28. travnja 2026. s po\u010detkom u 18 h u sklopu Ciklusa predavanja u Memorijalnom stanu Marije Juri\u0107 Zagorke. Kako su se susrele knji\u017eevnost i fotografija\u2026","rel":"","context":"U &quot;Novosti&quot;","block_context":{"text":"Novosti","link":"https:\/\/historiografija.hr\/?cat=3"},"img":{"alt_text":"","src":"https:\/\/i0.wp.com\/historiografija.hr\/wp-content\/uploads\/2024\/11\/Zagorka_ciklus.jpg?fit=1200%2C1006&ssl=1&resize=350%2C200","width":350,"height":200,"srcset":"https:\/\/i0.wp.com\/historiografija.hr\/wp-content\/uploads\/2024\/11\/Zagorka_ciklus.jpg?fit=1200%2C1006&ssl=1&resize=350%2C200 1x, https:\/\/i0.wp.com\/historiografija.hr\/wp-content\/uploads\/2024\/11\/Zagorka_ciklus.jpg?fit=1200%2C1006&ssl=1&resize=525%2C300 1.5x, https:\/\/i0.wp.com\/historiografija.hr\/wp-content\/uploads\/2024\/11\/Zagorka_ciklus.jpg?fit=1200%2C1006&ssl=1&resize=700%2C400 2x, https:\/\/i0.wp.com\/historiografija.hr\/wp-content\/uploads\/2024\/11\/Zagorka_ciklus.jpg?fit=1200%2C1006&ssl=1&resize=1050%2C600 3x"},"classes":[]}],"_links":{"self":[{"href":"https:\/\/historiografija.hr\/index.php?rest_route=\/wp\/v2\/posts\/24615","targetHints":{"allow":["GET"]}}],"collection":[{"href":"https:\/\/historiografija.hr\/index.php?rest_route=\/wp\/v2\/posts"}],"about":[{"href":"https:\/\/historiografija.hr\/index.php?rest_route=\/wp\/v2\/types\/post"}],"author":[{"embeddable":true,"href":"https:\/\/historiografija.hr\/index.php?rest_route=\/wp\/v2\/users\/2"}],"replies":[{"embeddable":true,"href":"https:\/\/historiografija.hr\/index.php?rest_route=%2Fwp%2Fv2%2Fcomments&post=24615"}],"version-history":[{"count":1,"href":"https:\/\/historiografija.hr\/index.php?rest_route=\/wp\/v2\/posts\/24615\/revisions"}],"predecessor-version":[{"id":24617,"href":"https:\/\/historiografija.hr\/index.php?rest_route=\/wp\/v2\/posts\/24615\/revisions\/24617"}],"wp:featuredmedia":[{"embeddable":true,"href":"https:\/\/historiografija.hr\/index.php?rest_route=\/wp\/v2\/media\/24616"}],"wp:attachment":[{"href":"https:\/\/historiografija.hr\/index.php?rest_route=%2Fwp%2Fv2%2Fmedia&parent=24615"}],"wp:term":[{"taxonomy":"category","embeddable":true,"href":"https:\/\/historiografija.hr\/index.php?rest_route=%2Fwp%2Fv2%2Fcategories&post=24615"},{"taxonomy":"post_tag","embeddable":true,"href":"https:\/\/historiografija.hr\/index.php?rest_route=%2Fwp%2Fv2%2Ftags&post=24615"}],"curies":[{"name":"wp","href":"https:\/\/api.w.org\/{rel}","templated":true}]}}