{"id":2460,"date":"2016-09-25T22:00:05","date_gmt":"2016-09-25T22:00:05","guid":{"rendered":"http:\/\/historiografija.hr\/?p=2460"},"modified":"2020-12-21T21:18:01","modified_gmt":"2020-12-21T21:18:01","slug":"povodom-smrti-jele-godlar-bresan-1936-2016","status":"publish","type":"post","link":"https:\/\/historiografija.hr\/?p=2460","title":{"rendered":"Povodom smrti Jele Godlar-Bre\u0161an (1936-2016)"},"content":{"rendered":"<p align=\"justify\"><font size=\"3\"><br \/>\n<\/font><\/p>\n<p style=\"margin: 0cm 0cm 10pt;\" align=\"justify\"><b style=\"mso-bidi-font-weight: normal;\"><span style=\"mso-ansi-language: FR;\" lang=\"FR\"><font size=\"3\" face=\"Calibri\">Umrla je Jela Godlar-Bre\u0161an<\/font><\/span><\/b><\/p>\n<p align=\"justify\"><font size=\"3\"><br \/>\n<\/font><\/p>\n<p style=\"margin: 0cm 0cm 10pt;\" align=\"justify\"><span style=\"mso-ansi-language: FR;\" lang=\"FR\"><font size=\"3\" face=\"Calibri\">&nbsp;<\/font><\/span><\/p>\n<p align=\"justify\"><font size=\"3\"><br \/>\n<\/font><\/p>\n<p style=\"margin: 0cm 0cm 10pt;\" align=\"justify\"><font size=\"3\" face=\"Calibri\">20. rujna 2016.<\/font><\/p>\n<p align=\"justify\"><font size=\"3\"><br \/>\n<\/font><\/p>\n<p style=\"margin: 0cm 0cm 10pt;\" align=\"justify\"><font size=\"3\" face=\"Calibri\">&nbsp;<\/font><\/p>\n<p align=\"justify\"><font size=\"3\"><br \/>\n<\/font><\/p>\n<p style=\"margin: 0cm 0cm 10pt;\" align=\"justify\"><i style=\"mso-bidi-font-style: normal;\"><font size=\"3\" face=\"Calibri\">Profesorica i knji\u017eevnica preminula je danas u 81. godini u \u0160ibeniku.<\/font><\/i><\/p>\n<p align=\"justify\"><font size=\"3\"><br \/>\n<\/font><\/p>\n<p style=\"margin: 0cm 0cm 10pt;\" align=\"justify\"><font size=\"3\" face=\"Calibri\">&nbsp;<\/font><\/p>\n<p align=\"justify\"><font size=\"3\"><br \/>\n<\/font><\/p>\n<p style=\"margin: 0cm 0cm 10pt;\" align=\"justify\"><font size=\"3\" face=\"Calibri\">Jela Godlar-Bre\u0161an preminula je danas, u ranim jutarnjim satima u \u0161ibenskoj bolnici, u 81. godini \u017eivota.<\/font><\/p>\n<p align=\"justify\"><font size=\"3\"><br \/>\n<\/font><\/p>\n<p style=\"margin: 0cm 0cm 10pt;\" align=\"justify\"><font size=\"3\" face=\"Calibri\">&nbsp;<\/font><\/p>\n<p align=\"justify\"><font size=\"3\"><br \/>\n<\/font><\/p>\n<p style=\"margin: 0cm 0cm 10pt;\" align=\"justify\"><font size=\"3\" face=\"Calibri\">Ro\u0111ena je 1936. u Slavonskom Brodu gdje su njezini roditelji radili kao profesori hrvatskog jezika. \u017divjela je u \u0160ibeniku gdje je godinama radila kao gimnazijska profesorica hrvatskog i engleskog jezika, a po odlasku u mirovinu 1993. godine pokrenula je, i dvadesetak godina vodila, projekt \u201c\u0160ibenik- metropola mladih\u201d.<\/font><\/p>\n<p align=\"justify\"><font size=\"3\"><br \/>\n<\/font><\/p>\n<p style=\"margin: 0cm 0cm 10pt;\" align=\"justify\"><font size=\"3\" face=\"Calibri\">&nbsp;<\/font><\/p>\n<p align=\"justify\"><font size=\"3\"><br \/>\n<\/font><\/p>\n<p style=\"margin: 0cm 0cm 10pt;\" align=\"justify\"><font size=\"3\" face=\"Calibri\">Objavila je \u010detiri romana: Limenke i ciklame (1992.), Helka Stapp i njene sanje (1992. i 1999.), Helkin rat i mir (2000.), Sara (2001.) te pripovijesti Uljez (2002.) i Zadnje pismo (2002.). Bila je supruga najve\u0107eg hrvatskog \u017eivu\u0107eg pisca Ive Bre\u0161ana i majka redatelja Vinka Bre\u0161ana.<\/font><\/p>\n<p align=\"justify\"><font size=\"3\"><br \/>\n<\/font><\/p>\n<p style=\"margin: 0cm 0cm 10pt;\" align=\"justify\"><font size=\"3\" face=\"Calibri\">&nbsp;<\/font><\/p>\n<p align=\"justify\"><font size=\"3\"><br \/>\n<\/font><\/p>\n<p style=\"margin: 0cm 0cm 10pt;\" align=\"justify\"><font size=\"3\" face=\"Calibri\">Izvor: http:\/\/tris.com.hr\/2016\/09\/umrla-je-jela-godlar-bresan\/<\/font><\/p>\n<p align=\"justify\"><font size=\"3\"><br \/>\n<\/font><\/p>\n<p style=\"margin: 0cm 0cm 10pt;\" align=\"justify\"><font size=\"3\" face=\"Calibri\">&nbsp;<\/font><\/p>\n<p align=\"justify\"><font size=\"3\"><br \/>\n<\/font><\/p>\n<p style=\"margin: 0cm 0cm 10pt;\" align=\"justify\"><font size=\"3\" face=\"Calibri\">&#8212;<\/font><\/p>\n<p align=\"justify\"><font size=\"3\"><br \/>\n<\/font><\/p>\n<p style=\"margin: 0cm 0cm 10pt;\" align=\"justify\"><font size=\"3\" face=\"Calibri\">&nbsp;<\/font><\/p>\n<p align=\"justify\"><font size=\"3\"><br \/>\n<\/font><\/p>\n<p style=\"margin: 0cm 0cm 10pt;\" align=\"justify\"><b style=\"mso-bidi-font-weight: normal;\"><font size=\"3\" face=\"Calibri\">INTERVJUI<\/font><\/b><\/p>\n<p align=\"justify\"><font size=\"3\"><br \/>\n<\/font><\/p>\n<p style=\"margin: 0cm 0cm 10pt;\" align=\"justify\"><font size=\"3\" face=\"Calibri\">&nbsp;<\/font><\/p>\n<p align=\"justify\"><font size=\"3\"><br \/>\n<\/font><\/p>\n<p style=\"margin: 0cm 0cm 10pt;\" align=\"justify\"><font size=\"3\" face=\"Calibri\">&#8212;<\/font><\/p>\n<p align=\"justify\"><font size=\"3\"><br \/>\n<\/font><\/p>\n<p style=\"margin: 0cm 0cm 10pt;\" align=\"justify\"><b style=\"mso-bidi-font-weight: normal;\"><font size=\"3\" face=\"Calibri\">&nbsp;<\/font><\/b><\/p>\n<p align=\"justify\"><font size=\"3\"><br \/>\n<\/font><\/p>\n<p style=\"margin: 0cm 0cm 10pt;\" align=\"justify\"><b style=\"mso-bidi-font-weight: normal;\"><font size=\"3\" face=\"Calibri\">Jela Godlar \u2013 antifa\u0161izam i kriti\u010dnost prema socijalisti\u010dkoj Jugoslaviji<\/font><\/b><\/p>\n<p align=\"justify\"><font size=\"3\"><br \/>\n<\/font><\/p>\n<p style=\"margin: 0cm 0cm 10pt;\" align=\"justify\"><font size=\"3\" face=\"Calibri\">&nbsp;<\/font><\/p>\n<p align=\"justify\"><font size=\"3\"><br \/>\n<\/font><\/p>\n<p style=\"margin: 0cm 0cm 10pt;\" align=\"justify\"><font size=\"3\" face=\"Calibri\">Jelena Svir\u010di\u0107<\/font><\/p>\n<p align=\"justify\"><font size=\"3\"><br \/>\n<\/font><\/p>\n<p style=\"margin: 0cm 0cm 10pt;\" align=\"justify\"><font size=\"3\" face=\"Calibri\">&nbsp;<\/font><\/p>\n<p align=\"justify\"><font size=\"3\"><br \/>\n<\/font><\/p>\n<p style=\"margin: 0cm 0cm 10pt;\" align=\"justify\"><font size=\"3\" face=\"Calibri\">28\/09\/2015<\/font><\/p>\n<p align=\"justify\"><font size=\"3\"><br \/>\n<\/font><\/p>\n<p style=\"margin: 0cm 0cm 10pt;\" align=\"justify\"><font size=\"3\" face=\"Calibri\">&nbsp;<\/font><\/p>\n<p align=\"justify\"><font size=\"3\"><br \/>\n<\/font><\/p>\n<p style=\"margin: 0cm 0cm 10pt;\" align=\"justify\"><font size=\"3\" face=\"Calibri\">http:\/\/stav.cenzura.hr\/jela-godlar-antifasizam-i-kriticnost-prema-socijalistickoj-jugoslaviji\/<\/font><\/p>\n<p align=\"justify\"><font size=\"3\"><br \/>\n<\/font><\/p>\n<p style=\"margin: 0cm 0cm 10pt;\" align=\"justify\"><font size=\"3\" face=\"Calibri\">&nbsp;<\/font><\/p>\n<p align=\"justify\"><font size=\"3\"><br \/>\n<\/font><\/p>\n<p style=\"margin: 0cm 0cm 10pt;\" align=\"justify\"><font size=\"3\" face=\"Calibri\">&#8212;<\/font><\/p>\n<p align=\"justify\"><font size=\"3\"><br \/>\n<\/font><\/p>\n<p style=\"margin: 0cm 0cm 10pt;\" align=\"justify\"><font size=\"3\" face=\"Calibri\">&nbsp;<\/font><\/p>\n<p align=\"justify\"><font size=\"3\"><br \/>\n<\/font><\/p>\n<p style=\"margin: 0cm 0cm 10pt;\" align=\"justify\"><b style=\"mso-bidi-font-weight: normal;\"><font size=\"3\" face=\"Calibri\">Intervju \/ Jela Godlar-Bre\u0161an, knji\u017eevnica: Dugo putovanje \u201czadnjeg pisma\u201d\u2026<\/font><\/b><\/p>\n<p align=\"justify\"><font size=\"3\"><br \/>\n<\/font><\/p>\n<p style=\"margin: 0cm 0cm 10pt;\" align=\"justify\"><b style=\"mso-bidi-font-weight: normal;\"><font size=\"3\" face=\"Calibri\">&nbsp;<\/font><\/b><\/p>\n<p align=\"justify\"><font size=\"3\"><br \/>\n<\/font><\/p>\n<p style=\"margin: 0cm 0cm 10pt;\" align=\"justify\"><font size=\"3\" face=\"Calibri\">Davorka Bla\u017eevi\u0107 <\/font><\/p>\n<p align=\"justify\"><font size=\"3\"><br \/>\n<\/font><\/p>\n<p style=\"margin: 0cm 0cm 10pt;\" align=\"justify\"><font size=\"3\" face=\"Calibri\">&nbsp;<\/font><\/p>\n<p align=\"justify\"><font size=\"3\"><br \/>\n<\/font><\/p>\n<p style=\"margin: 0cm 0cm 10pt;\" align=\"justify\"><font size=\"3\" face=\"Calibri\">14\/02\/2015 <\/font><\/p>\n<p align=\"justify\"><font size=\"3\"><br \/>\n<\/font><\/p>\n<p style=\"margin: 0cm 0cm 10pt;\" align=\"justify\"><font size=\"3\" face=\"Calibri\">&nbsp;<\/font><\/p>\n<p align=\"justify\"><font size=\"3\"><br \/>\n<\/font><\/p>\n<p style=\"margin: 0cm 0cm 10pt;\" align=\"justify\"><font size=\"3\" face=\"Calibri\">http:\/\/tris.com.hr\/2015\/02\/intervju-jela-godlar-bresan-knjizevnica-dugo-putovanje-zadnjeg-pisma\/<\/font><\/p>\n<p align=\"justify\"><font size=\"3\"><br \/>\n<\/font><\/p>\n<p style=\"margin: 0cm 0cm 10pt;\" align=\"justify\"><font size=\"3\" face=\"Calibri\">&nbsp;<\/font><\/p>\n<p align=\"justify\"><font size=\"3\"><br \/>\n<\/font><\/p>\n<p style=\"margin: 0cm 0cm 10pt;\" align=\"justify\"><font size=\"3\" face=\"Calibri\">&#8212;<\/font><\/p>\n<p align=\"justify\"><font size=\"3\"><br \/>\n<\/font><\/p>\n<p style=\"margin: 0cm 0cm 10pt;\" align=\"justify\"><font size=\"3\" face=\"Calibri\">&nbsp;<\/font><\/p>\n<p align=\"justify\"><font size=\"3\"><br \/>\n<\/font><\/p>\n<p style=\"margin: 0cm 0cm 10pt;\" align=\"justify\"><b style=\"mso-bidi-font-weight: normal;\"><font size=\"3\" face=\"Calibri\">Jela Godlar Bre\u0161an &#8211; &#8216;Nisam se \u017eeljela knji\u017eevno promovirati uz pomo\u0107 prezimena Bre\u0161an&#8217;<\/font><\/b><\/p>\n<p align=\"justify\"><font size=\"3\"><br \/>\n<\/font><\/p>\n<p style=\"margin: 0cm 0cm 10pt;\" align=\"justify\"><font size=\"3\" face=\"Calibri\">&nbsp;<\/font><\/p>\n<p align=\"justify\"><font size=\"3\"><br \/>\n<\/font><\/p>\n<p style=\"margin: 0cm 0cm 10pt;\" align=\"justify\"><font size=\"3\" face=\"Calibri\">Davorka Bla\u017eevi\u0107<\/font><\/p>\n<p align=\"justify\"><font size=\"3\"><br \/>\n<\/font><\/p>\n<p style=\"margin: 0cm 0cm 10pt;\" align=\"justify\"><font size=\"3\" face=\"Calibri\">&nbsp;<\/font><\/p>\n<p align=\"justify\"><font size=\"3\"><br \/>\n<\/font><\/p>\n<p style=\"margin: 0cm 0cm 10pt;\" align=\"justify\"><font size=\"3\" face=\"Calibri\">24.03.2013.<\/font><\/p>\n<p align=\"justify\"><font size=\"3\"><br \/>\n<\/font><\/p>\n<p style=\"margin: 0cm 0cm 10pt;\" align=\"justify\"><font size=\"3\" face=\"Calibri\">&nbsp;<\/font><\/p>\n<p align=\"justify\"><font size=\"3\"><br \/>\n<\/font><\/p>\n<p style=\"margin: 0cm 0cm 10pt;\" align=\"justify\"><font size=\"3\" face=\"Calibri\"><a href=\"http:\/\/www.slobodnadalmacija.hr\/scena\/kultura\/clanak\/id\/197017\/nisam-se-zeljela-knjizevno-promovirati-uz-pomoc-prezimena-bresan\">http:\/\/www.slobodnadalmacija.hr\/scena\/kultura\/clanak\/id\/197017\/nisam-se-zeljela-knjizevno-promovirati-uz-pomoc-prezimena-bresan<\/a><\/font><\/p>\n<p style=\"margin: 0cm 0cm 10pt;\" align=\"justify\"><font size=\"3\" face=\"Calibri\"><br \/>\n<\/font><\/p>\n<p style=\"margin: 0cm 0cm 10pt;\" align=\"justify\"><font size=\"3\" face=\"Calibri\"><br \/>\n<\/font><\/p>\n<p align=\"justify\"><font size=\"3\"><br \/>\n<\/font><\/p>\n","protected":false},"excerpt":{"rendered":"","protected":false},"author":1,"featured_media":0,"comment_status":"open","ping_status":"open","sticky":false,"template":"","format":"standard","meta":{"_acf_changed":false,"jetpack_post_was_ever_published":false,"_jetpack_newsletter_access":"","_jetpack_dont_email_post_to_subs":false,"_jetpack_newsletter_tier_id":0,"_jetpack_memberships_contains_paywalled_content":false,"_jetpack_memberships_contains_paid_content":false,"footnotes":"","jetpack_publicize_message":"","jetpack_publicize_feature_enabled":true,"jetpack_social_post_already_shared":false,"jetpack_social_options":{"image_generator_settings":{"template":"highway","default_image_id":0,"font":"","enabled":false},"version":2}},"categories":[3,20],"tags":[],"class_list":["post-2460","post","type-post","status-publish","format-standard","hentry","category-novosti","category-obavijesti-o-smrti-i-nekrolozi"],"acf":{"facebook_opis":""},"jetpack_publicize_connections":[],"jetpack_featured_media_url":"","jetpack_sharing_enabled":true,"jetpack-related-posts":[{"id":52578,"url":"https:\/\/historiografija.hr\/?p=52578","url_meta":{"origin":2460,"position":0},"title":"Poziv za sudjelovanje: XXII. Dani Julija Bene\u0161i\u0107a u Iloku","author":"Branimir Jankovi\u0107","date":"21. travnja 2026.","format":false,"excerpt":"Zavod za lingvisti\u010dka istra\u017eivanja Hrvatske akademije znanosti i umjetnosti, zajedno s Muzejom grada Iloka, organizira XXII. Dane Julija Bene\u0161i\u0107a, koji \u0107e se odr\u017eati od 28. do 30. listopada 2026. u Iloku.\u00a0Teme ovogodi\u0161njih Dana podijeljene su u dvije cjeline: Knji\u017eevno-jezikoslovni d\u00ecv\u0101n s Bene\u0161i\u0107em te Ilok i Srijem u povijesnim stalnicama i\u2026","rel":"","context":"U &quot;Novosti&quot;","block_context":{"text":"Novosti","link":"https:\/\/historiografija.hr\/?cat=3"},"img":{"alt_text":"","src":"https:\/\/i0.wp.com\/historiografija.hr\/wp-content\/uploads\/2019\/10\/HE2_Benesic.jpg?fit=413%2C591&ssl=1&resize=350%2C200","width":350,"height":200},"classes":[]},{"id":52505,"url":"https:\/\/historiografija.hr\/?p=52505","url_meta":{"origin":2460,"position":1},"title":"Izlo\u017eba &#8220;Eschenstock \/ Jasenov prut&#8221;","author":"Branimir Jankovi\u0107","date":"17. travnja 2026.","format":false,"excerpt":"Srpsko narodno vije\u0107e (SNV) i Vizura aperta postavljaju izlo\u017ebu \u0161vicarskog slikara Velimira Ili\u0161evi\u0107a: Eschenstock \/ Jasenov prut. Izlo\u017eba se uz prisustvo autora otvara povodom 81. godi\u0161njice proboja logora\u0161a iz usta\u0161kog logora smrti Jasenovac 22. aprila 2026. u 19 sati u Srpskom kulturnom centru (SKC) u Preradovi\u0107evoj ulici 21 u Zagrebu.\u2026","rel":"","context":"U &quot;Izlo\u017ebe&quot;","block_context":{"text":"Izlo\u017ebe","link":"https:\/\/historiografija.hr\/?cat=10"},"img":{"alt_text":"","src":"https:\/\/i0.wp.com\/historiografija.hr\/wp-content\/uploads\/2026\/04\/Jasenov_prut.jpg?fit=1024%2C640&ssl=1&resize=350%2C200","width":350,"height":200,"srcset":"https:\/\/i0.wp.com\/historiografija.hr\/wp-content\/uploads\/2026\/04\/Jasenov_prut.jpg?fit=1024%2C640&ssl=1&resize=350%2C200 1x, https:\/\/i0.wp.com\/historiografija.hr\/wp-content\/uploads\/2026\/04\/Jasenov_prut.jpg?fit=1024%2C640&ssl=1&resize=525%2C300 1.5x, https:\/\/i0.wp.com\/historiografija.hr\/wp-content\/uploads\/2026\/04\/Jasenov_prut.jpg?fit=1024%2C640&ssl=1&resize=700%2C400 2x"},"classes":[]},{"id":52666,"url":"https:\/\/historiografija.hr\/?p=52666","url_meta":{"origin":2460,"position":2},"title":"Najava programa Festivala povijesti Kliofest (5-8. V. 2026)","author":"Branimir Jankovi\u0107","date":"24. travnja 2026.","format":false,"excerpt":"Po trinaesti put odr\u017eava se Festival povijesti Kliofest! Do petka \u0107emo odr\u017eati osam okruglih stolova i dva kolokvija te niz predstavljanja knjiga i projekata razli\u010dite tematike, od antike do suvremenosti. Bit \u0107e predstavljeno i nekoliko izlo\u017ebi te odr\u017ean jedan povijesni kviz. Prikazat \u0107emo i jedan film \u2013 o generalu Boroevi\u0107u.\u2026","rel":"","context":"U &quot;Novosti&quot;","block_context":{"text":"Novosti","link":"https:\/\/historiografija.hr\/?cat=3"},"img":{"alt_text":"","src":"https:\/\/i0.wp.com\/historiografija.hr\/wp-content\/uploads\/2026\/04\/Kliofest-2026.jpg?fit=526%2C526&ssl=1&resize=350%2C200","width":350,"height":200,"srcset":"https:\/\/i0.wp.com\/historiografija.hr\/wp-content\/uploads\/2026\/04\/Kliofest-2026.jpg?fit=526%2C526&ssl=1&resize=350%2C200 1x, https:\/\/i0.wp.com\/historiografija.hr\/wp-content\/uploads\/2026\/04\/Kliofest-2026.jpg?fit=526%2C526&ssl=1&resize=525%2C300 1.5x"},"classes":[]},{"id":52502,"url":"https:\/\/historiografija.hr\/?p=52502","url_meta":{"origin":2460,"position":3},"title":"Novi znanstveni projekt Hrvatskog instituta za povijest: \u201c\u017drtve ratova i dr\u017eavnog\/politi\u010dkog nasilja u hrvatskoj povijesti 20. stolje\u0107a\u201d","author":"Branimir Jankovi\u0107","date":"17. travnja 2026.","format":false,"excerpt":"Na redovitoj sjednici Vlade RH, 16. travnja 2026., donijet je Zaklju\u010dak kojim se pokre\u0107e znanstveni projekt \u201c\u017drtve ratova i dr\u017eavnog\/politi\u010dkog nasilja u hrvatskoj povijesti 20. stolje\u0107a\u201d. Projekt \u0107e provoditi i koordinirati Hrvatski institut za povijest u razdoblju trajanja projekta od pet godina. Zakljucak Vlade RH Iz teksta projektnog prijedloga: Problematika\u2026","rel":"","context":"U &quot;Novosti&quot;","block_context":{"text":"Novosti","link":"https:\/\/historiografija.hr\/?cat=3"},"img":{"alt_text":"","src":"https:\/\/i0.wp.com\/historiografija.hr\/wp-content\/uploads\/2026\/04\/Vlada-RH.jpg?fit=1200%2C557&ssl=1&resize=350%2C200","width":350,"height":200,"srcset":"https:\/\/i0.wp.com\/historiografija.hr\/wp-content\/uploads\/2026\/04\/Vlada-RH.jpg?fit=1200%2C557&ssl=1&resize=350%2C200 1x, https:\/\/i0.wp.com\/historiografija.hr\/wp-content\/uploads\/2026\/04\/Vlada-RH.jpg?fit=1200%2C557&ssl=1&resize=525%2C300 1.5x, https:\/\/i0.wp.com\/historiografija.hr\/wp-content\/uploads\/2026\/04\/Vlada-RH.jpg?fit=1200%2C557&ssl=1&resize=700%2C400 2x, https:\/\/i0.wp.com\/historiografija.hr\/wp-content\/uploads\/2026\/04\/Vlada-RH.jpg?fit=1200%2C557&ssl=1&resize=1050%2C600 3x"},"classes":[]},{"id":52569,"url":"https:\/\/historiografija.hr\/?p=52569","url_meta":{"origin":2460,"position":4},"title":"[Predavanje] Ne \u010dekaju\u0107i inspiraciju \u2013 anga\u017eovane intelektualne, kulturalne i umetni\u010dke prakse u me\u0111uratnom periodu: teorija i praksa kriti\u010dke levice u jugoslovenskoj kulturi (YugoLab)","author":"Branimir Jankovi\u0107","date":"21. travnja 2026.","format":false,"excerpt":"U vreme agresivnog ja\u010danja globalne desnice, (pro)fa\u0161isti\u010dkih, rasisti\u010dkih i imperijalisti\u010dkih politika, dok je istovremeno globalna levica izrazito slaba, a progresivni pokreti atomizirani i fragmentisani, va\u017eno je iz savremene perspektive vratiti se revolucionarnim i emancipatorskim zbivanjima u jugoslovenskom (ali i s njima u vezi internacionalnim de\u0161avanjima), kao i dru\u0161tvenoj ulozi kulturalnih\u2026","rel":"","context":"U &quot;Novosti&quot;","block_context":{"text":"Novosti","link":"https:\/\/historiografija.hr\/?cat=3"},"img":{"alt_text":"","src":"","width":0,"height":0},"classes":[]},{"id":52563,"url":"https:\/\/historiografija.hr\/?p=52563","url_meta":{"origin":2460,"position":5},"title":"Predavanje Nenada Fabijani\u0107a o stadionu Poljud u Splitu","author":"Branimir Jankovi\u0107","date":"21. travnja 2026.","format":false,"excerpt":"Znanstveno vije\u0107e za arhitekturu, urbanizam i ure\u0111enje prostora Hrvatske akademije znanosti i umjetnosti organizira predavanje \u201cPo Poljudu\u201d koje \u0107e u srijedu 22. travnja 2026. s po\u010detkom u 14 sati u Knji\u017enici HAZU, Strossmayerov trg 14 u Zagrebu, odr\u017eati\u00a0prof. emerit. dr. art. Nenad Fabijani\u0107,\u00a0\u010dlan suradnik HAZU. Predavanje \u201ePo Poljudu\u201c (Projekt obnove)\u2026","rel":"","context":"U &quot;Novosti&quot;","block_context":{"text":"Novosti","link":"https:\/\/historiografija.hr\/?cat=3"},"img":{"alt_text":"","src":"https:\/\/i0.wp.com\/historiografija.hr\/wp-content\/uploads\/2026\/04\/Poljud-scaled.jpeg?fit=1200%2C800&ssl=1&resize=350%2C200","width":350,"height":200,"srcset":"https:\/\/i0.wp.com\/historiografija.hr\/wp-content\/uploads\/2026\/04\/Poljud-scaled.jpeg?fit=1200%2C800&ssl=1&resize=350%2C200 1x, https:\/\/i0.wp.com\/historiografija.hr\/wp-content\/uploads\/2026\/04\/Poljud-scaled.jpeg?fit=1200%2C800&ssl=1&resize=525%2C300 1.5x, https:\/\/i0.wp.com\/historiografija.hr\/wp-content\/uploads\/2026\/04\/Poljud-scaled.jpeg?fit=1200%2C800&ssl=1&resize=700%2C400 2x, https:\/\/i0.wp.com\/historiografija.hr\/wp-content\/uploads\/2026\/04\/Poljud-scaled.jpeg?fit=1200%2C800&ssl=1&resize=1050%2C600 3x"},"classes":[]}],"_links":{"self":[{"href":"https:\/\/historiografija.hr\/index.php?rest_route=\/wp\/v2\/posts\/2460","targetHints":{"allow":["GET"]}}],"collection":[{"href":"https:\/\/historiografija.hr\/index.php?rest_route=\/wp\/v2\/posts"}],"about":[{"href":"https:\/\/historiografija.hr\/index.php?rest_route=\/wp\/v2\/types\/post"}],"author":[{"embeddable":true,"href":"https:\/\/historiografija.hr\/index.php?rest_route=\/wp\/v2\/users\/1"}],"replies":[{"embeddable":true,"href":"https:\/\/historiografija.hr\/index.php?rest_route=%2Fwp%2Fv2%2Fcomments&post=2460"}],"version-history":[{"count":1,"href":"https:\/\/historiografija.hr\/index.php?rest_route=\/wp\/v2\/posts\/2460\/revisions"}],"predecessor-version":[{"id":24221,"href":"https:\/\/historiografija.hr\/index.php?rest_route=\/wp\/v2\/posts\/2460\/revisions\/24221"}],"wp:attachment":[{"href":"https:\/\/historiografija.hr\/index.php?rest_route=%2Fwp%2Fv2%2Fmedia&parent=2460"}],"wp:term":[{"taxonomy":"category","embeddable":true,"href":"https:\/\/historiografija.hr\/index.php?rest_route=%2Fwp%2Fv2%2Fcategories&post=2460"},{"taxonomy":"post_tag","embeddable":true,"href":"https:\/\/historiografija.hr\/index.php?rest_route=%2Fwp%2Fv2%2Ftags&post=2460"}],"curies":[{"name":"wp","href":"https:\/\/api.w.org\/{rel}","templated":true}]}}