{"id":24588,"date":"2021-01-13T15:49:16","date_gmt":"2021-01-13T15:49:16","guid":{"rendered":"http:\/\/historiografija.hr\/?p=24588"},"modified":"2021-01-13T15:49:16","modified_gmt":"2021-01-13T15:49:16","slug":"izlozba-fotografije-ratnog-razaranja-zadra","status":"publish","type":"post","link":"https:\/\/historiografija.hr\/?p=24588","title":{"rendered":"Izlo\u017eba \u201eFotografije ratnog razaranja Zadra\u201c"},"content":{"rendered":"\n<p>Od 13. sije\u010dnja do 7. velja\u010de 2021. godine u Gradskoj lo\u017ei Muzej grada Zadra NMZ-a organizira izlo\u017ebu fotografija nastalih u Domovinskom ratu na podru\u010dju Zadarske \u017eupanije pod imenom <em>Fotografije ratnog razaranja Zadra<\/em>. Ovom izlo\u017ebom Narodni muzej Zadar \u017eeli dati svoj prilog obilje\u017eavanju godi\u0161njice VRO Maslenica koja je bila strate\u0161ka prekretnica u oslobodila\u010dkom Domovinskom ratu.<\/p>\n\n\n\n<p>Rije\u010d je o fotografijama iz ciklusa zadarskih fotografa koji su svojim radom tijekom obrane grada Zadra, nama danas, kao i generacijama nakon nas, omogu\u0107ili uvid u jedno te\u0161ko razdoblje grada Zadra, njegove okolice i stanovnika. Fotografije koje su izlo\u017eene u Gradskoj lo\u017ei ovjekovje\u010dile su u\u017ease rata, razaranje urbanog tkiva. Ovjekovje\u010dile su strah na licima ljudi, neizvjesnost vremena i situacije te su postale glasom koji je u svijet poslao vapaj naroda za mirom i slobodom.<\/p>\n\n\n\n<p>Fotografije su objavljene 1995. godine u fotomonografiji <em>Zadar: godine stradanja = the years of suffering : 1991.-1994.<\/em> u \u010dijem uvodnom tekstu opise stradanja Zadra donose Edvard \u0160prljan i Pavu\u0161a Ve\u017ei\u0107.&nbsp;&nbsp;<\/p>\n\n\n\n<p><strong>Napomena:<\/strong> Zbog epidemiolo\u0161ke situacije program otvorenja namijenjen je isklju\u010divo predstavnicima medija uz po\u0161tivanje epidemiolo\u0161kih mjera.<\/p>\n\n\n\n<p>Posjetitelji izlo\u017ebu u Gradskoj lo\u017ei mogu pogledati od ponedjeljka do petka od 9-14 sati te subotom od 9-13 sati. Izlo\u017eba ostaje otvorena do 7. velja\u010de 2021. godine, a ulaz je slobodan.<\/p>\n\n\n\n<p>Izvor: <a href=\"http:\/\/nmz.hr\/hr\/izlozbe\/otvorenje-izlozbe-fotografije-ratnog-razaranja-zadra,2202.html\">http:\/\/nmz.hr\/hr\/izlozbe\/otvorenje-izlozbe-fotografije-ratnog-razaranja-zadra,2202.html<\/a><\/p>\n\n\n\n<hr class=\"wp-block-separator\"\/>\n","protected":false},"excerpt":{"rendered":"","protected":false},"author":2,"featured_media":24589,"comment_status":"open","ping_status":"open","sticky":false,"template":"","format":"standard","meta":{"_acf_changed":false,"jetpack_post_was_ever_published":false,"_jetpack_newsletter_access":"","_jetpack_dont_email_post_to_subs":false,"_jetpack_newsletter_tier_id":0,"_jetpack_memberships_contains_paywalled_content":false,"_jetpack_memberships_contains_paid_content":false,"footnotes":"","jetpack_publicize_message":"","jetpack_publicize_feature_enabled":true,"jetpack_social_post_already_shared":true,"jetpack_social_options":{"image_generator_settings":{"template":"highway","default_image_id":0,"font":"","enabled":false},"version":2}},"categories":[10,3],"tags":[],"class_list":["post-24588","post","type-post","status-publish","format-standard","has-post-thumbnail","hentry","category-izlozbe","category-novosti"],"acf":{"facebook_opis":""},"jetpack_publicize_connections":[],"jetpack_featured_media_url":"https:\/\/i0.wp.com\/historiografija.hr\/wp-content\/uploads\/2021\/01\/ZD-fotografije.jpg?fit=629%2C900&ssl=1","jetpack_sharing_enabled":true,"jetpack-related-posts":[],"_links":{"self":[{"href":"https:\/\/historiografija.hr\/index.php?rest_route=\/wp\/v2\/posts\/24588","targetHints":{"allow":["GET"]}}],"collection":[{"href":"https:\/\/historiografija.hr\/index.php?rest_route=\/wp\/v2\/posts"}],"about":[{"href":"https:\/\/historiografija.hr\/index.php?rest_route=\/wp\/v2\/types\/post"}],"author":[{"embeddable":true,"href":"https:\/\/historiografija.hr\/index.php?rest_route=\/wp\/v2\/users\/2"}],"replies":[{"embeddable":true,"href":"https:\/\/historiografija.hr\/index.php?rest_route=%2Fwp%2Fv2%2Fcomments&post=24588"}],"version-history":[{"count":1,"href":"https:\/\/historiografija.hr\/index.php?rest_route=\/wp\/v2\/posts\/24588\/revisions"}],"predecessor-version":[{"id":24590,"href":"https:\/\/historiografija.hr\/index.php?rest_route=\/wp\/v2\/posts\/24588\/revisions\/24590"}],"wp:featuredmedia":[{"embeddable":true,"href":"https:\/\/historiografija.hr\/index.php?rest_route=\/wp\/v2\/media\/24589"}],"wp:attachment":[{"href":"https:\/\/historiografija.hr\/index.php?rest_route=%2Fwp%2Fv2%2Fmedia&parent=24588"}],"wp:term":[{"taxonomy":"category","embeddable":true,"href":"https:\/\/historiografija.hr\/index.php?rest_route=%2Fwp%2Fv2%2Fcategories&post=24588"},{"taxonomy":"post_tag","embeddable":true,"href":"https:\/\/historiografija.hr\/index.php?rest_route=%2Fwp%2Fv2%2Ftags&post=24588"}],"curies":[{"name":"wp","href":"https:\/\/api.w.org\/{rel}","templated":true}]}}