{"id":24572,"date":"2021-01-13T11:07:53","date_gmt":"2021-01-13T11:07:53","guid":{"rendered":"http:\/\/historiografija.hr\/?p=24572"},"modified":"2021-01-13T11:07:53","modified_gmt":"2021-01-13T11:07:53","slug":"poziv-za-prijavu-na-znanstveni-skup-znameniti-krizevcani-20-stoljeca-s-posebnim-osvrtom-na-zivot-i-djelo-prof-dr-sc-valentina-puzevskog-1931-2020","status":"publish","type":"post","link":"https:\/\/historiografija.hr\/?p=24572","title":{"rendered":"Poziv za prijavu na znanstveni skup \u201cZnameniti Kri\u017eev\u010dani 20. stolje\u0107a s posebnim osvrtom na \u017eivot i djelo prof. dr. sc. Valentina Pu\u017eevskog (1931.-2020.).\u201d"},"content":{"rendered":"\n<p>Povijesno dru\u0161tvo Kri\u017eevci i Zavod za znanstvenoistra\u017eiva\u010dki i umjetni\u010dki rad Hrvatske akademije znanosti i umjetnosti Koprivni\u010dko-kri\u017eeva\u010dke \u017eupanije u Kri\u017eevcima organizira znanstveni skup na temu: <strong><em>Znameniti Kri\u017eev\u010dani 20. stolje\u0107a s posebnim osvrtom na \u017eivot i djelo prof. dr. sc. Valentina Pu\u017eevskog (1931.-2020.). <\/em><\/strong>Skup \u0107e se odr\u017eati u Kri\u017eevcima <strong>29. travnja 2021. godine.<\/strong> Radove sa znanstvenog skupa bit \u0107e mogu\u0107e objaviti u 23. godi\u0161tu <em>Crisa<\/em>, \u010dasopisa Povijesnog dru\u0161tva Kri\u017eevci.<\/p>\n\n\n\n<p><strong>Prijava:<\/strong><\/p>\n\n\n\n<p>Zainteresirane sudionike molimo da za prijavu na skup<strong><em> Znameniti Kri\u017eev\u010dani 20. stolje\u0107a <\/em><\/strong>popune <strong>Obrazac za prijavu <\/strong>(u nastavku poziva). Sa\u017eetak se mo\u017ee poslati i kao zaseban Word dokument uz Obrazac za prijavu. Na\u010din prijave je putem adrese e-po\u0161te: <a href=\"mailto:tomislav.bogdanovic@kc.ht.hr\">tomislav.bogdanovic@gmail.com<\/a> ili <a href=\"mailto:peklic@hazu.hr\" target=\"_blank\" rel=\"noreferrer noopener\">peklic@hazu.hr<\/a> .<\/p>\n\n\n\n<p>Rok za slanje prijave i sa\u017eetka je <strong>1. travnja 2021. <\/strong>godine. Pristigle prijave bit \u0107e razmotrene, a sudionici obavije\u0161teni o prihva\u0107anju izlaganja najkasnije do <strong>8. travnja 2021<\/strong>. godine.<\/p>\n\n\n\n<p>Predvi\u0111eno vrijeme izlaganja je 20 minuta (s raspravama na kraju svake sesije, koja \u0107e se sastojati od tri do \u010detiri referata), osim za plenarna predavanja za koja je predvi\u0111eno vrijeme izlaganja od 30 minuta. Sudionici \u0107e mo\u0107i koristiti ra\u010dunalo i projektor. Program skupa poslat \u0107emo do 10. travnja.<\/p>\n\n\n\n<p>S po\u0161tovanjem,<\/p>\n\n\n\n<p>Predsjednik organizacijskog odbora&nbsp;&nbsp;&nbsp;&nbsp;&nbsp;&nbsp;&nbsp;&nbsp;&nbsp;&nbsp;&nbsp;&nbsp;&nbsp;&nbsp;&nbsp;&nbsp;&nbsp;&nbsp;&nbsp;&nbsp; &nbsp;&nbsp;&nbsp;Predsjednik Povijesnog dru\u0161tva Kri\u017eevci<\/p>\n\n\n\n<p>\u00a0\u00a0\u00a0\u00a0 dr. sc. Tomislav Bogdanovi\u0107\u00a0\u00a0\u00a0\u00a0\u00a0\u00a0\u00a0\u00a0\u00a0\u00a0\u00a0\u00a0\u00a0\u00a0\u00a0\u00a0\u00a0\u00a0\u00a0\u00a0\u00a0\u00a0\u00a0\u00a0\u00a0\u00a0\u00a0\u00a0\u00a0\u00a0\u00a0\u00a0\u00a0\u00a0\u00a0\u00a0\u00a0\u00a0\u00a0\u00a0\u00a0\u00a0\u00a0 dr. sc. Ivan Pekli\u0107<\/p>\n\n\n\n<hr class=\"wp-block-separator\"\/>\n\n\n\n<p><strong>Obrazac za prijavu<\/strong><\/p>\n\n\n\n<p>IME I PREZIME&nbsp;&nbsp;&nbsp;&nbsp;&nbsp;&nbsp;&nbsp;&nbsp;&nbsp;&nbsp;&nbsp;&nbsp;&nbsp;&nbsp;&nbsp;&nbsp;&nbsp;&nbsp;&nbsp;&nbsp;&nbsp;&nbsp;&nbsp;&nbsp;&nbsp;&nbsp;&nbsp;&nbsp;&nbsp;&nbsp;&nbsp;&nbsp;&nbsp;&nbsp;&nbsp;&nbsp;&nbsp;&nbsp;&nbsp;&nbsp;&nbsp;&nbsp;&nbsp;&nbsp;&nbsp;&nbsp;&nbsp;&nbsp;&nbsp;&nbsp;&nbsp;&nbsp;&nbsp;&nbsp;&nbsp;&nbsp;&nbsp;&nbsp;&nbsp;&nbsp;&nbsp;&nbsp;&nbsp;&nbsp;&nbsp;&nbsp;&nbsp;&nbsp;&nbsp;&nbsp;&nbsp;&nbsp;&nbsp;&nbsp;&nbsp;&nbsp;&nbsp;&nbsp;&nbsp; Titula<\/p>\n\n\n\n<p>INSTITUCIJA&nbsp;&nbsp;&nbsp;&nbsp;&nbsp;&nbsp;&nbsp;&nbsp;&nbsp;&nbsp;&nbsp;&nbsp;&nbsp;&nbsp;&nbsp;&nbsp;&nbsp;&nbsp;&nbsp;&nbsp;&nbsp;&nbsp;&nbsp;&nbsp;&nbsp;&nbsp;&nbsp;&nbsp;&nbsp;&nbsp;&nbsp;&nbsp;&nbsp;&nbsp;&nbsp;&nbsp;&nbsp;&nbsp;&nbsp;&nbsp;&nbsp;&nbsp;&nbsp;&nbsp;&nbsp;&nbsp;&nbsp;&nbsp;&nbsp;&nbsp;&nbsp;&nbsp;&nbsp;&nbsp;&nbsp;&nbsp;&nbsp;&nbsp;&nbsp;&nbsp;&nbsp;&nbsp;&nbsp;&nbsp;&nbsp;&nbsp;&nbsp;&nbsp;&nbsp;&nbsp;&nbsp;&nbsp;&nbsp;&nbsp;&nbsp;&nbsp;&nbsp;&nbsp;&nbsp;<\/p>\n\n\n\n<p>KONTAKT-ADRESA<\/p>\n\n\n\n<p>(koja \u0107e biti navedena u adresaru sudionika skupa)&nbsp;&nbsp;&nbsp;&nbsp;&nbsp;&nbsp;&nbsp;&nbsp;&nbsp;&nbsp;&nbsp;&nbsp;&nbsp;&nbsp;&nbsp;&nbsp;&nbsp;&nbsp;&nbsp;&nbsp;&nbsp;&nbsp;&nbsp;<\/p>\n\n\n\n<p>TELEFON&nbsp;&nbsp;&nbsp;&nbsp;&nbsp;&nbsp;&nbsp;&nbsp;&nbsp;&nbsp;&nbsp;&nbsp;&nbsp;&nbsp;&nbsp;&nbsp;&nbsp;&nbsp;&nbsp;&nbsp;&nbsp;&nbsp;&nbsp;&nbsp;&nbsp;&nbsp;&nbsp;&nbsp;&nbsp;&nbsp;&nbsp;&nbsp;&nbsp;&nbsp;&nbsp;&nbsp;&nbsp;&nbsp;&nbsp;&nbsp;&nbsp;&nbsp;&nbsp;&nbsp;&nbsp;&nbsp;&nbsp;&nbsp;&nbsp;&nbsp;&nbsp;&nbsp;&nbsp;&nbsp;&nbsp;&nbsp;&nbsp;&nbsp;&nbsp;&nbsp;&nbsp;&nbsp;&nbsp;&nbsp;&nbsp;&nbsp;&nbsp;&nbsp;&nbsp;&nbsp;&nbsp;&nbsp;&nbsp;&nbsp;&nbsp;&nbsp;&nbsp;&nbsp;&nbsp;&nbsp;&nbsp;&nbsp;&nbsp;&nbsp;&nbsp;&nbsp;&nbsp;&nbsp;&nbsp; Fax:<\/p>\n\n\n\n<p>E-MAIL\u00a0\u00a0\u00a0\u00a0\u00a0\u00a0\u00a0\u00a0\u00a0\u00a0\u00a0<\/p>\n\n\n\n<hr class=\"wp-block-separator\"\/>\n\n\n\n<p>\u00a0\u00a0\u00a0\u00a0\u00a0\u00a0\u00a0\u00a0\u00a0\u00a0\u00a0\u00a0\u00a0\u00a0\u00a0\u00a0\u00a0\u00a0\u00a0\u00a0\u00a0\u00a0\u00a0\u00a0\u00a0\u00a0\u00a0\u00a0\u00a0\u00a0\u00a0\u00a0\u00a0\u00a0\u00a0\u00a0\u00a0\u00a0\u00a0\u00a0\u00a0\u00a0\u00a0\u00a0\u00a0\u00a0\u00a0\u00a0\u00a0\u00a0\u00a0\u00a0\u00a0\u00a0\u00a0\u00a0\u00a0\u00a0\u00a0\u00a0\u00a0\u00a0\u00a0\u00a0\u00a0\u00a0\u00a0\u00a0\u00a0\u00a0\u00a0\u00a0\u00a0\u00a0\u00a0\u00a0\u00a0\u00a0<\/p>\n\n\n\n<p>NASLOV IZLAGANJA (na hrvatskom jeziku)<\/p>\n\n\n\n<hr class=\"wp-block-separator\"\/>\n\n\n\n<p>SA\u017dETAK<\/p>\n\n\n\n<p>(do 300 znakova; na hrvatskom jeziku; sa\u017eetak mo\u017ee biti poslan i kao zaseban dokument)<\/p>\n\n\n\n<hr class=\"wp-block-separator\"\/>\n","protected":false},"excerpt":{"rendered":"","protected":false},"author":2,"featured_media":15127,"comment_status":"open","ping_status":"open","sticky":false,"template":"","format":"standard","meta":{"_acf_changed":false,"jetpack_post_was_ever_published":false,"_jetpack_newsletter_access":"","_jetpack_dont_email_post_to_subs":false,"_jetpack_newsletter_tier_id":0,"_jetpack_memberships_contains_paywalled_content":false,"_jetpack_memberships_contains_paid_content":false,"footnotes":"","jetpack_publicize_message":"","jetpack_publicize_feature_enabled":true,"jetpack_social_post_already_shared":true,"jetpack_social_options":{"image_generator_settings":{"template":"highway","default_image_id":0,"font":"","enabled":false},"version":2}},"categories":[3,9],"tags":[],"class_list":["post-24572","post","type-post","status-publish","format-standard","has-post-thumbnail","hentry","category-novosti","category-skupovi"],"acf":{"facebook_opis":""},"jetpack_publicize_connections":[],"jetpack_featured_media_url":"https:\/\/i0.wp.com\/historiografija.hr\/wp-content\/uploads\/2019\/06\/Povijesno_drustvo_Krizevci.jpg?fit=720%2C388&ssl=1","jetpack_sharing_enabled":true,"jetpack-related-posts":[],"_links":{"self":[{"href":"https:\/\/historiografija.hr\/index.php?rest_route=\/wp\/v2\/posts\/24572","targetHints":{"allow":["GET"]}}],"collection":[{"href":"https:\/\/historiografija.hr\/index.php?rest_route=\/wp\/v2\/posts"}],"about":[{"href":"https:\/\/historiografija.hr\/index.php?rest_route=\/wp\/v2\/types\/post"}],"author":[{"embeddable":true,"href":"https:\/\/historiografija.hr\/index.php?rest_route=\/wp\/v2\/users\/2"}],"replies":[{"embeddable":true,"href":"https:\/\/historiografija.hr\/index.php?rest_route=%2Fwp%2Fv2%2Fcomments&post=24572"}],"version-history":[{"count":1,"href":"https:\/\/historiografija.hr\/index.php?rest_route=\/wp\/v2\/posts\/24572\/revisions"}],"predecessor-version":[{"id":24573,"href":"https:\/\/historiografija.hr\/index.php?rest_route=\/wp\/v2\/posts\/24572\/revisions\/24573"}],"wp:featuredmedia":[{"embeddable":true,"href":"https:\/\/historiografija.hr\/index.php?rest_route=\/wp\/v2\/media\/15127"}],"wp:attachment":[{"href":"https:\/\/historiografija.hr\/index.php?rest_route=%2Fwp%2Fv2%2Fmedia&parent=24572"}],"wp:term":[{"taxonomy":"category","embeddable":true,"href":"https:\/\/historiografija.hr\/index.php?rest_route=%2Fwp%2Fv2%2Fcategories&post=24572"},{"taxonomy":"post_tag","embeddable":true,"href":"https:\/\/historiografija.hr\/index.php?rest_route=%2Fwp%2Fv2%2Ftags&post=24572"}],"curies":[{"name":"wp","href":"https:\/\/api.w.org\/{rel}","templated":true}]}}