{"id":24542,"date":"2021-01-12T20:18:10","date_gmt":"2021-01-12T20:18:10","guid":{"rendered":"http:\/\/historiografija.hr\/?p=24542"},"modified":"2021-01-12T20:40:16","modified_gmt":"2021-01-12T20:40:16","slug":"izazovi-pluralizma-1990-ih-godina-history-fest-2020","status":"publish","type":"post","link":"https:\/\/historiografija.hr\/?p=24542","title":{"rendered":"Izazovi pluralizma 1990-ih godina. \u201eHistory Fest\u201c 2020."},"content":{"rendered":"\n<p>Udru\u017eenje za modernu historiju je objavilo knjigu pod naslovom \u201eIZAZOVI PLURALIZMA 1990-IH GODINA. \u201eHistory Fest\u201c 2020.\u201c. Rije\u010d je o ve\u0107ini razgovora koji su obavljeni u okviru \u010detvrtog po redu <em>History Festa<\/em>, koji je odr\u017ean od 2. do 5. septembra 2020. godine u online formatu. Glavna tema je bila politi\u010dka pluralizacija u jugoisto\u010dnoj Evropi tokom 1990-ih godina. Zbog pandemije korona virusa broj doga\u0111aja je maksimalno smanjen, jer veliki broj najavljenih u\u010desnika nije mogao sti\u0107i u Sarajevo, a neke diskusije su se mogle voditi samo u\u017eivo. Planirana <em>Ljetna \u0161kola<\/em> je odgo\u0111ena, ali doktorska radionica je odr\u017eana online. U doktorskoj radionici su sudjelovali slijede\u0107i doktoranti: Marino Badurina, Svetozar Mateja\u0161ev, Karlo Jurak, Una Blagojevi\u0107, Dino Dupanovi\u0107, Jovan Muhadinovi\u0107, Georgi Todorov, Tina Filipovi\u0107, Edin Omer\u010di\u0107, Dino \u0160akanovi\u0107 i Dra\u017een Janko.<\/p>\n\n\n\n<p>U okviru <em>History Festa<\/em> odr\u017eana su dva velika panela (o razli\u010ditim interpretacijama uzroka i procesa raspada Jugoslavije, te o politi\u010dkoj pluralizaciji u Bosni i Hercegovini tokom 1990-ih godina), niz razgovora sa histori\u010darima iz regiona i Evrope o ulozi histori\u010dara u javnosti, o historiografiji i nacionalizmu, o saradnji histori\u010dara iz Bosne i Hercegovine sa histori\u010darima iz Evrope, te razgovore o nekim va\u017enim historiografskim knjigama koje su se pojavile u posljednje vrijeme i koje imaju odre\u0111enog uticaja na razvoj historiografije, a poseban dio je bila doktorska radionica, koja je vrlo va\u017ean sastavni dio <em>Festa<\/em>. U svakom od ovih dijelova <em>Festa<\/em> mogli smo \u010duti nove interpretacije i nove \u010dinjenice. Dobili smo i neke nove uvide u odnose me\u0111u akterima na politi\u010dkoj sceni po\u010detkom 1990-ih godina. \u010culi smo svjedo\u010denja o tome kako je Ante Markovi\u0107 poku\u0161avao nagovoriti Nijaza Durakovi\u0107a da vodi Savez reformista, kako su tekli razgovori Nenada Kecmanovi\u0107a sa tada\u0161njim liderima Saveza omladine, \u0161ta je bilo na stolu u razgovorima izme\u0111u rukovodstva Saveza komunista BiH i partijskog rukovodstva u Jugoslavenskoj narodnoj armiji i sli\u010dno. U diskusijama o ne\u0161to \u0161irim kontekstima, dobili smo nove uvide u sudbinu turske manjine u Bugarskoj 1970-ih i 1980-ih godina, a posebno vrijedni su bili razgovori sa nau\u010dnicima iz regiona o ulozi histori\u010dara u javnosti, deklaraciji \u201eOdbranimo historiju\u201c, te o odnosu historiografije i nacionalizma. Time se History Fest potvr\u0111uje kao otvorena platforma za dijalog i taj koncept \u0107e se dalje razvijati. To je, mo\u017eda, na kraju <em>History Festa<\/em> najbolje kazao Hannes Grandits, profesor sa Univerziteta Humboldt u Berlinu, nagla\u0161avaju\u0107i upravo ovu me\u0111unarodnu dimenziju kao va\u017enu karakteristiku koja <em>History Fest<\/em> izmje\u0161ta iz regionalnih okvira i daje mu znatno \u0161iri karakter.<\/p>\n\n\n\n<p>U ovoj knjizi objavljene su diskusije sa dva panela, razgovori sa pojedinim histori\u010darima o ulozi histori\u010dara u javnosti kao i razgovori sa autorima o njihovim knjigama.<\/p>\n\n\n\n<p>Knjiga je dostupna u PDF formatu <a href=\"https:\/\/www.historyfest.ba\/assets\/documents\/History-Fest_2020_def.pdf\">ovdje.<\/a><\/p>\n\n\n\n<p>Izvori:<\/p>\n\n\n\n<p><a href=\"https:\/\/www.historyfest.ba\/odjeci\/article.html?id=5https:\/\/www.historiografija.ba\/article.php?id=296\">https:\/\/www.historyfest.ba\/odjeci\/article.html?id=5<\/a><\/p>\n\n\n\n<p><a href=\"https:\/\/www.historyfest.ba\/odjeci\/article.html?id=5https:\/\/www.historiografija.ba\/article.php?id=296\">https:\/\/www.historiografija.ba\/article.php?id=296<\/a><\/p>\n\n\n\n<hr class=\"wp-block-separator\"\/>\n","protected":false},"excerpt":{"rendered":"","protected":false},"author":2,"featured_media":24543,"comment_status":"open","ping_status":"open","sticky":false,"template":"","format":"standard","meta":{"_acf_changed":false,"jetpack_post_was_ever_published":false,"_jetpack_newsletter_access":"","_jetpack_dont_email_post_to_subs":false,"_jetpack_newsletter_tier_id":0,"_jetpack_memberships_contains_paywalled_content":false,"_jetpack_memberships_contains_paid_content":false,"footnotes":"","jetpack_publicize_message":"","jetpack_publicize_feature_enabled":true,"jetpack_social_post_already_shared":true,"jetpack_social_options":{"image_generator_settings":{"template":"highway","default_image_id":0,"font":"","enabled":false},"version":2}},"categories":[19,8,3],"tags":[],"class_list":["post-24542","post","type-post","status-publish","format-standard","has-post-thumbnail","hentry","category-e-knjige","category-knjige","category-novosti"],"acf":{"facebook_opis":""},"jetpack_publicize_connections":[],"jetpack_featured_media_url":"https:\/\/i0.wp.com\/historiografija.hr\/wp-content\/uploads\/2021\/01\/koricaHF.jpg?fit=760%2C546&ssl=1","jetpack_sharing_enabled":true,"jetpack-related-posts":[],"_links":{"self":[{"href":"https:\/\/historiografija.hr\/index.php?rest_route=\/wp\/v2\/posts\/24542","targetHints":{"allow":["GET"]}}],"collection":[{"href":"https:\/\/historiografija.hr\/index.php?rest_route=\/wp\/v2\/posts"}],"about":[{"href":"https:\/\/historiografija.hr\/index.php?rest_route=\/wp\/v2\/types\/post"}],"author":[{"embeddable":true,"href":"https:\/\/historiografija.hr\/index.php?rest_route=\/wp\/v2\/users\/2"}],"replies":[{"embeddable":true,"href":"https:\/\/historiografija.hr\/index.php?rest_route=%2Fwp%2Fv2%2Fcomments&post=24542"}],"version-history":[{"count":1,"href":"https:\/\/historiografija.hr\/index.php?rest_route=\/wp\/v2\/posts\/24542\/revisions"}],"predecessor-version":[{"id":24544,"href":"https:\/\/historiografija.hr\/index.php?rest_route=\/wp\/v2\/posts\/24542\/revisions\/24544"}],"wp:featuredmedia":[{"embeddable":true,"href":"https:\/\/historiografija.hr\/index.php?rest_route=\/wp\/v2\/media\/24543"}],"wp:attachment":[{"href":"https:\/\/historiografija.hr\/index.php?rest_route=%2Fwp%2Fv2%2Fmedia&parent=24542"}],"wp:term":[{"taxonomy":"category","embeddable":true,"href":"https:\/\/historiografija.hr\/index.php?rest_route=%2Fwp%2Fv2%2Fcategories&post=24542"},{"taxonomy":"post_tag","embeddable":true,"href":"https:\/\/historiografija.hr\/index.php?rest_route=%2Fwp%2Fv2%2Ftags&post=24542"}],"curies":[{"name":"wp","href":"https:\/\/api.w.org\/{rel}","templated":true}]}}