{"id":24539,"date":"2021-01-12T19:53:02","date_gmt":"2021-01-12T19:53:02","guid":{"rendered":"http:\/\/historiografija.hr\/?p=24539"},"modified":"2021-01-12T19:55:19","modified_gmt":"2021-01-12T19:55:19","slug":"amir-duranovic-povijest-historija-historiografija","status":"publish","type":"post","link":"https:\/\/historiografija.hr\/?p=24539","title":{"rendered":"Amir Duranovi\u0107, \u201cPovijest. Historija. Historiografija\u201d"},"content":{"rendered":"\n<p>Udru\u017eenje za modernu historiju je objavilo novu knjigu \u201ePovijest, historija, historiografija\u201c autora Amira Duranovi\u0107a. Tekstovi sadr\u017eani u ovoj knjizi velikim dijelom su proiza\u0161li iz projekta \u201eHistoriografija i nacionalizam\u201c, koji se realizirao u Udru\u017eenju za modernu historiju (UMHIS) iz Sarajeva. Rije\u010d je nekoliko ve\u0107ih intervjua koje Duranovi\u0107 dao razli\u010ditim medijima u Bosni i Hercegovini, razgovor o projektu \u201eHistoriografija i nacionalizam\u201c, te na kraju nekoliko tekstova nastalih za potrebe okruglih stolova i konferencija na kojima u\u010destvovao u saradnji sa Fondacijom Heinrich B\u04e7ll, a koji su u me\u0111uvremenu objavljeni na zvani\u010dnim internet-prezentacijama Fondacije. U posljednjem dijelu je nekoliko tekstova, prikaza, recenzija i osvrta na knjige i pojave u historiografiji.<\/p>\n\n\n\n<hr class=\"wp-block-separator\"\/>\n\n\n\n<p>Knjiga je dostupna na internet stranici <a href=\"http:\/\/umhis.ba\/wp-content\/uploads\/2020\/12\/Povijest-historija-historiografija-Amir-Duranovic.pdf\" target=\"_blank\" rel=\"noreferrer noopener\">Udru\u017eenja za modernu historiju.<\/a><\/p>\n\n\n\n<figure class=\"wp-block-embed-wordpress wp-block-embed is-type-wp-embed is-provider-umhis\"><div class=\"wp-block-embed__wrapper\">\n<blockquote class=\"wp-embedded-content\" data-secret=\"Wy1TI93vQU\"><a href=\"https:\/\/umhis.ba\/knjiga-povijest-historija-historiografija-objavljena-u-okviru-projekta-historiografija-i-nacionalizam\/\">Knjiga Povijest, historija, historiografija objavljena u okviru projekta Historiografija i nacionalizam<\/a><\/blockquote><iframe loading=\"lazy\" class=\"wp-embedded-content\" sandbox=\"allow-scripts\" security=\"restricted\" style=\"position: absolute; clip: rect(1px, 1px, 1px, 1px);\" title=\"&#8220;Knjiga Povijest, historija, historiografija objavljena u okviru projekta Historiografija i nacionalizam&#8221; &#8212; UMHIS\" src=\"https:\/\/umhis.ba\/knjiga-povijest-historija-historiografija-objavljena-u-okviru-projekta-historiografija-i-nacionalizam\/embed\/#?secret=Wy1TI93vQU\" data-secret=\"Wy1TI93vQU\" width=\"600\" height=\"338\" frameborder=\"0\" marginwidth=\"0\" marginheight=\"0\" scrolling=\"no\"><\/iframe>\n<\/div><\/figure>\n\n\n\n<hr class=\"wp-block-separator\"\/>\n\n\n\n<p>Izvor i dodatne obavijesti:<\/p>\n\n\n\n<p><a href=\"https:\/\/www.historiografija.ba\/article.php?id=346\">https:\/\/www.historiografija.ba\/article.php?id=346<\/a><\/p>\n\n\n\n<p><a href=\"https:\/\/umhis.ba\/\">https:\/\/umhis.ba\/<\/a><\/p>\n\n\n\n<hr class=\"wp-block-separator\"\/>\n","protected":false},"excerpt":{"rendered":"","protected":false},"author":2,"featured_media":24540,"comment_status":"open","ping_status":"open","sticky":false,"template":"","format":"standard","meta":{"_acf_changed":false,"jetpack_post_was_ever_published":false,"_jetpack_newsletter_access":"","_jetpack_dont_email_post_to_subs":false,"_jetpack_newsletter_tier_id":0,"_jetpack_memberships_contains_paywalled_content":false,"_jetpack_memberships_contains_paid_content":false,"footnotes":"","jetpack_publicize_message":"","jetpack_publicize_feature_enabled":true,"jetpack_social_post_already_shared":true,"jetpack_social_options":{"image_generator_settings":{"template":"highway","default_image_id":0,"font":"","enabled":false},"version":2}},"categories":[19,8,3],"tags":[],"class_list":["post-24539","post","type-post","status-publish","format-standard","has-post-thumbnail","hentry","category-e-knjige","category-knjige","category-novosti"],"acf":{"facebook_opis":""},"jetpack_publicize_connections":[],"jetpack_featured_media_url":"https:\/\/i0.wp.com\/historiografija.hr\/wp-content\/uploads\/2021\/01\/povijest-historija-historiografija.jpg?fit=1280%2C640&ssl=1","jetpack_sharing_enabled":true,"jetpack-related-posts":[],"_links":{"self":[{"href":"https:\/\/historiografija.hr\/index.php?rest_route=\/wp\/v2\/posts\/24539","targetHints":{"allow":["GET"]}}],"collection":[{"href":"https:\/\/historiografija.hr\/index.php?rest_route=\/wp\/v2\/posts"}],"about":[{"href":"https:\/\/historiografija.hr\/index.php?rest_route=\/wp\/v2\/types\/post"}],"author":[{"embeddable":true,"href":"https:\/\/historiografija.hr\/index.php?rest_route=\/wp\/v2\/users\/2"}],"replies":[{"embeddable":true,"href":"https:\/\/historiografija.hr\/index.php?rest_route=%2Fwp%2Fv2%2Fcomments&post=24539"}],"version-history":[{"count":1,"href":"https:\/\/historiografija.hr\/index.php?rest_route=\/wp\/v2\/posts\/24539\/revisions"}],"predecessor-version":[{"id":24541,"href":"https:\/\/historiografija.hr\/index.php?rest_route=\/wp\/v2\/posts\/24539\/revisions\/24541"}],"wp:featuredmedia":[{"embeddable":true,"href":"https:\/\/historiografija.hr\/index.php?rest_route=\/wp\/v2\/media\/24540"}],"wp:attachment":[{"href":"https:\/\/historiografija.hr\/index.php?rest_route=%2Fwp%2Fv2%2Fmedia&parent=24539"}],"wp:term":[{"taxonomy":"category","embeddable":true,"href":"https:\/\/historiografija.hr\/index.php?rest_route=%2Fwp%2Fv2%2Fcategories&post=24539"},{"taxonomy":"post_tag","embeddable":true,"href":"https:\/\/historiografija.hr\/index.php?rest_route=%2Fwp%2Fv2%2Ftags&post=24539"}],"curies":[{"name":"wp","href":"https:\/\/api.w.org\/{rel}","templated":true}]}}