{"id":24507,"date":"2021-01-08T22:19:05","date_gmt":"2021-01-08T22:19:05","guid":{"rendered":"http:\/\/historiografija.hr\/?p=24507"},"modified":"2021-01-08T22:19:05","modified_gmt":"2021-01-08T22:19:05","slug":"kojin-karatani-struktura-svjetske-povijesti-od-nacina-proizvodnje-do-nacina-razmjene","status":"publish","type":"post","link":"https:\/\/historiografija.hr\/?p=24507","title":{"rendered":"Kojin Karatani, \u201cStruktura svjetske povijesti \u2013 od na\u010dina proizvodnje do na\u010dina razmjene\u201d"},"content":{"rendered":"\n<p>Knjiga <strong>Kojina Karatanija<\/strong>\u00a0je poku\u0161aj ponovnog promi\u0161ljanja povijesti dru\u0161tvenih formacija, ali iz perspektive na\u010din\u0101 razmjene. Do sada se to u marksizmu poduzimalo iz perspektive na\u010din\u0101 proizvodnje \u2013 iz perspektive toga tko posjeduje sredstva za proizvodnju. Na\u010dini proizvodnje smatrali su se \u201cekonomskom bazom\u201d, a ono politi\u010dko, vjersko i kulturno smatralo se ideolo\u0161kom nadgradnjom. Marksisti su vjerovali da \u0107e ideolo\u0161ke nadgradnje kao \u0161to su dr\u017eava ili nacija prirodno odumrijeti kada se ukine kapitalisti\u010dka ekonomija, ali stvarnost je njihova o\u010dekivanja iznevjerila i nisu uspjeli u poku\u0161ajima da se obra\u010dunaju s dr\u017eavom i nacijom.<\/p>\n\n\n\n<p>&#8212;<\/p>\n\n\n\n<p><br><\/p>\n\n\n\n<p><strong>O KNJIZI<\/strong><\/p>\n\n\n\n<p>\u201eMonumentalna i provokativna, sinteza Kojina Karatanija svjedo\u010di o dramati\u010dnom ponovnom ra\u0111anju univerzalne povijesti; ona to \u010dini ujedinjavanjem tradicija \u2013 ekonomije, politike, dru\u0161tvene imaginacije \u2013 koje se sve vi\u0161e pokazuju jalovima ako se razvijaju zasebno. Njegovo je \u010ditanje marksovskih na\u010dina proizvodnje (Marxove teorije univerzalne povijesti) kao povijesti na\u010dina razmjene hereti\u010dno je i revizionisti\u010dko. Njegova rasprava o naciji i svjetskom carstvu umjesto bezbrojnih debata o globalizaciji nudi transformativni odnosno revolucionarni okvir. I kona\u010dno, Karatanijevo prakti\u010dno i teorijsko iskustvo suradnje otvara politi\u010dke perspektive koje daju ideju i snagu u trenutku kad je lijevoj politici, \u010dini se, svugdje ponestalo daha.\u201c<\/p>\n\n\n\n<p>\u2014 Fredric Jameson<\/p>\n\n\n\n<hr class=\"wp-block-separator\"\/>\n\n\n\n<p><br><strong>KOJIN KARATANI<\/strong>\u00a0rodio se 1941. u Amagasaki, gradu izme\u0111u Osake i Kobea. Na tokijskom sveu\u010dili\u0161tu studirao je ekonomiju i englesku knji\u017eevnost, a kasnije i predaje knji\u017eevnost na Sveu\u010dili\u0161tu Hosei u Tokiju. Godine 1975. pozvanje na Sveu\u010dili\u0161te Yale kao gostuju\u0107i profesor japanske knji\u017eevnosti; tamo upoznaje Paula de Mana i Frederica Jamesona. Devedesetih godina redovito predaje na Sveu\u010dili\u0161tu Columbia. Autor je dvadesetak knjiga na japanskom jeziku (uglavnom iz podru\u010dja knji\u017eevne eorije i kritike), a najpoznatiji je po svojim ameri\u010dkim izdanjima:\u00a0<em>Origins of Modern Japanese Literature; Architecture as Metaphor; Language, Number, Money,\u00a0<\/em>te\u00a0<em>Transcritique: On Kant and Marx<\/em>.<\/p>\n\n\n\n<hr class=\"wp-block-separator\"\/>\n\n\n\n<p><strong>AUTOR:&nbsp;<\/strong>Kojin Karatani<\/p>\n\n\n\n<p><strong>PREVELA:<\/strong> Mirjana Pai\u0107-Jurini\u0107<\/p>\n\n\n\n<p><strong>BIBLIOTEKA<\/strong>: Rad i misao<\/p>\n\n\n\n<p><strong>JEZIK:<\/strong>&nbsp;hrvatski<\/p>\n\n\n\n<p><strong>IZDAVA\u010cI:<\/strong>&nbsp;Jesenski i Turk,&nbsp;Drugo more<\/p>\n\n\n\n<p><strong>GRAFI\u010cKI UREDNIK:<\/strong> Oleg \u0160uran<\/p>\n\n\n\n<p><strong>GODINA IZDANJA: <\/strong>2020.<\/p>\n\n\n\n<p><strong>ISBN:<\/strong> 978-953-222-907-3<\/p>\n\n\n\n<hr class=\"wp-block-separator\"\/>\n\n\n\n<p>Biblioteka <strong>Rad i misao<\/strong> objavljuje naslove koji program <strong>Dopolavoro<\/strong>&nbsp;projekta <strong>Rijeka 2020 \u2013 Europska prijestolnica kulture<\/strong> smje\u0161taju u teorijski i istra\u017eiva\u010dki kontekst i pridonose razumijevanju rada u suvremenom dru\u0161tvu kroz razli\u010dite perspektive.<\/p>\n\n\n\n<p>Biblioteka <a rel=\"noreferrer noopener\" href=\"http:\/\/drugo-more.hr\/publikacije\/rad-i-misao\/\" target=\"_blank\">Rad i misao<\/a>\u00a0dio je programskog pravca\u00a0<em>Dopolavoro<\/em>\u00a0projekta <em>Rijeka 2020 \u2013 Europska prijestolnica kulture<\/em>. Programski pravac\u00a0<em>Dopolavoro\u00a0<\/em>Europske prijestolnice kulture\u00a0<em>Rijeka 2020<\/em> financiran je sredstvima Ministarstva kulture RH, Primorsko-goranske \u017eupanije i Grada Rijeke.<\/p>\n\n\n\n<hr class=\"wp-block-separator\"\/>\n\n\n\n<p>Izvor: <a href=\"https:\/\/drugo-more.hr\/kojin-karatani\/\">https:\/\/drugo-more.hr\/kojin-karatani\/<\/a><\/p>\n\n\n\n<hr class=\"wp-block-separator\"\/>\n","protected":false},"excerpt":{"rendered":"","protected":false},"author":2,"featured_media":24508,"comment_status":"open","ping_status":"open","sticky":false,"template":"","format":"standard","meta":{"_acf_changed":false,"jetpack_post_was_ever_published":false,"_jetpack_newsletter_access":"","_jetpack_dont_email_post_to_subs":false,"_jetpack_newsletter_tier_id":0,"_jetpack_memberships_contains_paywalled_content":false,"_jetpack_memberships_contains_paid_content":false,"footnotes":"","jetpack_publicize_message":"","jetpack_publicize_feature_enabled":true,"jetpack_social_post_already_shared":true,"jetpack_social_options":{"image_generator_settings":{"template":"highway","default_image_id":0,"font":"","enabled":false},"version":2}},"categories":[8,3],"tags":[],"class_list":["post-24507","post","type-post","status-publish","format-standard","has-post-thumbnail","hentry","category-knjige","category-novosti"],"acf":{"facebook_opis":""},"jetpack_publicize_connections":[],"jetpack_featured_media_url":"https:\/\/i0.wp.com\/historiografija.hr\/wp-content\/uploads\/2021\/01\/Karatani.jpg?fit=296%2C468&ssl=1","jetpack_sharing_enabled":true,"jetpack-related-posts":[],"_links":{"self":[{"href":"https:\/\/historiografija.hr\/index.php?rest_route=\/wp\/v2\/posts\/24507","targetHints":{"allow":["GET"]}}],"collection":[{"href":"https:\/\/historiografija.hr\/index.php?rest_route=\/wp\/v2\/posts"}],"about":[{"href":"https:\/\/historiografija.hr\/index.php?rest_route=\/wp\/v2\/types\/post"}],"author":[{"embeddable":true,"href":"https:\/\/historiografija.hr\/index.php?rest_route=\/wp\/v2\/users\/2"}],"replies":[{"embeddable":true,"href":"https:\/\/historiografija.hr\/index.php?rest_route=%2Fwp%2Fv2%2Fcomments&post=24507"}],"version-history":[{"count":1,"href":"https:\/\/historiografija.hr\/index.php?rest_route=\/wp\/v2\/posts\/24507\/revisions"}],"predecessor-version":[{"id":24509,"href":"https:\/\/historiografija.hr\/index.php?rest_route=\/wp\/v2\/posts\/24507\/revisions\/24509"}],"wp:featuredmedia":[{"embeddable":true,"href":"https:\/\/historiografija.hr\/index.php?rest_route=\/wp\/v2\/media\/24508"}],"wp:attachment":[{"href":"https:\/\/historiografija.hr\/index.php?rest_route=%2Fwp%2Fv2%2Fmedia&parent=24507"}],"wp:term":[{"taxonomy":"category","embeddable":true,"href":"https:\/\/historiografija.hr\/index.php?rest_route=%2Fwp%2Fv2%2Fcategories&post=24507"},{"taxonomy":"post_tag","embeddable":true,"href":"https:\/\/historiografija.hr\/index.php?rest_route=%2Fwp%2Fv2%2Ftags&post=24507"}],"curies":[{"name":"wp","href":"https:\/\/api.w.org\/{rel}","templated":true}]}}