{"id":24504,"date":"2021-01-08T22:08:33","date_gmt":"2021-01-08T22:08:33","guid":{"rendered":"http:\/\/historiografija.hr\/?p=24504"},"modified":"2021-01-08T22:08:33","modified_gmt":"2021-01-08T22:08:33","slug":"ljevica-nakon-opovrgnute-revolucije-ur-srecko-pulig","status":"publish","type":"post","link":"https:\/\/historiografija.hr\/?p=24504","title":{"rendered":"Ljevica nakon opovrgnute revolucije (ur. Sre\u0107ko Pulig)"},"content":{"rendered":"\n<p>Ovaj zbornik tekstova trinaest autorica i autora nastao je iz vi\u0161e prilika, jedne konferencije, kao i narud\u017ebi za samu knjigu. Autori zastupljeni u zborniku su: Darko Suvin, Luka Bogdani\u0107, Sre\u0107ko Pulig, Andreja \u017divkovi\u0107, Milorad Pupovac, Sonja Lokar, Rastko Mo\u010dnik, Milan Popovi\u0107, Lilijana Burcar, Dinko Kreho, Maja Breznik, Goran Musi\u0107 i Goran Luki\u0107.<\/p>\n\n\n\n<p>Usred krize evropskog projekta koju sada prolazimo, \u010duju se glasovi kako je evropska elita nesposobna i zamisliti dubinu krize u koju nas vodi, kamo li da bi imala rje\u0161enja za izlaz iz nje. Propast cijelih dru\u0161tava u njenoj uobrazilji nije mogu\u0107a, jer ona bi u pitanje dovela opstanak samog kapitalisti\u010dkog sistema. A onda bismo svi, i vladaju\u0107i i ovladani, bili gubitnicima, \u0161to vlasti, govori nam ovaj metafizi\u010dki optimizam, ipak ne\u0107e dozvoliti. Ali da su prilike nadrasle aktere i da s njima ne mogu iza\u0107i na kraj, to je historijsko iskustvo koje su veliki dijelovi vladaju\u0107ih slojeva ve\u0107 do\u017eivljavali u dva svjetska rata pro\u0161loga stolje\u0107a. Ovo je knjiga napisana protiv entropije \u2013 \u201cdru\u0161tvene \u0161utnje\u201c \u2013 u centru sistema.<\/p>\n\n\n\n<hr class=\"wp-block-separator\"\/>\n\n\n\n<p><strong>O autoru<\/strong><\/p>\n\n\n\n<p><strong>ur. Sre\u0107ko Pulig<\/strong><\/p>\n\n\n\n<p>Novinar, publicist i prevoditelj. Po obrazovanju filozof i komparatist. Bavio se novinarstvom na Omladinskom radiju, u Arkzinu, Feralu, Zarezu, Slobodnoj Dalmaciji i drugdje. Sada u Novostima. Bio je urednik Aktiva, priloga Novosti za teoriju prakse, objavljivao u Filozofskim istra\u017eivanjima, uredio velik broj tematskih priloga u raznim \u010dasopisima i novinama.<\/p>\n\n\n\n<hr class=\"wp-block-separator\"\/>\n\n\n\n<p>Nakladnik: Jesenski i Turk<\/p>\n\n\n\n<p>Broj stranica: 279<\/p>\n\n\n\n<p>Godina izdanja: 2020<\/p>\n\n\n\n<hr class=\"wp-block-separator\"\/>\n\n\n\n<p>Izvori:<\/p>\n\n\n\n<p><a href=\"https:\/\/www.jesenski-turk.hr\/hr\/ljevica-nakon-opovrgnute-revolucije-2020-srecko-pulig-ur\">https:\/\/www.jesenski-turk.hr\/hr\/ljevica-nakon-opovrgnute-revolucije-2020-srecko-pulig-ur<\/a><\/p>\n\n\n\n<p><a href=\"https:\/\/www.ljevak.hr\/publicistika\/25087-ljevica-nakon-opovrgnute-revolucije.html\">https:\/\/www.ljevak.hr\/publicistika\/25087-ljevica-nakon-opovrgnute-revolucije.html<\/a><\/p>\n\n\n\n<hr class=\"wp-block-separator\"\/>\n\n\n\n<p>Iz medija:<\/p>\n\n\n\n<p><a href=\"https:\/\/www.portalnovosti.com\/rehabilitacija-pojma-revolucije\">https:\/\/www.portalnovosti.com\/rehabilitacija-pojma-revolucije<\/a><\/p>\n\n\n\n<hr class=\"wp-block-separator\"\/>\n","protected":false},"excerpt":{"rendered":"","protected":false},"author":2,"featured_media":24505,"comment_status":"open","ping_status":"open","sticky":false,"template":"","format":"standard","meta":{"_acf_changed":false,"jetpack_post_was_ever_published":false,"_jetpack_newsletter_access":"","_jetpack_dont_email_post_to_subs":false,"_jetpack_newsletter_tier_id":0,"_jetpack_memberships_contains_paywalled_content":false,"_jetpack_memberships_contains_paid_content":false,"footnotes":"","jetpack_publicize_message":"","jetpack_publicize_feature_enabled":true,"jetpack_social_post_already_shared":true,"jetpack_social_options":{"image_generator_settings":{"template":"highway","default_image_id":0,"font":"","enabled":false},"version":2}},"categories":[8,3],"tags":[],"class_list":["post-24504","post","type-post","status-publish","format-standard","has-post-thumbnail","hentry","category-knjige","category-novosti"],"acf":{"facebook_opis":""},"jetpack_publicize_connections":[],"jetpack_featured_media_url":"https:\/\/i0.wp.com\/historiografija.hr\/wp-content\/uploads\/2021\/01\/ljevica-nakon-opovrgnute.jpg?fit=1123%2C1874&ssl=1","jetpack_sharing_enabled":true,"jetpack-related-posts":[],"_links":{"self":[{"href":"https:\/\/historiografija.hr\/index.php?rest_route=\/wp\/v2\/posts\/24504","targetHints":{"allow":["GET"]}}],"collection":[{"href":"https:\/\/historiografija.hr\/index.php?rest_route=\/wp\/v2\/posts"}],"about":[{"href":"https:\/\/historiografija.hr\/index.php?rest_route=\/wp\/v2\/types\/post"}],"author":[{"embeddable":true,"href":"https:\/\/historiografija.hr\/index.php?rest_route=\/wp\/v2\/users\/2"}],"replies":[{"embeddable":true,"href":"https:\/\/historiografija.hr\/index.php?rest_route=%2Fwp%2Fv2%2Fcomments&post=24504"}],"version-history":[{"count":1,"href":"https:\/\/historiografija.hr\/index.php?rest_route=\/wp\/v2\/posts\/24504\/revisions"}],"predecessor-version":[{"id":24506,"href":"https:\/\/historiografija.hr\/index.php?rest_route=\/wp\/v2\/posts\/24504\/revisions\/24506"}],"wp:featuredmedia":[{"embeddable":true,"href":"https:\/\/historiografija.hr\/index.php?rest_route=\/wp\/v2\/media\/24505"}],"wp:attachment":[{"href":"https:\/\/historiografija.hr\/index.php?rest_route=%2Fwp%2Fv2%2Fmedia&parent=24504"}],"wp:term":[{"taxonomy":"category","embeddable":true,"href":"https:\/\/historiografija.hr\/index.php?rest_route=%2Fwp%2Fv2%2Fcategories&post=24504"},{"taxonomy":"post_tag","embeddable":true,"href":"https:\/\/historiografija.hr\/index.php?rest_route=%2Fwp%2Fv2%2Ftags&post=24504"}],"curies":[{"name":"wp","href":"https:\/\/api.w.org\/{rel}","templated":true}]}}