{"id":24494,"date":"2021-01-08T17:39:29","date_gmt":"2021-01-08T17:39:29","guid":{"rendered":"http:\/\/historiografija.hr\/?p=24494"},"modified":"2021-01-08T17:39:29","modified_gmt":"2021-01-08T17:39:29","slug":"maroje-visic-i-miroslav-artic-uredili-200-godina-friedricha-engelsa","status":"publish","type":"post","link":"https:\/\/historiografija.hr\/?p=24494","title":{"rendered":"Maroje Vi\u0161i\u0107 i Miroslav Arti\u0107 (uredili), \u201c200 godina Friedricha Engelsa\u201d"},"content":{"rendered":"\n<p>Suo\u010deni s dilemom treba li povodom obljetnice slo\u017eiti uobi\u010dajen zbornik radova u znaku vje\u010dite po\u0161tapalice \u00bbu djelima svojim \u017eivjet \u0107e vje\u010dno\u00ab ili knjigu s konceptom koja \u0107e htjeti stvoriti osnovicu za progovaranje o nama i na\u0161oj sada\u0161njici (\u2026) opredjelili smo se za potonje. (\u2026) Posebna dodatna vrijednost ovog djela jest ukazivanje na nediscipliniran teorijski i \u017eivotni stav Friedricha Engelsa da se prema Marxu, bilo \u017eivom ili mrtvom, prvi ne odnosi kao prema proroku, pa, suveren u vlastitoj misaonoj djelatnosti, niti ne te\u017ei nekoj ortodoksiji koja bi odvajala prave od krivih shva\u0107anja. (Lev Kreft)<\/p>\n\n\n\n<p>Originalno\u0161\u0107u ovog zbornika uspje\u0161no je situirana Engelsova misao u kontekst dana\u0161njih rasprava. Valja istaknuti kako je zbornik radova prva knjiga u Hrvatskoj koja nakon dugo godina iznova daje iscrpan prikaz i kriti\u010dki osvrt na jednog od suosniva\u010da marksisti\u010dkog pogleda na svijet. Rije\u010d je o cjelovitoj interpretaciji Engelsa koja, osim \u0161to daje iscrpan i koherenatn pregled cjelokupne Engelsove teorije, pridonosi suvremenim filozofskim raspravama. (Goran Greti\u0107)<\/p>\n\n\n\n<p>Kod nas ne postoji niti jedna uredni\u010dka knjiga posve\u0107ena temeljitoj kriti\u010dkoj analizi i vrednovanju misaone ostav\u0161tine i naslije\u0111a Friedricha Engelsa. Zna\u010dajno vi\u0161e takvih knjiga ne nalazimo niti u svijetu. (\u2026) Pojavljivanjem ovog zbornika ispravlja se taj nedostatak. (\u2026) S druge strane, djelo ne samo da se pravovremeno uklapa u tokove rasprava koje se vode u svijetu, ve\u0107 ih ono svojim objavljivanjem oboga\u0107uje pru\u017eaju\u0107i nove uvide i interpretacije. Jer, kako smo spomenuli, rasprave o Engelsovu zna\u010daju na svjetskoj razini tek se razvijaju, pa ovo djelo pravodobnim&nbsp; pojavljivanjem&nbsp; pripada&nbsp; njihovim&nbsp; predvodnicima. (Zvonko Posavec)<\/p>\n\n\n\n<p>Sadr\u017eaj<\/p>\n\n\n\n<p>RECEPCIJA ENGELSOVE FILOZOFIJE<\/p>\n\n\n\n<p>CLAUS THOMASBERGER <strong>Friedrich Engels kao prvi marksist?<\/strong> O pozadini i posljedicama utopije o budu\u0107em \u00bbcarstvu slobode\u00ab<br>ALPAR LO\u0160ONC <strong>Autonomija u simbiozi.<\/strong> Friedrich Engels i kritika politi\u010dke ekonomije<br>ANKICA \u010cAKARDI\u0106 <strong>Socijalna filozofija Friedricha Engelsa.<\/strong> Dijalekti\u010dki empirizam i historijski materijalizam<br>ZVONKO \u0160UNDOV <strong>Recepcija Engelsove filozofije u nas<\/strong><br>MIROSLAV ARTI\u0106 <strong>Engels \u2014 leksikografska bilje\u0161ka<\/strong><\/p>\n\n\n\n<p>AKTUALNOSTI ENGELSA DANAS<br>Radni\u0161tvo i prekarijat<\/p>\n\n\n\n<p>MICHAEL BRIE <strong>Strate\u0161ko istra\u017eivanje u doba dru\u0161tvene krize. <\/strong>Mladi Friedrich Engels u Manchesteru<br>MAROJE VI\u0160I\u0106 <strong>Usporedba nekada i sada. <\/strong>Za\u0161to je <em>Polo\u017eaj radni\u010dke klase u Engleskoj<\/em> nakon 175 godina u mnogo\u010demu aktualna kritika dana\u0161njice?<br>VERA VRATU\u0160A <strong>Aktualnost Engelsovog teksta <\/strong><em><strong>Razvitak socijalizma od utopije do nauke<\/strong><\/em><br>KAZIMIR MAJORINC <strong>Engels izme\u0111u utopijskog i znanstvenog socijalizma<\/strong><\/p>\n\n\n\n<p>Selja\u0161tvo kao subjekt promjene<\/p>\n\n\n\n<p>SR\u0110AN \u0160LJUKI\u0106 i MARICA \u0160LJUKI\u0106 <strong>Fridrih Engels i selja\u0161tvo<\/strong><br>BOJAN VRANI\u0106 <strong>Zemljani put revolucije. <\/strong>Selja\u010dko pitanje u Engelsovim kasnim radovima<\/p>\n\n\n\n<p>Rano kr\u0161\u0107anstvo kao inspiracija<\/p>\n\n\n\n<p>NATA\u0160A JOVANOVI\u0106 AJZENHAMER <strong>Engelsova misao o (ranom) hri\u0161\u0107anstvu kao preludijum za sociologiju religije<\/strong><br>IVAN MARKE\u0160I\u0106 <strong>Engelsovo \u00bbRano kr\u0161\u0107anstvo\u00ab: model kako proleterskim pokretima mijenjati dru\u0161tvo<\/strong><br>MISLAV MIHOLEK <strong>Friedrich Engels, reformacija i rano kr\u0161\u0107anstvo. <\/strong>Kratki doprinos za dijalog marksista i kr\u0161\u0107ana<\/p>\n\n\n\n<p>REVALORIZACIJA PORODICE I DR\u017dAVE<\/p>\n\n\n\n<p>DU\u0160KO RADOSAVLJEVI\u0106 <strong>Fridrih Engels o porodici, privatnoj svojini i dr\u017eavi<\/strong><br>KATARINA PEOVI\u0106 <strong>Kritika kritine kritike i Sveta porodica. <\/strong>Protiv potiskivanja \u2014 za povratak zbilji<br>PETRA KURTOVI\u0106 <strong>\u0160to nas je Engels nau\u010dio? <\/strong>Prilog marksisti\u010dko\u2013feministi\u010dkoj kritici braka i obitelji<\/p>\n\n\n\n<p><strong>Detalji<\/strong><\/p>\n\n\n\n<ul class=\"wp-block-list\"><li><strong>ISBN : <\/strong>978-953-188-484-6<\/li><li><strong>Broj stranica : <\/strong>431<\/li><li><strong>Uvez : <\/strong>15 x 22,7 cm, tvrdi uvez<\/li><li><strong>Izdava\u010d : <\/strong>Durieux, Zagreb 2020.<\/li><li><strong>Cijena s PDV\u2013om : <\/strong>168,00<\/li><\/ul>\n\n\n\n<p><strong>O autoru<\/strong><\/p>\n\n\n\n<p>MIROSLAV ARTI\u0106 je profesor filozofije. \u017divi i radi u Zagrebu. Dosada je objavljivao znanstvene radove, recenzije i prikaze u Zarezu, Filozofskim istra\u017eivanjima, Socijalnoj ekologiji, Prisutnosti i u zbornicima Znanost i dru\u0161tvene promjene, Sociologija Sr\u0111ana Vrcana: izme\u0111u utopije i stvarnosti, Slovo o Maku, Bosanskohercegova\u010dki slavisti\u010dki kongres, Tranzicija i kulturno pam\u0107enje.<\/p>\n\n\n\n<p>MAROJE VI\u0160I\u0106 stekao je doktorat znanosti na Bergische Universit\u00e4t Wuppertal, Fakult\u00e4t f\u00fcr Human\u2013 und Sozialwissenschaften, Njema\u010dka. Objavio je ve\u0107i broj znanstvenih radova u doma\u0107im i me\u0111unarodnim \u010dasopisima. Autor je knjige Kritika i otpor. Osnovne crte kriti\u010dke filozofije Herberta Marcusea (Nakalda Breza, 2017). Uredio je zbornik radova Karl Marx zbornik radova povodom dvjestote obljetnice ro\u0111enja (zajedno s G. Sunajkom; Naklada Breza, 2018).<\/p>\n\n\n\n<p>Izvor: <a href=\"http:\/\/durieux.hr\/wordpress\/knjige\/esejistika-publicistika\/200-godina-friedricha-engelsa\/\">http:\/\/durieux.hr\/wordpress\/knjige\/esejistika-publicistika\/200-godina-friedricha-engelsa\/<\/a><\/p>\n\n\n\n<hr class=\"wp-block-separator\"\/>\n\n\n\n<p><strong>Odjeci:<\/strong><\/p>\n\n\n\n<p><a href=\"https:\/\/www.politikaplus.com\/novost\/203877\/-200-godina-nakon-friedricha-engelsa\">https:\/\/www.politikaplus.com\/novost\/203877\/-200-godina-nakon-friedricha-engelsa<\/a><\/p>\n\n\n\n<p><a href=\"https:\/\/www.portalnovosti.com\/pravo-na-revoluciju\">https:\/\/www.portalnovosti.com\/pravo-na-revoluciju<\/a><\/p>\n\n\n\n<p><a href=\"https:\/\/blog.vecernji.hr\/mislav-miholek\/dvjestogodisnjica-engelsova-rodendana-ili-zasto-sam-pisao-o-najblizem-marxovom-suradniku-12101\">https:\/\/blog.vecernji.hr\/mislav-miholek\/dvjestogodisnjica-engelsova-rodendana-ili-zasto-sam-pisao-o-najblizem-marxovom-suradniku-12101<\/a><\/p>\n\n\n\n<figure class=\"wp-block-embed-wordpress wp-block-embed is-type-wp-embed is-provider-masina\"><div class=\"wp-block-embed__wrapper\">\n<blockquote class=\"wp-embedded-content\" data-secret=\"kaoZIHQepW\"><a href=\"https:\/\/www.masina.rs\/?p=15752\">Gde je danas Engels? Ili za\u0161to ponovno \u010ditati o selja\u010dkom pitanju<\/a><\/blockquote><iframe loading=\"lazy\" class=\"wp-embedded-content\" sandbox=\"allow-scripts\" security=\"restricted\" style=\"position: absolute; clip: rect(1px, 1px, 1px, 1px);\" title=\"&#8220;Gde je danas Engels? Ili za\u0161to ponovno \u010ditati o selja\u010dkom pitanju&#8221; &#8212; Ma\u0161ina\" src=\"https:\/\/www.masina.rs\/?p=15752&#038;embed=true#?secret=kaoZIHQepW\" data-secret=\"kaoZIHQepW\" width=\"600\" height=\"338\" frameborder=\"0\" marginwidth=\"0\" marginheight=\"0\" scrolling=\"no\"><\/iframe>\n<\/div><\/figure>\n\n\n\n<figure class=\"wp-block-embed-wordpress wp-block-embed is-type-wp-embed is-provider-bilten\"><div class=\"wp-block-embed__wrapper\">\n<blockquote class=\"wp-embedded-content\" data-secret=\"ZpYHN4VFaz\"><a href=\"https:\/\/www.bilten.org\/?p=35667\">Engelsova ro\u0111endanska proslava \u2013 buntovan i kao 200-godi\u0161njak<\/a><\/blockquote><iframe loading=\"lazy\" class=\"wp-embedded-content\" sandbox=\"allow-scripts\" security=\"restricted\" style=\"position: absolute; clip: rect(1px, 1px, 1px, 1px);\" title=\"&#8220;Engelsova ro\u0111endanska proslava \u2013 buntovan i kao 200-godi\u0161njak&#8221; &#8212; Bilten\" src=\"https:\/\/www.bilten.org\/?p=35667&#038;embed=true#?secret=ZpYHN4VFaz\" data-secret=\"ZpYHN4VFaz\" width=\"600\" height=\"338\" frameborder=\"0\" marginwidth=\"0\" marginheight=\"0\" scrolling=\"no\"><\/iframe>\n<\/div><\/figure>\n\n\n\n<hr class=\"wp-block-separator\"\/>\n","protected":false},"excerpt":{"rendered":"","protected":false},"author":2,"featured_media":24495,"comment_status":"open","ping_status":"open","sticky":false,"template":"","format":"standard","meta":{"_acf_changed":false,"jetpack_post_was_ever_published":false,"_jetpack_newsletter_access":"","_jetpack_dont_email_post_to_subs":false,"_jetpack_newsletter_tier_id":0,"_jetpack_memberships_contains_paywalled_content":false,"_jetpack_memberships_contains_paid_content":false,"footnotes":"","jetpack_publicize_message":"","jetpack_publicize_feature_enabled":true,"jetpack_social_post_already_shared":true,"jetpack_social_options":{"image_generator_settings":{"template":"highway","default_image_id":0,"font":"","enabled":false},"version":2}},"categories":[8,3],"tags":[],"class_list":["post-24494","post","type-post","status-publish","format-standard","has-post-thumbnail","hentry","category-knjige","category-novosti"],"acf":{"facebook_opis":""},"jetpack_publicize_connections":[],"jetpack_featured_media_url":"https:\/\/i0.wp.com\/historiografija.hr\/wp-content\/uploads\/2021\/01\/200-godina-friedricha-engelsa.jpg?fit=450%2C650&ssl=1","jetpack_sharing_enabled":true,"jetpack-related-posts":[],"_links":{"self":[{"href":"https:\/\/historiografija.hr\/index.php?rest_route=\/wp\/v2\/posts\/24494","targetHints":{"allow":["GET"]}}],"collection":[{"href":"https:\/\/historiografija.hr\/index.php?rest_route=\/wp\/v2\/posts"}],"about":[{"href":"https:\/\/historiografija.hr\/index.php?rest_route=\/wp\/v2\/types\/post"}],"author":[{"embeddable":true,"href":"https:\/\/historiografija.hr\/index.php?rest_route=\/wp\/v2\/users\/2"}],"replies":[{"embeddable":true,"href":"https:\/\/historiografija.hr\/index.php?rest_route=%2Fwp%2Fv2%2Fcomments&post=24494"}],"version-history":[{"count":2,"href":"https:\/\/historiografija.hr\/index.php?rest_route=\/wp\/v2\/posts\/24494\/revisions"}],"predecessor-version":[{"id":24498,"href":"https:\/\/historiografija.hr\/index.php?rest_route=\/wp\/v2\/posts\/24494\/revisions\/24498"}],"wp:featuredmedia":[{"embeddable":true,"href":"https:\/\/historiografija.hr\/index.php?rest_route=\/wp\/v2\/media\/24495"}],"wp:attachment":[{"href":"https:\/\/historiografija.hr\/index.php?rest_route=%2Fwp%2Fv2%2Fmedia&parent=24494"}],"wp:term":[{"taxonomy":"category","embeddable":true,"href":"https:\/\/historiografija.hr\/index.php?rest_route=%2Fwp%2Fv2%2Fcategories&post=24494"},{"taxonomy":"post_tag","embeddable":true,"href":"https:\/\/historiografija.hr\/index.php?rest_route=%2Fwp%2Fv2%2Ftags&post=24494"}],"curies":[{"name":"wp","href":"https:\/\/api.w.org\/{rel}","templated":true}]}}