{"id":24490,"date":"2021-01-08T17:29:17","date_gmt":"2021-01-08T17:29:17","guid":{"rendered":"http:\/\/historiografija.hr\/?p=24490"},"modified":"2021-01-08T17:40:35","modified_gmt":"2021-01-08T17:40:35","slug":"shlomo-avineri-karl-marx-philosophy-and-revolution","status":"publish","type":"post","link":"https:\/\/historiografija.hr\/?p=24490","title":{"rendered":"Shlomo Avineri, \u201cKarl Marx: Philosophy and Revolution\u201d"},"content":{"rendered":"\n<p><strong>From the prizewinning Jewish Lives series, a new exploration of Karl Marx&#8217;s life through his intellectual contributions to modern thought<\/strong><br><br>Karl Marx (1818\u20131883)\u2014philosopher, historian, sociologist, economist, current affairs journalist, and editor\u2014was one of the most influential and revolutionary thinkers of modern history, but he is rarely thought of as a Jewish thinker, and his Jewish background is either overlooked or misrepresented. Here, distinguished scholar Shlomo Avineri argues that Marx\u2019s Jewish origins did leave a significant impression on his work. Marx was born in Trier, then part of Prussia, and his family had enjoyed equal rights and emancipation under earlier French control of the area. But then its annexation to Prussia deprived the Jewish population of its equal rights. These developments led to the reluctant conversion of Marx\u2019s father, and similar tribulations radicalized many young intellectuals of that time who came from a Jewish background.<br><br>Avineri puts Marx\u2019s Jewish background in its proper and balanced perspective, and traces Marx\u2019s intellectual development in light of the historical, intellectual, and political contexts in which he lived.<\/p>\n\n\n\n<p><\/p>\n\n\n\n<p>&#8212;<\/p>\n\n\n\n<p><br><strong>About Jewish Lives:<\/strong><br><br>Jewish Lives is a prizewinning series of interpretative biography designed to explore the many facets of Jewish identity. Individual volumes illuminate the imprint of Jewish figures upon literature, religion, philosophy, politics, cultural and economic life, and the arts and sciences. Subjects are paired with authors to elicit lively, deeply informed books that explore the range and depth of the Jewish experience from antiquity to the present.<br><br>In 2014, the Jewish Book Council named Jewish Lives the winner of its Jewish Book of the Year Award, the first series ever to receive this award.<br><br><strong>More praise for Jewish Lives:<\/strong><br><br>\u201cExcellent.\u201d \u2013 New York times<br><br>\u201cExemplary.\u201d \u2013 Wall St. Journal<br><br>\u201cDistinguished.\u201d \u2013 New Yorker<br><br>\u201cSuperb.\u201d \u2013 The Guardian<\/p>\n\n\n\n<hr class=\"wp-block-separator\"\/>\n\n\n\n<p><strong>Shlomo Avineri<\/strong> is professor emeritus of political science at the Hebrew University of Jerusalem and a member of the Israel Academy of Sciences and Humanities. A leading Israeli political scientist, he is the author of <em>The Social and Political Thought of Karl Marx<\/em> and <em>The Making of Modern Zionism.<\/em><\/p>\n\n\n\n<hr class=\"wp-block-separator\"\/>\n\n\n\n<p>ISBN: 9780300211702<br>Publication Date: August 6, 2019<\/p>\n\n\n\n<p>240 pages,&nbsp;5 3\/4 x 8 1\/4<br>1 b\/w illus.<\/p>\n\n\n\n<p><a href=\"https:\/\/yalebooks.yale.edu\/book\/9780300211702\/karl-marx\">https:\/\/yalebooks.yale.edu\/book\/9780300211702\/karl-marx<\/a><\/p>\n\n\n\n<p>&#8212;<\/p>\n\n\n\n<p>Yanis Varoufakis<\/p>\n\n\n\n<p><strong>Ve\u010dni Marks<\/strong><\/p>\n\n\n\n<p>Prikaz knjige Shlomo Avineria \u201eKarl Marx: Philosophy and revolution \/ Karl Marks: Filozofija i revolucija\u201c, Yale University Press, 2019.<\/p>\n\n\n\n<figure class=\"wp-block-embed-wordpress wp-block-embed is-type-wp-embed is-provider-pescanik\"><div class=\"wp-block-embed__wrapper\">\n<blockquote class=\"wp-embedded-content\" data-secret=\"ijmA9HkyJZ\"><a href=\"https:\/\/pescanik.net\/vecni-marks\/\">Ve\u010dni Marks<\/a><\/blockquote><iframe loading=\"lazy\" class=\"wp-embedded-content\" sandbox=\"allow-scripts\" security=\"restricted\" style=\"position: absolute; clip: rect(1px, 1px, 1px, 1px);\" title=\"&#8220;Ve\u010dni Marks&#8221; &#8212; Pe\u0161\u010danik\" src=\"https:\/\/pescanik.net\/vecni-marks\/embed\/#?secret=ijmA9HkyJZ\" data-secret=\"ijmA9HkyJZ\" width=\"600\" height=\"338\" frameborder=\"0\" marginwidth=\"0\" marginheight=\"0\" scrolling=\"no\"><\/iframe>\n<\/div><\/figure>\n\n\n\n<hr class=\"wp-block-separator\"\/>\n","protected":false},"excerpt":{"rendered":"","protected":false},"author":2,"featured_media":24491,"comment_status":"open","ping_status":"open","sticky":false,"template":"","format":"standard","meta":{"_acf_changed":false,"jetpack_post_was_ever_published":false,"_jetpack_newsletter_access":"","_jetpack_dont_email_post_to_subs":false,"_jetpack_newsletter_tier_id":0,"_jetpack_memberships_contains_paywalled_content":false,"_jetpack_memberships_contains_paid_content":false,"footnotes":"","jetpack_publicize_message":"","jetpack_publicize_feature_enabled":true,"jetpack_social_post_already_shared":true,"jetpack_social_options":{"image_generator_settings":{"template":"highway","default_image_id":0,"font":"","enabled":false},"version":2}},"categories":[8,3],"tags":[],"class_list":["post-24490","post","type-post","status-publish","format-standard","has-post-thumbnail","hentry","category-knjige","category-novosti"],"acf":{"facebook_opis":""},"jetpack_publicize_connections":[],"jetpack_featured_media_url":"https:\/\/i0.wp.com\/historiografija.hr\/wp-content\/uploads\/2021\/01\/K-Marx.jpg?fit=220%2C326&ssl=1","jetpack_sharing_enabled":true,"jetpack-related-posts":[],"_links":{"self":[{"href":"https:\/\/historiografija.hr\/index.php?rest_route=\/wp\/v2\/posts\/24490","targetHints":{"allow":["GET"]}}],"collection":[{"href":"https:\/\/historiografija.hr\/index.php?rest_route=\/wp\/v2\/posts"}],"about":[{"href":"https:\/\/historiografija.hr\/index.php?rest_route=\/wp\/v2\/types\/post"}],"author":[{"embeddable":true,"href":"https:\/\/historiografija.hr\/index.php?rest_route=\/wp\/v2\/users\/2"}],"replies":[{"embeddable":true,"href":"https:\/\/historiografija.hr\/index.php?rest_route=%2Fwp%2Fv2%2Fcomments&post=24490"}],"version-history":[{"count":3,"href":"https:\/\/historiografija.hr\/index.php?rest_route=\/wp\/v2\/posts\/24490\/revisions"}],"predecessor-version":[{"id":24497,"href":"https:\/\/historiografija.hr\/index.php?rest_route=\/wp\/v2\/posts\/24490\/revisions\/24497"}],"wp:featuredmedia":[{"embeddable":true,"href":"https:\/\/historiografija.hr\/index.php?rest_route=\/wp\/v2\/media\/24491"}],"wp:attachment":[{"href":"https:\/\/historiografija.hr\/index.php?rest_route=%2Fwp%2Fv2%2Fmedia&parent=24490"}],"wp:term":[{"taxonomy":"category","embeddable":true,"href":"https:\/\/historiografija.hr\/index.php?rest_route=%2Fwp%2Fv2%2Fcategories&post=24490"},{"taxonomy":"post_tag","embeddable":true,"href":"https:\/\/historiografija.hr\/index.php?rest_route=%2Fwp%2Fv2%2Ftags&post=24490"}],"curies":[{"name":"wp","href":"https:\/\/api.w.org\/{rel}","templated":true}]}}