{"id":24487,"date":"2021-01-08T17:22:03","date_gmt":"2021-01-08T17:22:03","guid":{"rendered":"http:\/\/historiografija.hr\/?p=24487"},"modified":"2021-01-08T17:22:03","modified_gmt":"2021-01-08T17:22:03","slug":"izlozba-albert-camus-samoca-i-solidarnost","status":"publish","type":"post","link":"https:\/\/historiografija.hr\/?p=24487","title":{"rendered":"Izlo\u017eba \u201cAlbert Camus \u2013 Samo\u0107a i solidarnost\u201d"},"content":{"rendered":"\n<p>U suradnji s Institut Fran\u00e7ais de Croatie i Arhivom Albert Camus povodom 60. obljetnice smrti Alberta Camusa (1913.-1960.) od 1. prosinca 2020. do 10. sije\u010dnja 2021. u Francuskom institutu (Preradovi\u0107eva 5, Zagreb) donosimo izlo\u017ebu portreta i obiteljskih fotografija iz osobnih arhiva Alberta Camusa koja je inspirirana knjigom <em>Solitaire, solidaire <\/em>(Editions Michel Lafon, 2009.) koju je napisala njegova k\u0107erka Catherine Camus.<\/p>\n\n\n\n<p>U sklopu izlo\u017ebe bit \u0107e prikazan i film <em>Albert Camus, tragedija sre\u0107e \/ Albert Camus, la trag\u00e9die du bonheur <\/em>(r. Jean Daniel &amp; Jo\u00ebl Calmettes, Francuska, 1999., 55\u2032).<\/p>\n\n\n\n<p>\u201cTijekom \u010detrnaest godina \u017eivota s ocem, on mi je otvorio putove koji su mi omogu\u0107ili da \u017eivim i pre\u017eivim. I danas mi se \u017eivot \u010dini okrutnim, ali i nevjerojatno bogatim i lijepim. Dozvolio mi je da vidim. Dijelim tu privilegiju \u2013 i svog oca \u2013 s mnogima drugima. Sretna sam zbog toga. Rade\u0107i \u010detrdeset godina u upravljanju njegovim radom, primila sam tisu\u0107e pisama iz cijelog svijeta. O kojoj god se civilizaciji, kulturi ili temi radilo, svim je ovim pismima zajedni\u010dko jedno: bratska ljubav prema Camusu. \u017delim re\u0107i da zanimanje koje on pobu\u0111uje nije samo intelektualno, postoji ne\u0161to tako instinktivno, nesebi\u010dno i neposredno poput prijateljstva. To je zato jer se on nikad nije odvajao od drugih. Napisao je: \u2018Istina je da nitko ne mo\u017ee umrijeti u miru ako nije u\u010dinio sve \u0161to je potrebno da drugi \u017eive.\u2019 I borio se, \u010desto sam, protiv svih oblika ugnjetavanja. Ugnjetavanje mo\u017ee biti nametnuto od dr\u017eave i lako ga je prepoznati, ali nalazi se i u ozra\u010dju vremena: \u2018Postoji teror jer su ljudske vrijednosti zamijenjene vrijednostima prezira i u\u010dinkovitosti, a volja za slobodom \u017eeljom za dominacijom. Vi\u0161e nismo u pravu jer smo pravedni i velikodu\u0161ni, u pravu smo jer smo uspjeli. Te\u017enja za uspjehom navodi ljude da druge koriste kao sredstvo.\u2019 Moj otac je s tim drugima, svima onima, najbrojnijima, koji svjesno i ustrajno rade ono \u0161to moraju svaki dan. U anonimnosti \u201c.<\/p>\n\n\n\n<p>Catherine Camus<\/p>\n\n\n\n<p>Izvor:<\/p>\n\n\n\n<figure class=\"wp-block-embed-wordpress wp-block-embed is-type-wp-embed is-provider-13-subversive-festival\"><div class=\"wp-block-embed__wrapper\">\n<blockquote class=\"wp-embedded-content\" data-secret=\"TM3ijZ7CPI\"><a href=\"https:\/\/subversivefestival.com\/sf20\/albert-camus-samoca-i-solidarnost-izlozba\/\">Izlo\u017eba: Albert Camus \u2013 Samo\u0107a i solidarnost<\/a><\/blockquote><iframe loading=\"lazy\" class=\"wp-embedded-content\" sandbox=\"allow-scripts\" security=\"restricted\" style=\"position: absolute; clip: rect(1px, 1px, 1px, 1px);\" title=\"&#8220;Izlo\u017eba: Albert Camus \u2013 Samo\u0107a i solidarnost&#8221; &#8212; 13. Subversive Festival\" src=\"https:\/\/subversivefestival.com\/sf20\/albert-camus-samoca-i-solidarnost-izlozba\/embed\/#?secret=TM3ijZ7CPI\" data-secret=\"TM3ijZ7CPI\" width=\"600\" height=\"338\" frameborder=\"0\" marginwidth=\"0\" marginheight=\"0\" scrolling=\"no\"><\/iframe>\n<\/div><\/figure>\n\n\n\n<hr class=\"wp-block-separator\"\/>\n\n\n\n<p><strong>Izlo\u017eba &#8220;Albert Camus, samo\u0107a i solidarnost&#8221; produljena je do 18. sije\u010dnja!<\/strong><\/p>\n\n\n\n<p><a href=\"https:\/\/www.facebook.com\/InstitutFrancaisZagreb\/\">https:\/\/www.facebook.com\/InstitutFrancaisZagreb\/<\/a><\/p>\n\n\n\n<hr class=\"wp-block-separator\"\/>\n\n\n\n<p><strong>Iz medija:<\/strong><\/p>\n\n\n\n<p><a href=\"https:\/\/www.jutarnji.hr\/kultura\/knjizevnost\/albert-camus-zabrinuti-nobelovac-pobunjenog-duha-i-kreativnog-neposluha-15040306\">https:\/\/www.jutarnji.hr\/kultura\/knjizevnost\/albert-camus-zabrinuti-nobelovac-pobunjenog-duha-i-kreativnog-neposluha-15040306<\/a><\/p>\n\n\n\n<figure class=\"wp-block-embed-wordpress wp-block-embed is-type-wp-embed is-provider-n-1\"><div class=\"wp-block-embed__wrapper\">\n<blockquote class=\"wp-embedded-content\" data-secret=\"bQtb1mdFFc\"><a href=\"https:\/\/hr.n1info.com\/kultura\/a583187-Izlozba-fotografija-iz-osobnog-arhiva-Alberta-Camusa-na-Subversive-Festivalu\/\">Izlo\u017eba fotografija iz osobnog arhiva Alberta Camusa na Subversive Festivalu<\/a><\/blockquote><iframe loading=\"lazy\" class=\"wp-embedded-content\" sandbox=\"allow-scripts\" security=\"restricted\" style=\"position: absolute; clip: rect(1px, 1px, 1px, 1px);\" title=\"&#8220;Izlo\u017eba fotografija iz osobnog arhiva Alberta Camusa na Subversive Festivalu&#8221; &#8212; N1\" src=\"https:\/\/hr.n1info.com\/kultura\/a583187-Izlozba-fotografija-iz-osobnog-arhiva-Alberta-Camusa-na-Subversive-Festivalu\/embed\/#?secret=bQtb1mdFFc\" data-secret=\"bQtb1mdFFc\" width=\"600\" height=\"338\" frameborder=\"0\" marginwidth=\"0\" marginheight=\"0\" scrolling=\"no\"><\/iframe>\n<\/div><\/figure>\n\n\n\n<p><a href=\"https:\/\/www.tportal.hr\/kultura\/clanak\/od-siromasne-cetvrti-alzira-do-nobelove-nagrade-tko-je-zaista-bio-albert-camus-autor-kultnog-stranca-20201217\">https:\/\/www.tportal.hr\/kultura\/clanak\/od-siromasne-cetvrti-alzira-do-nobelove-nagrade-tko-je-zaista-bio-albert-camus-autor-kultnog-stranca-20201217<\/a><\/p>\n\n\n\n<p><a href=\"https:\/\/kritika-hdp.hr\/hr\/tema\/odabrala-katarina-luketic\">https:\/\/kritika-hdp.hr\/hr\/tema\/odabrala-katarina-luketic<\/a><\/p>\n\n\n\n<hr class=\"wp-block-separator\"\/>\n","protected":false},"excerpt":{"rendered":"","protected":false},"author":2,"featured_media":24488,"comment_status":"open","ping_status":"open","sticky":false,"template":"","format":"standard","meta":{"_acf_changed":false,"jetpack_post_was_ever_published":false,"_jetpack_newsletter_access":"","_jetpack_dont_email_post_to_subs":false,"_jetpack_newsletter_tier_id":0,"_jetpack_memberships_contains_paywalled_content":false,"_jetpack_memberships_contains_paid_content":false,"footnotes":"","jetpack_publicize_message":"","jetpack_publicize_feature_enabled":true,"jetpack_social_post_already_shared":true,"jetpack_social_options":{"image_generator_settings":{"template":"highway","default_image_id":0,"font":"","enabled":false},"version":2}},"categories":[10,3],"tags":[],"class_list":["post-24487","post","type-post","status-publish","format-standard","has-post-thumbnail","hentry","category-izlozbe","category-novosti"],"acf":{"facebook_opis":""},"jetpack_publicize_connections":[],"jetpack_featured_media_url":"https:\/\/i0.wp.com\/historiografija.hr\/wp-content\/uploads\/2021\/01\/Plakat-Camus.jpg?fit=1600%2C2133&ssl=1","jetpack_sharing_enabled":true,"jetpack-related-posts":[],"_links":{"self":[{"href":"https:\/\/historiografija.hr\/index.php?rest_route=\/wp\/v2\/posts\/24487","targetHints":{"allow":["GET"]}}],"collection":[{"href":"https:\/\/historiografija.hr\/index.php?rest_route=\/wp\/v2\/posts"}],"about":[{"href":"https:\/\/historiografija.hr\/index.php?rest_route=\/wp\/v2\/types\/post"}],"author":[{"embeddable":true,"href":"https:\/\/historiografija.hr\/index.php?rest_route=\/wp\/v2\/users\/2"}],"replies":[{"embeddable":true,"href":"https:\/\/historiografija.hr\/index.php?rest_route=%2Fwp%2Fv2%2Fcomments&post=24487"}],"version-history":[{"count":1,"href":"https:\/\/historiografija.hr\/index.php?rest_route=\/wp\/v2\/posts\/24487\/revisions"}],"predecessor-version":[{"id":24489,"href":"https:\/\/historiografija.hr\/index.php?rest_route=\/wp\/v2\/posts\/24487\/revisions\/24489"}],"wp:featuredmedia":[{"embeddable":true,"href":"https:\/\/historiografija.hr\/index.php?rest_route=\/wp\/v2\/media\/24488"}],"wp:attachment":[{"href":"https:\/\/historiografija.hr\/index.php?rest_route=%2Fwp%2Fv2%2Fmedia&parent=24487"}],"wp:term":[{"taxonomy":"category","embeddable":true,"href":"https:\/\/historiografija.hr\/index.php?rest_route=%2Fwp%2Fv2%2Fcategories&post=24487"},{"taxonomy":"post_tag","embeddable":true,"href":"https:\/\/historiografija.hr\/index.php?rest_route=%2Fwp%2Fv2%2Ftags&post=24487"}],"curies":[{"name":"wp","href":"https:\/\/api.w.org\/{rel}","templated":true}]}}