{"id":24473,"date":"2021-01-07T22:12:58","date_gmt":"2021-01-07T22:12:58","guid":{"rendered":"http:\/\/historiografija.hr\/?p=24473"},"modified":"2021-01-07T22:33:18","modified_gmt":"2021-01-07T22:33:18","slug":"marino-badurina-izbor-deset-biografsko-memoarskih-knjiga-iz-2020-godine","status":"publish","type":"post","link":"https:\/\/historiografija.hr\/?p=24473","title":{"rendered":"Marino Badurina: Izbor deset biografsko-memoarskih knjiga iz 2020. godine"},"content":{"rendered":"\n<p>Biografsko-memoarski \u017eanr u svijetu je ve\u0107 dulje vrijeme prili\u010dno propulzivan, a u posljednje vrijeme sve vi\u0161e i kod nas, premda\u00a0 jo\u0161 uvijek postoji veliki prostor za napredak. Ipak, 2020. pojavilo se nekoliko izdanja i prijevoda, koji &#8220;\u010dine razliku&#8221;. Ovdje je izbor deset doma\u0107ih i stranih naslova u rasponu od politi\u010dkih, intelektualnih i umjetni\u010dkih (auto)biografija do knji\u017eevnih memoara i dnevnika.<\/p>\n\n\n\n<hr class=\"wp-block-separator\"\/>\n\n\n\n<ol class=\"wp-block-list\"><li>Benjamin Moser, <em>Sontag: \u017eivot i djelo<\/em> (Buybook, 2020, original objavljen 2019)<\/li><\/ol>\n\n\n\n<figure class=\"wp-block-image size-large\"><img data-recalc-dims=\"1\" loading=\"lazy\" decoding=\"async\" width=\"220\" height=\"342\" data-attachment-id=\"23308\" data-permalink=\"https:\/\/historiografija.hr\/?attachment_id=23308\" data-orig-file=\"https:\/\/i0.wp.com\/historiografija.hr\/wp-content\/uploads\/2020\/10\/Benjamin-Moser_SONTAG.jpg?fit=220%2C342&amp;ssl=1\" data-orig-size=\"220,342\" data-comments-opened=\"1\" data-image-meta=\"{&quot;aperture&quot;:&quot;0&quot;,&quot;credit&quot;:&quot;&quot;,&quot;camera&quot;:&quot;&quot;,&quot;caption&quot;:&quot;&quot;,&quot;created_timestamp&quot;:&quot;0&quot;,&quot;copyright&quot;:&quot;&quot;,&quot;focal_length&quot;:&quot;0&quot;,&quot;iso&quot;:&quot;0&quot;,&quot;shutter_speed&quot;:&quot;0&quot;,&quot;title&quot;:&quot;&quot;,&quot;orientation&quot;:&quot;0&quot;}\" data-image-title=\"Benjamin Moser_SONTAG\" data-image-description=\"\" data-image-caption=\"\" data-large-file=\"https:\/\/i0.wp.com\/historiografija.hr\/wp-content\/uploads\/2020\/10\/Benjamin-Moser_SONTAG.jpg?fit=220%2C342&amp;ssl=1\" src=\"https:\/\/i0.wp.com\/historiografija.hr\/wp-content\/uploads\/2020\/10\/Benjamin-Moser_SONTAG.jpg?resize=220%2C342&#038;ssl=1\" alt=\"\" class=\"wp-image-23308\" srcset=\"https:\/\/i0.wp.com\/historiografija.hr\/wp-content\/uploads\/2020\/10\/Benjamin-Moser_SONTAG.jpg?w=220&amp;ssl=1 220w, https:\/\/i0.wp.com\/historiografija.hr\/wp-content\/uploads\/2020\/10\/Benjamin-Moser_SONTAG.jpg?resize=193%2C300&amp;ssl=1 193w\" sizes=\"auto, (max-width: 220px) 100vw, 220px\" \/><\/figure>\n\n\n\n<hr class=\"wp-block-separator\"\/>\n\n\n\n<p>2. Michael Martens, <em>Vatra u vatri: Ivo Andri\u0107 \u2013 jedan europski \u017eivot<\/em> (Naklada Ljevak, 2020, original objavljen 2019)<\/p>\n\n\n\n<figure class=\"wp-block-image size-large\"><img data-recalc-dims=\"1\" loading=\"lazy\" decoding=\"async\" width=\"570\" height=\"678\" data-attachment-id=\"22574\" data-permalink=\"https:\/\/historiografija.hr\/?attachment_id=22574\" data-orig-file=\"https:\/\/i0.wp.com\/historiografija.hr\/wp-content\/uploads\/2020\/09\/vatra-u-vatri-ivo-andric-jedan-europski-zivot.jpg?fit=570%2C678&amp;ssl=1\" data-orig-size=\"570,678\" data-comments-opened=\"1\" data-image-meta=\"{&quot;aperture&quot;:&quot;0&quot;,&quot;credit&quot;:&quot;&quot;,&quot;camera&quot;:&quot;&quot;,&quot;caption&quot;:&quot;&quot;,&quot;created_timestamp&quot;:&quot;0&quot;,&quot;copyright&quot;:&quot;&quot;,&quot;focal_length&quot;:&quot;0&quot;,&quot;iso&quot;:&quot;0&quot;,&quot;shutter_speed&quot;:&quot;0&quot;,&quot;title&quot;:&quot;&quot;,&quot;orientation&quot;:&quot;0&quot;}\" data-image-title=\"vatra-u-vatri-ivo-andric-jedan-europski-zivot\" data-image-description=\"\" data-image-caption=\"\" data-large-file=\"https:\/\/i0.wp.com\/historiografija.hr\/wp-content\/uploads\/2020\/09\/vatra-u-vatri-ivo-andric-jedan-europski-zivot.jpg?fit=570%2C678&amp;ssl=1\" src=\"https:\/\/i0.wp.com\/historiografija.hr\/wp-content\/uploads\/2020\/09\/vatra-u-vatri-ivo-andric-jedan-europski-zivot.jpg?resize=570%2C678&#038;ssl=1\" alt=\"\" class=\"wp-image-22574\" srcset=\"https:\/\/i0.wp.com\/historiografija.hr\/wp-content\/uploads\/2020\/09\/vatra-u-vatri-ivo-andric-jedan-europski-zivot.jpg?w=570&amp;ssl=1 570w, https:\/\/i0.wp.com\/historiografija.hr\/wp-content\/uploads\/2020\/09\/vatra-u-vatri-ivo-andric-jedan-europski-zivot.jpg?resize=252%2C300&amp;ssl=1 252w\" sizes=\"auto, (max-width: 570px) 100vw, 570px\" \/><\/figure>\n\n\n\n<hr class=\"wp-block-separator\"\/>\n\n\n\n<p>3. Tvrtko Jakovina, <em>Budimir Lon\u010dar: od Preka do vrha svijeta<\/em> (Fraktura, 2020)<\/p>\n\n\n\n<figure class=\"wp-block-image size-large\"><img data-recalc-dims=\"1\" loading=\"lazy\" decoding=\"async\" width=\"403\" height=\"610\" data-attachment-id=\"22621\" data-permalink=\"https:\/\/historiografija.hr\/?attachment_id=22621\" data-orig-file=\"https:\/\/i0.wp.com\/historiografija.hr\/wp-content\/uploads\/2020\/09\/budimir_loncar.jpg?fit=403%2C610&amp;ssl=1\" data-orig-size=\"403,610\" data-comments-opened=\"1\" data-image-meta=\"{&quot;aperture&quot;:&quot;0&quot;,&quot;credit&quot;:&quot;&quot;,&quot;camera&quot;:&quot;&quot;,&quot;caption&quot;:&quot;&quot;,&quot;created_timestamp&quot;:&quot;0&quot;,&quot;copyright&quot;:&quot;&quot;,&quot;focal_length&quot;:&quot;0&quot;,&quot;iso&quot;:&quot;0&quot;,&quot;shutter_speed&quot;:&quot;0&quot;,&quot;title&quot;:&quot;&quot;,&quot;orientation&quot;:&quot;0&quot;}\" data-image-title=\"budimir_loncar\" data-image-description=\"\" data-image-caption=\"\" data-large-file=\"https:\/\/i0.wp.com\/historiografija.hr\/wp-content\/uploads\/2020\/09\/budimir_loncar.jpg?fit=403%2C610&amp;ssl=1\" src=\"https:\/\/i0.wp.com\/historiografija.hr\/wp-content\/uploads\/2020\/09\/budimir_loncar.jpg?resize=403%2C610&#038;ssl=1\" alt=\"\" class=\"wp-image-22621\" srcset=\"https:\/\/i0.wp.com\/historiografija.hr\/wp-content\/uploads\/2020\/09\/budimir_loncar.jpg?w=403&amp;ssl=1 403w, https:\/\/i0.wp.com\/historiografija.hr\/wp-content\/uploads\/2020\/09\/budimir_loncar.jpg?resize=198%2C300&amp;ssl=1 198w\" sizes=\"auto, (max-width: 403px) 100vw, 403px\" \/><\/figure>\n\n\n\n<hr class=\"wp-block-separator\"\/>\n\n\n\n<p>4. Miroslav Akmad\u017ea, <em>Franjo Kuhari\u0107: Kardinal i vlast<\/em> (Profil, 2020)<\/p>\n\n\n\n<figure class=\"wp-block-image size-large\"><img data-recalc-dims=\"1\" loading=\"lazy\" decoding=\"async\" width=\"769\" height=\"543\" data-attachment-id=\"23374\" data-permalink=\"https:\/\/historiografija.hr\/?attachment_id=23374\" data-orig-file=\"https:\/\/i0.wp.com\/historiografija.hr\/wp-content\/uploads\/2020\/10\/naslovnica-Akmadza.png?fit=769%2C543&amp;ssl=1\" data-orig-size=\"769,543\" data-comments-opened=\"1\" data-image-meta=\"{&quot;aperture&quot;:&quot;0&quot;,&quot;credit&quot;:&quot;&quot;,&quot;camera&quot;:&quot;&quot;,&quot;caption&quot;:&quot;&quot;,&quot;created_timestamp&quot;:&quot;0&quot;,&quot;copyright&quot;:&quot;&quot;,&quot;focal_length&quot;:&quot;0&quot;,&quot;iso&quot;:&quot;0&quot;,&quot;shutter_speed&quot;:&quot;0&quot;,&quot;title&quot;:&quot;&quot;,&quot;orientation&quot;:&quot;0&quot;}\" data-image-title=\"naslovnica-Akmadza\" data-image-description=\"\" data-image-caption=\"\" data-large-file=\"https:\/\/i0.wp.com\/historiografija.hr\/wp-content\/uploads\/2020\/10\/naslovnica-Akmadza.png?fit=769%2C543&amp;ssl=1\" src=\"https:\/\/i0.wp.com\/historiografija.hr\/wp-content\/uploads\/2020\/10\/naslovnica-Akmadza.png?resize=769%2C543&#038;ssl=1\" alt=\"\" class=\"wp-image-23374\" srcset=\"https:\/\/i0.wp.com\/historiografija.hr\/wp-content\/uploads\/2020\/10\/naslovnica-Akmadza.png?w=769&amp;ssl=1 769w, https:\/\/i0.wp.com\/historiografija.hr\/wp-content\/uploads\/2020\/10\/naslovnica-Akmadza.png?resize=300%2C212&amp;ssl=1 300w\" sizes=\"auto, (max-width: 769px) 100vw, 769px\" \/><\/figure>\n\n\n\n<hr class=\"wp-block-separator\"\/>\n\n\n\n<p>5. David Gilbreath Barton, <em>Havel: Unfinished Revolution<\/em> (University of Pittsburgh Press, 2020)<\/p>\n\n\n\n<figure class=\"wp-block-image size-large\"><img data-recalc-dims=\"1\" loading=\"lazy\" decoding=\"async\" width=\"324\" height=\"499\" data-attachment-id=\"24476\" data-permalink=\"https:\/\/historiografija.hr\/?attachment_id=24476\" data-orig-file=\"https:\/\/i0.wp.com\/historiografija.hr\/wp-content\/uploads\/2021\/01\/Havel.jpg?fit=324%2C499&amp;ssl=1\" data-orig-size=\"324,499\" data-comments-opened=\"1\" data-image-meta=\"{&quot;aperture&quot;:&quot;0&quot;,&quot;credit&quot;:&quot;&quot;,&quot;camera&quot;:&quot;&quot;,&quot;caption&quot;:&quot;&quot;,&quot;created_timestamp&quot;:&quot;0&quot;,&quot;copyright&quot;:&quot;&quot;,&quot;focal_length&quot;:&quot;0&quot;,&quot;iso&quot;:&quot;0&quot;,&quot;shutter_speed&quot;:&quot;0&quot;,&quot;title&quot;:&quot;&quot;,&quot;orientation&quot;:&quot;0&quot;}\" data-image-title=\"Havel\" data-image-description=\"\" data-image-caption=\"\" data-large-file=\"https:\/\/i0.wp.com\/historiografija.hr\/wp-content\/uploads\/2021\/01\/Havel.jpg?fit=324%2C499&amp;ssl=1\" src=\"https:\/\/i0.wp.com\/historiografija.hr\/wp-content\/uploads\/2021\/01\/Havel.jpg?resize=324%2C499&#038;ssl=1\" alt=\"\" class=\"wp-image-24476\" srcset=\"https:\/\/i0.wp.com\/historiografija.hr\/wp-content\/uploads\/2021\/01\/Havel.jpg?w=324&amp;ssl=1 324w, https:\/\/i0.wp.com\/historiografija.hr\/wp-content\/uploads\/2021\/01\/Havel.jpg?resize=195%2C300&amp;ssl=1 195w\" sizes=\"auto, (max-width: 324px) 100vw, 324px\" \/><\/figure>\n\n\n\n<hr class=\"wp-block-separator\"\/>\n\n\n\n<p>6.\u00a0 Barack Obama, <em>A Promised Land<\/em> (Crown Publishing Group, 2020)<\/p>\n\n\n\n<figure class=\"wp-block-image size-large\"><img data-recalc-dims=\"1\" loading=\"lazy\" decoding=\"async\" width=\"736\" height=\"1024\" data-attachment-id=\"24477\" data-permalink=\"https:\/\/historiografija.hr\/?attachment_id=24477\" data-orig-file=\"https:\/\/i0.wp.com\/historiografija.hr\/wp-content\/uploads\/2021\/01\/barack-obama.png?fit=1033%2C1438&amp;ssl=1\" data-orig-size=\"1033,1438\" data-comments-opened=\"1\" data-image-meta=\"{&quot;aperture&quot;:&quot;0&quot;,&quot;credit&quot;:&quot;&quot;,&quot;camera&quot;:&quot;&quot;,&quot;caption&quot;:&quot;&quot;,&quot;created_timestamp&quot;:&quot;0&quot;,&quot;copyright&quot;:&quot;&quot;,&quot;focal_length&quot;:&quot;0&quot;,&quot;iso&quot;:&quot;0&quot;,&quot;shutter_speed&quot;:&quot;0&quot;,&quot;title&quot;:&quot;&quot;,&quot;orientation&quot;:&quot;0&quot;}\" data-image-title=\"barack-obama\" data-image-description=\"\" data-image-caption=\"\" data-large-file=\"https:\/\/i0.wp.com\/historiografija.hr\/wp-content\/uploads\/2021\/01\/barack-obama.png?fit=736%2C1024&amp;ssl=1\" src=\"https:\/\/i0.wp.com\/historiografija.hr\/wp-content\/uploads\/2021\/01\/barack-obama.png?resize=736%2C1024&#038;ssl=1\" alt=\"\" class=\"wp-image-24477\" srcset=\"https:\/\/i0.wp.com\/historiografija.hr\/wp-content\/uploads\/2021\/01\/barack-obama.png?resize=736%2C1024&amp;ssl=1 736w, https:\/\/i0.wp.com\/historiografija.hr\/wp-content\/uploads\/2021\/01\/barack-obama.png?resize=216%2C300&amp;ssl=1 216w, https:\/\/i0.wp.com\/historiografija.hr\/wp-content\/uploads\/2021\/01\/barack-obama.png?resize=768%2C1069&amp;ssl=1 768w, https:\/\/i0.wp.com\/historiografija.hr\/wp-content\/uploads\/2021\/01\/barack-obama.png?w=1033&amp;ssl=1 1033w\" sizes=\"auto, (max-width: 736px) 100vw, 736px\" \/><\/figure>\n\n\n\n<hr class=\"wp-block-separator\"\/>\n\n\n\n<p>7. Slavko Goldstein, <em>1941. Godina koja se vra\u0107a <\/em>(Fraktura, 2020., novo izdanje)<\/p>\n\n\n\n<figure class=\"wp-block-image size-large\"><img data-recalc-dims=\"1\" loading=\"lazy\" decoding=\"async\" width=\"403\" height=\"610\" data-attachment-id=\"21224\" data-permalink=\"https:\/\/historiografija.hr\/?attachment_id=21224\" data-orig-file=\"https:\/\/i0.wp.com\/historiografija.hr\/wp-content\/uploads\/2020\/05\/1941.jpg?fit=403%2C610&amp;ssl=1\" data-orig-size=\"403,610\" data-comments-opened=\"1\" data-image-meta=\"{&quot;aperture&quot;:&quot;0&quot;,&quot;credit&quot;:&quot;&quot;,&quot;camera&quot;:&quot;&quot;,&quot;caption&quot;:&quot;&quot;,&quot;created_timestamp&quot;:&quot;0&quot;,&quot;copyright&quot;:&quot;&quot;,&quot;focal_length&quot;:&quot;0&quot;,&quot;iso&quot;:&quot;0&quot;,&quot;shutter_speed&quot;:&quot;0&quot;,&quot;title&quot;:&quot;&quot;,&quot;orientation&quot;:&quot;0&quot;}\" data-image-title=\"1941\" data-image-description=\"\" data-image-caption=\"\" data-large-file=\"https:\/\/i0.wp.com\/historiografija.hr\/wp-content\/uploads\/2020\/05\/1941.jpg?fit=403%2C610&amp;ssl=1\" src=\"https:\/\/i0.wp.com\/historiografija.hr\/wp-content\/uploads\/2020\/05\/1941.jpg?resize=403%2C610&#038;ssl=1\" alt=\"\" class=\"wp-image-21224\" srcset=\"https:\/\/i0.wp.com\/historiografija.hr\/wp-content\/uploads\/2020\/05\/1941.jpg?w=403&amp;ssl=1 403w, https:\/\/i0.wp.com\/historiografija.hr\/wp-content\/uploads\/2020\/05\/1941.jpg?resize=198%2C300&amp;ssl=1 198w\" sizes=\"auto, (max-width: 403px) 100vw, 403px\" \/><\/figure>\n\n\n\n<hr class=\"wp-block-separator\"\/>\n\n\n\n<p>8. &nbsp;Elisabeth Roudinesco, <em>Jacques Lacan: prikaz jednog \u017eivota i istorija jednog sistema mi\u0161ljenja <\/em>(Karpos, 2020., original objavljen 1993)<\/p>\n\n\n\n<figure class=\"wp-block-image size-large\"><img data-recalc-dims=\"1\" loading=\"lazy\" decoding=\"async\" width=\"688\" height=\"960\" data-attachment-id=\"22947\" data-permalink=\"https:\/\/historiografija.hr\/?attachment_id=22947\" data-orig-file=\"https:\/\/i0.wp.com\/historiografija.hr\/wp-content\/uploads\/2020\/10\/lacan.jpg?fit=688%2C960&amp;ssl=1\" data-orig-size=\"688,960\" data-comments-opened=\"1\" data-image-meta=\"{&quot;aperture&quot;:&quot;0&quot;,&quot;credit&quot;:&quot;&quot;,&quot;camera&quot;:&quot;&quot;,&quot;caption&quot;:&quot;&quot;,&quot;created_timestamp&quot;:&quot;0&quot;,&quot;copyright&quot;:&quot;&quot;,&quot;focal_length&quot;:&quot;0&quot;,&quot;iso&quot;:&quot;0&quot;,&quot;shutter_speed&quot;:&quot;0&quot;,&quot;title&quot;:&quot;&quot;,&quot;orientation&quot;:&quot;0&quot;}\" data-image-title=\"lacan\" data-image-description=\"\" data-image-caption=\"\" data-large-file=\"https:\/\/i0.wp.com\/historiografija.hr\/wp-content\/uploads\/2020\/10\/lacan.jpg?fit=688%2C960&amp;ssl=1\" src=\"https:\/\/i0.wp.com\/historiografija.hr\/wp-content\/uploads\/2020\/10\/lacan.jpg?resize=688%2C960&#038;ssl=1\" alt=\"\" class=\"wp-image-22947\" srcset=\"https:\/\/i0.wp.com\/historiografija.hr\/wp-content\/uploads\/2020\/10\/lacan.jpg?w=688&amp;ssl=1 688w, https:\/\/i0.wp.com\/historiografija.hr\/wp-content\/uploads\/2020\/10\/lacan.jpg?resize=215%2C300&amp;ssl=1 215w\" sizes=\"auto, (max-width: 688px) 100vw, 688px\" \/><\/figure>\n\n\n\n<hr class=\"wp-block-separator\"\/>\n\n\n\n<p>9. Blake Gopnik, <em>Warhol<\/em> (Ecco, 2020)<\/p>\n\n\n\n<figure class=\"wp-block-image size-large\"><img data-recalc-dims=\"1\" loading=\"lazy\" decoding=\"async\" width=\"674\" height=\"1024\" data-attachment-id=\"24478\" data-permalink=\"https:\/\/historiografija.hr\/?attachment_id=24478\" data-orig-file=\"https:\/\/i0.wp.com\/historiografija.hr\/wp-content\/uploads\/2021\/01\/Warhol.jpg?fit=1600%2C2432&amp;ssl=1\" data-orig-size=\"1600,2432\" data-comments-opened=\"1\" data-image-meta=\"{&quot;aperture&quot;:&quot;0&quot;,&quot;credit&quot;:&quot;&quot;,&quot;camera&quot;:&quot;&quot;,&quot;caption&quot;:&quot;&quot;,&quot;created_timestamp&quot;:&quot;0&quot;,&quot;copyright&quot;:&quot;&quot;,&quot;focal_length&quot;:&quot;0&quot;,&quot;iso&quot;:&quot;0&quot;,&quot;shutter_speed&quot;:&quot;0&quot;,&quot;title&quot;:&quot;&quot;,&quot;orientation&quot;:&quot;0&quot;}\" data-image-title=\"Warhol\" data-image-description=\"\" data-image-caption=\"\" data-large-file=\"https:\/\/i0.wp.com\/historiografija.hr\/wp-content\/uploads\/2021\/01\/Warhol.jpg?fit=674%2C1024&amp;ssl=1\" src=\"https:\/\/i0.wp.com\/historiografija.hr\/wp-content\/uploads\/2021\/01\/Warhol.jpg?resize=674%2C1024&#038;ssl=1\" alt=\"\" class=\"wp-image-24478\" srcset=\"https:\/\/i0.wp.com\/historiografija.hr\/wp-content\/uploads\/2021\/01\/Warhol.jpg?resize=674%2C1024&amp;ssl=1 674w, https:\/\/i0.wp.com\/historiografija.hr\/wp-content\/uploads\/2021\/01\/Warhol.jpg?resize=197%2C300&amp;ssl=1 197w, https:\/\/i0.wp.com\/historiografija.hr\/wp-content\/uploads\/2021\/01\/Warhol.jpg?resize=768%2C1167&amp;ssl=1 768w, https:\/\/i0.wp.com\/historiografija.hr\/wp-content\/uploads\/2021\/01\/Warhol.jpg?resize=1011%2C1536&amp;ssl=1 1011w, https:\/\/i0.wp.com\/historiografija.hr\/wp-content\/uploads\/2021\/01\/Warhol.jpg?resize=1347%2C2048&amp;ssl=1 1347w, https:\/\/i0.wp.com\/historiografija.hr\/wp-content\/uploads\/2021\/01\/Warhol.jpg?w=1600&amp;ssl=1 1600w\" sizes=\"auto, (max-width: 674px) 100vw, 674px\" \/><\/figure>\n\n\n\n<hr class=\"wp-block-separator\"\/>\n\n\n\n<p>10. Bora \u0106osi\u0107, <em>Dnevnik 2013-2020<\/em> (Lom, 2020)<\/p>\n\n\n\n<figure class=\"wp-block-image size-large\"><img data-recalc-dims=\"1\" loading=\"lazy\" decoding=\"async\" width=\"757\" height=\"1024\" data-attachment-id=\"24479\" data-permalink=\"https:\/\/historiografija.hr\/?attachment_id=24479\" data-orig-file=\"https:\/\/i0.wp.com\/historiografija.hr\/wp-content\/uploads\/2021\/01\/Bora-dnevnik.jpg?fit=1872%2C2532&amp;ssl=1\" data-orig-size=\"1872,2532\" data-comments-opened=\"1\" data-image-meta=\"{&quot;aperture&quot;:&quot;0&quot;,&quot;credit&quot;:&quot;&quot;,&quot;camera&quot;:&quot;&quot;,&quot;caption&quot;:&quot;&quot;,&quot;created_timestamp&quot;:&quot;0&quot;,&quot;copyright&quot;:&quot;&quot;,&quot;focal_length&quot;:&quot;0&quot;,&quot;iso&quot;:&quot;0&quot;,&quot;shutter_speed&quot;:&quot;0&quot;,&quot;title&quot;:&quot;KoricaKafka.qxd&quot;,&quot;orientation&quot;:&quot;1&quot;}\" data-image-title=\"KoricaKafka.qxd\" data-image-description=\"\" data-image-caption=\"\" data-large-file=\"https:\/\/i0.wp.com\/historiografija.hr\/wp-content\/uploads\/2021\/01\/Bora-dnevnik.jpg?fit=757%2C1024&amp;ssl=1\" src=\"https:\/\/i0.wp.com\/historiografija.hr\/wp-content\/uploads\/2021\/01\/Bora-dnevnik.jpg?resize=757%2C1024&#038;ssl=1\" alt=\"\" class=\"wp-image-24479\" srcset=\"https:\/\/i0.wp.com\/historiografija.hr\/wp-content\/uploads\/2021\/01\/Bora-dnevnik.jpg?resize=757%2C1024&amp;ssl=1 757w, https:\/\/i0.wp.com\/historiografija.hr\/wp-content\/uploads\/2021\/01\/Bora-dnevnik.jpg?resize=222%2C300&amp;ssl=1 222w, https:\/\/i0.wp.com\/historiografija.hr\/wp-content\/uploads\/2021\/01\/Bora-dnevnik.jpg?resize=768%2C1039&amp;ssl=1 768w, https:\/\/i0.wp.com\/historiografija.hr\/wp-content\/uploads\/2021\/01\/Bora-dnevnik.jpg?resize=1136%2C1536&amp;ssl=1 1136w, https:\/\/i0.wp.com\/historiografija.hr\/wp-content\/uploads\/2021\/01\/Bora-dnevnik.jpg?resize=1514%2C2048&amp;ssl=1 1514w, https:\/\/i0.wp.com\/historiografija.hr\/wp-content\/uploads\/2021\/01\/Bora-dnevnik.jpg?w=1872&amp;ssl=1 1872w, https:\/\/i0.wp.com\/historiografija.hr\/wp-content\/uploads\/2021\/01\/Bora-dnevnik.jpg?w=1720&amp;ssl=1 1720w\" sizes=\"auto, (max-width: 757px) 100vw, 757px\" \/><\/figure>\n\n\n\n<hr class=\"wp-block-separator\"\/>\n\n\n\n<p><strong>Marino Badurina<\/strong><\/p>\n\n\n\n<p><a href=\"https:\/\/ffzg.academia.edu\/MarinoBadurina\">https:\/\/ffzg.academia.edu\/MarinoBadurina<\/a><\/p>\n\n\n\n<p><a href=\"https:\/\/www.bib.irb.hr\/profile\/36056\">https:\/\/www.bib.irb.hr\/profile\/36056<\/a><\/p>\n\n\n\n<p>Povjesni\u010dar i kroatist, doktorand na Poslijediplomskom doktorskom studiju Moderne i suvremene hrvatske povijesti u europskom i svjetskom kontekstu Odsjeka za povijest Filozofskog fakulteta Sveu\u010dili\u0161ta u Zagrebu. Njegovi interesi posebno su usmjereni prema historiji intelektualaca i intelektualnoj historiji, a nedavno je analizirao upravo \u201edvije inspirativne biografije\u201c s ovog popisa: <a href=\"https:\/\/www.historiografija.ba\/article.php?id=274\">https:\/\/www.historiografija.ba\/article.php?id=274<\/a><\/p>\n\n\n\n<hr class=\"wp-block-separator\"\/>\n\n\n\n<p><strong>Prethodni izbori:<\/strong><\/p>\n\n\n\n<p>IZBOR PET KNJIGA IZ TALIJANSKE HISTORIOGRAFIJE IZ 2019. GODINE<\/p>\n\n\n\n<figure class=\"wp-block-embed-wordpress wp-block-embed is-type-wp-embed is-provider-historiografija-hr\"><div class=\"wp-block-embed__wrapper\">\n<blockquote class=\"wp-embedded-content\" data-secret=\"K0uHiqefSh\"><a href=\"https:\/\/historiografija.hr\/?p=20457\">Monica Priante: Izbor pet knjiga iz talijanske historiografije iz 2019. godine<\/a><\/blockquote><iframe loading=\"lazy\" class=\"wp-embedded-content\" sandbox=\"allow-scripts\" security=\"restricted\" style=\"position: absolute; clip: rect(1px, 1px, 1px, 1px);\" title=\"&#8220;Monica Priante: Izbor pet knjiga iz talijanske historiografije iz 2019. godine&#8221; &#8212; Historiografija.hr\" src=\"https:\/\/historiografija.hr\/?p=20457&#038;embed=true#?secret=K0uHiqefSh\" data-secret=\"K0uHiqefSh\" width=\"600\" height=\"338\" frameborder=\"0\" marginwidth=\"0\" marginheight=\"0\" scrolling=\"no\"><\/iframe>\n<\/div><\/figure>\n\n\n\n<p>IZBOR PET KNJIGA IZ 2018. GODINE<\/p>\n\n\n\n<figure class=\"wp-block-embed-wordpress wp-block-embed is-type-wp-embed is-provider-historiografija-hr\"><div class=\"wp-block-embed__wrapper\">\n<blockquote class=\"wp-embedded-content\" data-secret=\"2bNQEDG1f8\"><a href=\"https:\/\/historiografija.hr\/?p=13487\">Izbor pet knjiga iz 2018. godine<\/a><\/blockquote><iframe loading=\"lazy\" class=\"wp-embedded-content\" sandbox=\"allow-scripts\" security=\"restricted\" style=\"position: absolute; clip: rect(1px, 1px, 1px, 1px);\" title=\"&#8220;Izbor pet knjiga iz 2018. godine&#8221; &#8212; Historiografija.hr\" src=\"https:\/\/historiografija.hr\/?p=13487&#038;embed=true#?secret=2bNQEDG1f8\" data-secret=\"2bNQEDG1f8\" width=\"600\" height=\"338\" frameborder=\"0\" marginwidth=\"0\" marginheight=\"0\" scrolling=\"no\"><\/iframe>\n<\/div><\/figure>\n\n\n\n<p>IZDVAJAMO PET HISTORIOGRAFSKIH KNJIGA IZ 2017. GODINE<\/p>\n\n\n\n<figure class=\"wp-block-embed-wordpress wp-block-embed is-type-wp-embed is-provider-historiografija-hr\"><div class=\"wp-block-embed__wrapper\">\n<blockquote class=\"wp-embedded-content\" data-secret=\"V4klKyA1wR\"><a href=\"https:\/\/historiografija.hr\/?p=7721\">IZDVAJAMO PET HISTORIOGRAFSKIH KNJIGA IZ 2017. GODINE<\/a><\/blockquote><iframe loading=\"lazy\" class=\"wp-embedded-content\" sandbox=\"allow-scripts\" security=\"restricted\" style=\"position: absolute; clip: rect(1px, 1px, 1px, 1px);\" title=\"&#8220;IZDVAJAMO PET HISTORIOGRAFSKIH KNJIGA IZ 2017. GODINE&#8221; &#8212; Historiografija.hr\" src=\"https:\/\/historiografija.hr\/?p=7721&#038;embed=true#?secret=V4klKyA1wR\" data-secret=\"V4klKyA1wR\" width=\"600\" height=\"338\" frameborder=\"0\" marginwidth=\"0\" marginheight=\"0\" scrolling=\"no\"><\/iframe>\n<\/div><\/figure>\n\n\n\n<hr class=\"wp-block-separator\"\/>\n","protected":false},"excerpt":{"rendered":"","protected":false},"author":2,"featured_media":24481,"comment_status":"open","ping_status":"open","sticky":false,"template":"","format":"standard","meta":{"_acf_changed":false,"jetpack_post_was_ever_published":false,"_jetpack_newsletter_access":"","_jetpack_dont_email_post_to_subs":false,"_jetpack_newsletter_tier_id":0,"_jetpack_memberships_contains_paywalled_content":false,"_jetpack_memberships_contains_paid_content":false,"footnotes":"","jetpack_publicize_message":"","jetpack_publicize_feature_enabled":true,"jetpack_social_post_already_shared":true,"jetpack_social_options":{"image_generator_settings":{"template":"highway","default_image_id":0,"font":"","enabled":false},"version":2}},"categories":[3],"tags":[],"class_list":["post-24473","post","type-post","status-publish","format-standard","has-post-thumbnail","hentry","category-novosti"],"acf":{"facebook_opis":""},"jetpack_publicize_connections":[],"jetpack_featured_media_url":"https:\/\/i0.wp.com\/historiografija.hr\/wp-content\/uploads\/2021\/01\/Marino-Badurina.jpg?fit=2448%2C1633&ssl=1","jetpack_sharing_enabled":true,"jetpack-related-posts":[],"_links":{"self":[{"href":"https:\/\/historiografija.hr\/index.php?rest_route=\/wp\/v2\/posts\/24473","targetHints":{"allow":["GET"]}}],"collection":[{"href":"https:\/\/historiografija.hr\/index.php?rest_route=\/wp\/v2\/posts"}],"about":[{"href":"https:\/\/historiografija.hr\/index.php?rest_route=\/wp\/v2\/types\/post"}],"author":[{"embeddable":true,"href":"https:\/\/historiografija.hr\/index.php?rest_route=\/wp\/v2\/users\/2"}],"replies":[{"embeddable":true,"href":"https:\/\/historiografija.hr\/index.php?rest_route=%2Fwp%2Fv2%2Fcomments&post=24473"}],"version-history":[{"count":6,"href":"https:\/\/historiografija.hr\/index.php?rest_route=\/wp\/v2\/posts\/24473\/revisions"}],"predecessor-version":[{"id":24484,"href":"https:\/\/historiografija.hr\/index.php?rest_route=\/wp\/v2\/posts\/24473\/revisions\/24484"}],"wp:featuredmedia":[{"embeddable":true,"href":"https:\/\/historiografija.hr\/index.php?rest_route=\/wp\/v2\/media\/24481"}],"wp:attachment":[{"href":"https:\/\/historiografija.hr\/index.php?rest_route=%2Fwp%2Fv2%2Fmedia&parent=24473"}],"wp:term":[{"taxonomy":"category","embeddable":true,"href":"https:\/\/historiografija.hr\/index.php?rest_route=%2Fwp%2Fv2%2Fcategories&post=24473"},{"taxonomy":"post_tag","embeddable":true,"href":"https:\/\/historiografija.hr\/index.php?rest_route=%2Fwp%2Fv2%2Ftags&post=24473"}],"curies":[{"name":"wp","href":"https:\/\/api.w.org\/{rel}","templated":true}]}}