{"id":24421,"date":"2020-12-31T20:58:14","date_gmt":"2020-12-31T20:58:14","guid":{"rendered":"http:\/\/historiografija.hr\/?p=24421"},"modified":"2020-12-31T20:59:13","modified_gmt":"2020-12-31T20:59:13","slug":"hrt-prikazuje-pola-sata-od-svega-banovina-petrinja-u-pjesmi-i-slici-banovina","status":"publish","type":"post","link":"https:\/\/historiografija.hr\/?p=24421","title":{"rendered":"HRT prikazuje \u2013 \u201cPola sata od svega: Banovina\u201d, \u201cPetrinja u pjesmi i slici\u201d, \u201cBanovina\u201d"},"content":{"rendered":"\n<p>HRT najavljuje za subotu, 2. sije\u010dnja 2021. prikazivanje dokumentarnih filmova i serija \u201cPola sata od svega: Banovina\u201d (HTV1 u 17:25), \u201cPetrinja u pjesmi i slici\u201d (HTV 2 u 18.15) i \u201cBanovina\u201d (HTV 2 u 22:30). Predla\u017eemo da aktualni raspored emitiranja provjerite u subotu na poveznici\u00a0<a href=\"https:\/\/raspored.hrt.hr\/\">https:\/\/raspored.hrt.hr\/<\/a>.<\/p>\n\n\n\n<p>&#8212;<strong><\/strong><\/p>\n\n\n\n<p><strong>Pola sata od svega: Banovina<\/strong><\/p>\n\n\n\n<p><strong>2. sije\u010dnja na&nbsp;HRT &#8211; HTV 4&nbsp;u 17:25<\/strong><\/p>\n\n\n\n<p><strong><br><\/strong><strong>Svega pola sata vo\u017enje od hrvatske metropole, autocesta, turisti\u010dkih sredi\u0161ta, gu\u017eve i &#8220;velikih&#8221; doga\u0111aja, \u017eive ljudi koje ne primje\u0107ujemo, niti znamo da uop\u0107e postoje.<br><br><\/strong>U vlastitoj samo\u0107i i vremenu koje stoji ti isti ljudi nam pri\u010daju \u017eivotne pri\u010de koje se u dana\u0161njim medijima ne mogu vidjeti gotovo nigdje.<br><br>Kroz dokumentarnu seriju Pola sata od svega kroz \u010detiri polusatne epizode autor <strong>Mladen \u0106apin<\/strong> ispri\u010dao je pri\u010de iz Like, sa \u017dumberka, Banovine i iz Dalmacije.<br><br>U tre\u0107oj emisiji dokumentarne serije sudjeluju: <strong>Ljubica Rabljenovi\u0107<\/strong>, <strong>Mika<\/strong> i <strong>Janja Ni\u0161evi\u0107<\/strong>.<br><br>Scenarist i redatelj je&nbsp;Mladen \u0106apin, direktor fotografije <strong>Davor Petri\u010di\u0107<\/strong>, monta\u017eer <strong>Ivor Ivezi\u0107<\/strong>, skladatelj <strong>Danijel Maodu\u0161<\/strong>, a izvr\u0161ni producenti <strong>Marko Kai<\/strong>\u0107 i <strong>Marija Kosor<\/strong>.<\/p>\n\n\n\n<p>Izvor: &nbsp;<a href=\"https:\/\/hrtprikazuje.hrt.hr\/457519\/hrt-prikazuje\/pola-sata-od-svega-banovina\">https:\/\/hrtprikazuje.hrt.hr\/457519\/hrt-prikazuje\/pola-sata-od-svega-banovina<\/a><\/p>\n\n\n\n<p>&#8212;<\/p>\n\n\n\n<p><strong>Petrinja u pjesmi i slici<\/strong><\/p>\n\n\n\n<p><strong>2. sije\u010dnja na HRT &#8211; HTV 2 u 18.15 i 22.30<\/strong><\/p>\n\n\n\n<p><strong><br><\/strong><strong>&#8220;Petrinja u pjesmi i slici&#8221; kratak je dokumentarni film nastao u povodu 140. godi\u0161njice djelovanja amaterskog pjeva\u010dkog dru\u0161tva &#8220;Slavulj&#8221; iz Petrinje. Iako su neki gradovi poput Karlovca ili Zagreba imali svoja dru\u0161tva i prije, &#8220;Slavulj&#8221; je tijekom 140-godi\u0161nje tradicije uspio odr\u017eati kontinuitet djelovanja, pa danas nosi epitet najstarijega hrvatskog pjeva\u010dkog dru\u0161tva s neprekinutom tradicijom.<br><\/strong><br>Film iz 2005. kronolo\u0161ki prati raspjevane Petrinjce u posljednjih, na filmu zabilje\u017eenih, \u010detrdeset godina. Autor je svojevrsnim eksperimentom iz arhivskog materijala napravio toplu posvetu petrinjskim amaterima. Pri\u010da je ispri\u010dana pjesmom i slikom, bez upotrebe spikerskoga glasa.<br><br>&#8220;Petrinja u pjesmi i slici&#8221; posveta je obi\u010dnim ljudima koji \u010duvaju hrvatsku kulturnu ba\u0161tinu, posebnu pa\u017enju posve\u0107uju\u0107i doma\u0107oj petrinjskoj pjesmi.<br><br><strong>Autor:&nbsp;Leon Rizmaul<\/strong><\/p>\n\n\n\n<p>Izvor: <a href=\"https:\/\/hrtprikazuje.hrt.hr\/429806\/petrinja-u-pjesmi-i-slici\">https:\/\/hrtprikazuje.hrt.hr\/429806\/petrinja-u-pjesmi-i-slici<\/a><\/p>\n\n\n\n<p>&#8212;<\/p>\n\n\n\n<p><strong>Banovina<\/strong><\/p>\n\n\n\n<p><strong>2. sije\u010dnja na HRT &#8211; HTV 2 u 22:30<\/strong><\/p>\n\n\n\n<p><strong><br>Banovina je podru\u010dje ome\u0111eno rijekama Unom, Savom i Kupom, udaljeno od Zagreba stotinjak kilometara, no zahvaljuju\u0107i, me\u0111u ostalim, \u010dinjenici da ju je zaobi\u0161la ve\u0107ina suvremenih prometnica, ostala je nekom vrstom nepoznate zemlje.<br><\/strong><br>No, prirodne ljepote ovih krajeva i spomenici &#8211; na prvome mjestu srednjovjekovne utvrde, doista zaslu\u017euju da ih se vidi i bolje upozna. Stoga, krenite s nama na Zrin, Gvozdansko, u Topusko, Hrvatsku Kostajnicu i na mnoga druga mjesta gdje su se pisala neka od najva\u017enijih i najdramati\u010dnijih poglavlja na\u0161e povijesti, osobito u doba borbe protiv Osmanlija, tijekom 15. i 16. stolje\u0107a.<br><br>Scenaristica i urednica dokumentarnog filma iz 2014. godine je&nbsp;<strong>Edda Dubravec<\/strong>, a redatelj <strong>Luka Marotti<\/strong>.<\/p>\n\n\n\n<p>Izvor: <a href=\"https:\/\/hrtprikazuje.hrt.hr\/334662\/banovina-2\">https:\/\/hrtprikazuje.hrt.hr\/334662\/banovina-2<\/a><\/p>\n\n\n\n<hr class=\"wp-block-separator\"\/>\n","protected":false},"excerpt":{"rendered":"","protected":false},"author":2,"featured_media":24422,"comment_status":"open","ping_status":"open","sticky":false,"template":"","format":"standard","meta":{"_acf_changed":false,"jetpack_post_was_ever_published":false,"_jetpack_newsletter_access":"","_jetpack_dont_email_post_to_subs":false,"_jetpack_newsletter_tier_id":0,"_jetpack_memberships_contains_paywalled_content":false,"_jetpack_memberships_contains_paid_content":false,"footnotes":"","jetpack_publicize_message":"","jetpack_publicize_feature_enabled":true,"jetpack_social_post_already_shared":true,"jetpack_social_options":{"image_generator_settings":{"template":"highway","default_image_id":0,"font":"","enabled":false},"version":2}},"categories":[13,3],"tags":[],"class_list":["post-24421","post","type-post","status-publish","format-standard","has-post-thumbnail","hentry","category-filmovi-i-serije","category-novosti"],"acf":{"facebook_opis":""},"jetpack_publicize_connections":[],"jetpack_featured_media_url":"https:\/\/i0.wp.com\/historiografija.hr\/wp-content\/uploads\/2020\/12\/BANOVINA_HRT.jpg?fit=688%2C388&ssl=1","jetpack_sharing_enabled":true,"jetpack-related-posts":[],"_links":{"self":[{"href":"https:\/\/historiografija.hr\/index.php?rest_route=\/wp\/v2\/posts\/24421","targetHints":{"allow":["GET"]}}],"collection":[{"href":"https:\/\/historiografija.hr\/index.php?rest_route=\/wp\/v2\/posts"}],"about":[{"href":"https:\/\/historiografija.hr\/index.php?rest_route=\/wp\/v2\/types\/post"}],"author":[{"embeddable":true,"href":"https:\/\/historiografija.hr\/index.php?rest_route=\/wp\/v2\/users\/2"}],"replies":[{"embeddable":true,"href":"https:\/\/historiografija.hr\/index.php?rest_route=%2Fwp%2Fv2%2Fcomments&post=24421"}],"version-history":[{"count":2,"href":"https:\/\/historiografija.hr\/index.php?rest_route=\/wp\/v2\/posts\/24421\/revisions"}],"predecessor-version":[{"id":24424,"href":"https:\/\/historiografija.hr\/index.php?rest_route=\/wp\/v2\/posts\/24421\/revisions\/24424"}],"wp:featuredmedia":[{"embeddable":true,"href":"https:\/\/historiografija.hr\/index.php?rest_route=\/wp\/v2\/media\/24422"}],"wp:attachment":[{"href":"https:\/\/historiografija.hr\/index.php?rest_route=%2Fwp%2Fv2%2Fmedia&parent=24421"}],"wp:term":[{"taxonomy":"category","embeddable":true,"href":"https:\/\/historiografija.hr\/index.php?rest_route=%2Fwp%2Fv2%2Fcategories&post=24421"},{"taxonomy":"post_tag","embeddable":true,"href":"https:\/\/historiografija.hr\/index.php?rest_route=%2Fwp%2Fv2%2Ftags&post=24421"}],"curies":[{"name":"wp","href":"https:\/\/api.w.org\/{rel}","templated":true}]}}