{"id":24411,"date":"2020-12-31T20:04:45","date_gmt":"2020-12-31T20:04:45","guid":{"rendered":"http:\/\/historiografija.hr\/?p=24411"},"modified":"2021-01-26T22:43:35","modified_gmt":"2021-01-26T22:43:35","slug":"branko-tuden-tito-tudman-jedan-zavicaj-jedan-put-200-skiciranih-zivotopisa","status":"publish","type":"post","link":"https:\/\/historiografija.hr\/?p=24411","title":{"rendered":"Branko Tu\u0111en, \u201cTito, Tu\u0111man \u2013 jedan zavi\u010daj, jedan put: 200 skiciranih \u017eivotopisa\u201d"},"content":{"rendered":"\n<p>Politi\u010dka publicistika \u201eTito, Tu\u0111man \u2013 jedan zavi\u010daj, jedan put\u201c, u kojoj se autor osvrnuo na burne doga\u0111aje iz suvremene hrvatske i jugoslavenske povijesti te skicirao portrete \u010dak 200 osoba koje su na razli\u010dit na\u010din obilje\u017eile proteklih 80-ak godina. U taj pothvat utkao je, kako sam ka\u017ee, \u0161esto pro\u010ditanih knjiga. Rezultat je vi\u0161e nego zanimljivo i nadasve intrigantno \u0161tivo koje se, kako se to popularno ka\u017ee, \u010dita u dahu.<\/p>\n\n\n\n<p>Nije ni nebitno ni sasvim slu\u010dajno to da su u Hrvatskom zagorju, u mjestima me\u0111usobno udaljenima manje od dvadeset kilometara, ro\u0111ena dvojica najpoznatijih hrvatskih politi\u010dara 20. stolje\u0107a: Josip Broz Tito i Franjo Tu\u0111man. Premda su na kraju postali politi\u010dke suprotnosti, obojica su djetinjstvo provela u istom podneblju. A u djetinjstvu se upija najvi\u0161e onoga \u0161to poslije postaje presudno za narav. Tako\u0111er, nije sasvim nebitno istaknuti da su i dvojica najpoznatijih hrvatskih kardinala, mo\u017eda i najzaslu\u017enijih za hrvatsku dr\u017eavnost, Alojzije Stepinac i Franjo Kuhari\u0107, ro\u0111ena 60ak kilometara dalje od njih, u tako\u0111er kajkavskom kraju, da je tamo ro\u0111en Vladko Ma\u010dek i da je stotinjak kilometara ju\u017eno od Velikog Trgovi\u0161\u0107a ro\u0111en Stjepan Radi\u0107.<\/p>\n\n\n\n<hr class=\"wp-block-separator\"\/>\n\n\n\n<p>Broj stranica: 487<\/p>\n\n\n\n<p>Godina izdanja: 2020<\/p>\n\n\n\n<hr class=\"wp-block-separator\"\/>\n\n\n\n<p>Izvor:<\/p>\n\n\n\n<p><a href=\"https:\/\/shop.skolskaknjiga.hr\/tito-tudman-jedan-zavicaj-jedan-put-200-skiciranih-zivotopisa.html\">https:\/\/shop.skolskaknjiga.hr\/tito-tudman-jedan-zavicaj-jedan-put-200-skiciranih-zivotopisa.html<\/a><\/p>\n\n\n\n<hr class=\"wp-block-separator\"\/>\n\n\n\n<p><strong>Iz medija:<\/strong><\/p>\n\n\n\n<p><a href=\"https:\/\/www.vecernji.hr\/vijesti\/da-nije-bilo-tudmana-i-tita-nikakva-se-hrvatska-poslije-sloma-ndh-ne-bi-mogla-ostvariti-1455079\">https:\/\/www.vecernji.hr\/vijesti\/da-nije-bilo-tudmana-i-tita-nikakva-se-hrvatska-poslije-sloma-ndh-ne-bi-mogla-ostvariti-1455079<\/a><\/p>\n\n\n\n<figure class=\"wp-block-embed-wordpress wp-block-embed is-type-wp-embed is-provider-aktiviraj-karlovac\"><div class=\"wp-block-embed__wrapper\">\n<blockquote class=\"wp-embedded-content\" data-secret=\"sa3JsDfC0B\"><a href=\"https:\/\/aktivirajkarlovac.net\/2020\/12\/loncu-poklopac-tudenov-slalom-kroz-povijest\/\">Loncu poklopac: Tu\u0111enov slalom kroz povijest<\/a><\/blockquote><iframe loading=\"lazy\" class=\"wp-embedded-content\" sandbox=\"allow-scripts\" security=\"restricted\" style=\"position: absolute; clip: rect(1px, 1px, 1px, 1px);\" title=\"&#8220;Loncu poklopac: Tu\u0111enov slalom kroz povijest&#8221; &#8212; Aktiviraj Karlovac\" src=\"https:\/\/aktivirajkarlovac.net\/2020\/12\/loncu-poklopac-tudenov-slalom-kroz-povijest\/embed\/#?secret=sa3JsDfC0B\" data-secret=\"sa3JsDfC0B\" width=\"600\" height=\"338\" frameborder=\"0\" marginwidth=\"0\" marginheight=\"0\" scrolling=\"no\"><\/iframe>\n<\/div><\/figure>\n\n\n\n<p><a href=\"https:\/\/www.vecernji.hr\/premium\/capak-slikovito-izrazio-odnos-duznosnika-prema-narodu-i-njegovim-potrebama-1458246\">https:\/\/www.vecernji.hr\/premium\/capak-slikovito-izrazio-odnos-duznosnika-prema-narodu-i-njegovim-potrebama-1458246<\/a><\/p>\n\n\n\n<figure class=\"wp-block-embed-wordpress wp-block-embed is-type-wp-embed is-provider-nacional-hr\"><div class=\"wp-block-embed__wrapper\">\n<blockquote class=\"wp-embedded-content\" data-secret=\"OOHZs7G2GB\"><a href=\"https:\/\/www.nacional.hr\/feljton-bez-tudmana-i-tita-ne-bi-bilo-hrvatske-nakon-sloma-paveliceve-ndh\/\">FELJTON: &#8216;Bez Tu\u0111mana i Tita ne bi bilo Hrvatske nakon sloma Paveli\u0107eve NDH&#8217;<\/a><\/blockquote><iframe loading=\"lazy\" class=\"wp-embedded-content\" sandbox=\"allow-scripts\" security=\"restricted\" style=\"position: absolute; clip: rect(1px, 1px, 1px, 1px);\" title=\"&#8220;FELJTON: &#8216;Bez Tu\u0111mana i Tita ne bi bilo Hrvatske nakon sloma Paveli\u0107eve NDH&#8217;&#8221; &#8212; NACIONAL.HR\" src=\"https:\/\/www.nacional.hr\/feljton-bez-tudmana-i-tita-ne-bi-bilo-hrvatske-nakon-sloma-paveliceve-ndh\/embed\/#?secret=OOHZs7G2GB\" data-secret=\"OOHZs7G2GB\" width=\"600\" height=\"338\" frameborder=\"0\" marginwidth=\"0\" marginheight=\"0\" scrolling=\"no\"><\/iframe>\n<\/div><\/figure>\n\n\n\n<figure class=\"wp-block-embed-wordpress wp-block-embed is-type-wp-embed is-provider-novi-list\"><div class=\"wp-block-embed__wrapper\">\n<blockquote class=\"wp-embedded-content\" data-secret=\"3LsVPJdfrt\"><a href=\"https:\/\/www.novilist.hr\/novosti\/hrvatska\/da-nije-bilo-tudmana-i-tita-nikakva-se-hrvatska-poslije-sloma-ndh-ne-bi-mogla-ostvariti\/\">&#8216;Da nije bilo Tu\u0111mana i Tita, nikakva se Hrvatska poslije sloma NDH ne bi mogla ostvariti&#8217;<\/a><\/blockquote><iframe loading=\"lazy\" class=\"wp-embedded-content\" sandbox=\"allow-scripts\" security=\"restricted\" style=\"position: absolute; clip: rect(1px, 1px, 1px, 1px);\" title=\"&#8220;&#8216;Da nije bilo Tu\u0111mana i Tita, nikakva se Hrvatska poslije sloma NDH ne bi mogla ostvariti&#8217;&#8221; &#8212; Novi list\" src=\"https:\/\/www.novilist.hr\/novosti\/hrvatska\/da-nije-bilo-tudmana-i-tita-nikakva-se-hrvatska-poslije-sloma-ndh-ne-bi-mogla-ostvariti\/embed\/#?secret=3LsVPJdfrt\" data-secret=\"3LsVPJdfrt\" width=\"600\" height=\"338\" frameborder=\"0\" marginwidth=\"0\" marginheight=\"0\" scrolling=\"no\"><\/iframe>\n<\/div><\/figure>\n\n\n\n<figure class=\"wp-block-embed-wordpress wp-block-embed is-type-wp-embed is-provider-bozica-brkan\"><div class=\"wp-block-embed__wrapper\">\n<blockquote class=\"wp-embedded-content\" data-secret=\"EG36DPq4go\"><a href=\"https:\/\/www.bozicabrkan.com\/tito-tudman-tuden-umjesto-kave-8-sijecnja-2021\/\">Tito, Tu\u0111man, Tu\u0111en \u2013 Umjesto kave 8. sije\u010dnja 2021.<\/a><\/blockquote><iframe loading=\"lazy\" class=\"wp-embedded-content\" sandbox=\"allow-scripts\" security=\"restricted\" style=\"position: absolute; clip: rect(1px, 1px, 1px, 1px);\" title=\"&#8220;Tito, Tu\u0111man, Tu\u0111en \u2013 Umjesto kave 8. sije\u010dnja 2021.&#8221; &#8212; Bo\u017eica Brkan\" src=\"https:\/\/www.bozicabrkan.com\/tito-tudman-tuden-umjesto-kave-8-sijecnja-2021\/embed\/#?secret=EG36DPq4go\" data-secret=\"EG36DPq4go\" width=\"600\" height=\"338\" frameborder=\"0\" marginwidth=\"0\" marginheight=\"0\" scrolling=\"no\"><\/iframe>\n<\/div><\/figure>\n\n\n\n<p><a href=\"https:\/\/www.jutarnji.hr\/globus\/politika\/tudman-za-jednog-covjeka-nikad-nije-imao-lijepu-rijec-a-tito-je-govorio-cudnom-kombinacijom-jezika-15043207\">Dva zagorca koja su skrojila Hrvatsku<\/a>: \u0160to otkriva knjiga \u2018Tito, Tu\u0111man-jedan zavi\u010daj, jedan put\u2018<\/p>\n\n\n\n<p><a href=\"https:\/\/www.glas-slavonije.hr\/454503\/11\/Sto-je-zajednicko-a-sto-nije-dvojici-najpoznatijih-hrvatskih-Zagoraca\">https:\/\/www.glas-slavonije.hr\/454503\/11\/Sto-je-zajednicko-a-sto-nije-dvojici-najpoznatijih-hrvatskih-Zagoraca<\/a><\/p>\n\n\n\n<div class=\"wp-block-file\"><a href=\"https:\/\/historiografija.hr\/wp-content\/uploads\/2021\/01\/Zeljko_Kruselj_VL.docx\">Zeljko_Kruselj_VL<\/a><a href=\"https:\/\/historiografija.hr\/wp-content\/uploads\/2021\/01\/Zeljko_Kruselj_VL.docx\" class=\"wp-block-file__button\" download>Preuzmi<\/a><\/div>\n\n\n\n<hr class=\"wp-block-separator\"\/>\n","protected":false},"excerpt":{"rendered":"","protected":false},"author":2,"featured_media":24412,"comment_status":"open","ping_status":"open","sticky":false,"template":"","format":"standard","meta":{"_acf_changed":false,"jetpack_post_was_ever_published":false,"_jetpack_newsletter_access":"","_jetpack_dont_email_post_to_subs":false,"_jetpack_newsletter_tier_id":0,"_jetpack_memberships_contains_paywalled_content":false,"_jetpack_memberships_contains_paid_content":false,"footnotes":"","jetpack_publicize_message":"","jetpack_publicize_feature_enabled":true,"jetpack_social_post_already_shared":true,"jetpack_social_options":{"image_generator_settings":{"template":"highway","default_image_id":0,"font":"","enabled":false},"version":2}},"categories":[8,3],"tags":[],"class_list":["post-24411","post","type-post","status-publish","format-standard","has-post-thumbnail","hentry","category-knjige","category-novosti"],"acf":{"facebook_opis":""},"jetpack_publicize_connections":[],"jetpack_featured_media_url":"https:\/\/i0.wp.com\/historiografija.hr\/wp-content\/uploads\/2020\/12\/Tito-Tudjman.jpg?fit=360%2C570&ssl=1","jetpack_sharing_enabled":true,"jetpack-related-posts":[],"_links":{"self":[{"href":"https:\/\/historiografija.hr\/index.php?rest_route=\/wp\/v2\/posts\/24411","targetHints":{"allow":["GET"]}}],"collection":[{"href":"https:\/\/historiografija.hr\/index.php?rest_route=\/wp\/v2\/posts"}],"about":[{"href":"https:\/\/historiografija.hr\/index.php?rest_route=\/wp\/v2\/types\/post"}],"author":[{"embeddable":true,"href":"https:\/\/historiografija.hr\/index.php?rest_route=\/wp\/v2\/users\/2"}],"replies":[{"embeddable":true,"href":"https:\/\/historiografija.hr\/index.php?rest_route=%2Fwp%2Fv2%2Fcomments&post=24411"}],"version-history":[{"count":8,"href":"https:\/\/historiografija.hr\/index.php?rest_route=\/wp\/v2\/posts\/24411\/revisions"}],"predecessor-version":[{"id":24773,"href":"https:\/\/historiografija.hr\/index.php?rest_route=\/wp\/v2\/posts\/24411\/revisions\/24773"}],"wp:featuredmedia":[{"embeddable":true,"href":"https:\/\/historiografija.hr\/index.php?rest_route=\/wp\/v2\/media\/24412"}],"wp:attachment":[{"href":"https:\/\/historiografija.hr\/index.php?rest_route=%2Fwp%2Fv2%2Fmedia&parent=24411"}],"wp:term":[{"taxonomy":"category","embeddable":true,"href":"https:\/\/historiografija.hr\/index.php?rest_route=%2Fwp%2Fv2%2Fcategories&post=24411"},{"taxonomy":"post_tag","embeddable":true,"href":"https:\/\/historiografija.hr\/index.php?rest_route=%2Fwp%2Fv2%2Ftags&post=24411"}],"curies":[{"name":"wp","href":"https:\/\/api.w.org\/{rel}","templated":true}]}}