{"id":24375,"date":"2020-12-29T17:38:01","date_gmt":"2020-12-29T17:38:01","guid":{"rendered":"http:\/\/historiografija.hr\/?p=24375"},"modified":"2020-12-29T17:38:01","modified_gmt":"2020-12-29T17:38:01","slug":"objavljena-monografija-stanica-za-savjetovanje-pri-izboru-zvanja-u-zagrebu-1931-1948","status":"publish","type":"post","link":"https:\/\/historiografija.hr\/?p=24375","title":{"rendered":"Objavljena monografija Stanica za savjetovanje pri izboru zvanja u Zagrebu (1931. \u2013 1948.)"},"content":{"rendered":"\n<p>Po\u010detkom prosinca 2020. godine objelodanjena je monografija <em>Povijesni razvoj primijenjene psihologije u Hrvatskoj tijekom prve polovice XX. stolje\u0107a: Stanica za savjetovanje pri izboru zvanja u Zagrebu (1931. \u2013 1948.)<\/em>. Uredni\u0161tvo monografije potpisuju doc. dr. sc. Vlatka Vukeli\u0107, Mijo Beljo, mag. educ. hist. i Vlatko Smiljani\u0107, mag. educ. hist. Monografija sadr\u017ei tri izvorna znanstvena rada, jedan pregledni rad te dva priloga: <em>Pravilnik Stanice<\/em> te \u010dlanak <em>Borba za idejnost i \u010disto\u0107u u nauci \u2013 osvrt na predavanje iz psihologije<\/em>. Autorstvo radova potpisuju doc. dr. sc. Vlatka Vukeli\u0107, Vlatko Smiljani\u0107, mag. educ. hist., izv. prof. dr. sc. Krunoslav Mate\u0161i\u0107, Sara Pavlovi\u0107, mag. psych., Dora Kora\u0107, mag. psych., dr. sc. Ivana \u017debec \u0160ilj, prof. dr. sc. \u017deljko Dugac i Danijel Jurkovi\u0107, mag. hist., mag. educ. hist.&nbsp;et mag. comm. Knjiga je rezultat znanstvenoga projekta \u201ePovijesni razvoj primijenjene psihologije u Hrvatskoj tijekom prve polovice XX. stolje\u0107a \u2013 Rad Stanice\/Zavoda za savjetovanje pri izboru zvanja od 1931. do 1948. godine\u201c. Istra\u017eivanje i izrada monografije su financirani iz sredstava kratkoro\u010dnih potpora znanstvenih i umjetni\u010dkih istra\u017eivanja Sveu\u010dili\u0161ta u Zagrebu te financijskom potporom za tisak Ministarstva znanosti i obrazovanja. Istra\u017eivanje i knjiga kao rezultat istoga dio su Strate\u0161koga programa znanstvenih istra\u017eivanja Fakulteta hrvatskih studija Sveu\u010dili\u0161ta u Zagrebu.<\/p>\n\n\n\n<p>Uz uredni\u010dki predgovor tu su sljede\u0107i radovi: <em>Stanica za savjetovanje pri izboru zvanja izme\u0111u tri dr\u017eavno-pravne preobrazbe (1939. \u2013 1941. \u2013 1945.)<\/em> Vlatke Vukeli\u0107 i Vlatka Smiljani\u0107a, <em>Razvoj psihodijagnosti\u010dkih sredstava u Stanici za savjetovanje pri izboru zvanja (1932. \u2013 1948.)<\/em> Krunoslava Mate\u0161i\u0107a, Sare Pavlovi\u0107 i Dore Kora\u0107, <em>Pravi \u010dovjek na pravomu mjestu \u2013 socio-ekonomska struktura ispitanika Stanice za savjetovanje pri izboru zvanja<\/em> Ivane \u017debec \u0160ilj i \u017deljka Dugca te <em>Suodnos Stanice za izbor u zvanja i Hrvatskoga Radi\u0161e u \u0161iremu povijesnomu kontekstu. Primjer 1935. godine <\/em>Vlatke Vukeli\u0107, Vlatka Smiljani\u0107a i Danijela Jurkovi\u0107a. Recenzenti monografije su prof. emer. dr. sc. Mijo Korade i prof. dr. sc. Stjepan \u0106osi\u0107. Radove su recenzirali i kategorizirali dr. sc. Sandra Cviki\u0107, dr. sc. Ljiljana Dobrov\u0161ak, doc. dr. sc. Mirko Drenovac, prof. dr. sc. \u017deljko Holjevac, prof. dr. sc. Mira Kolar, izv. prof. dr. sc. Krunoslav Mate\u0161i\u0107 i dr. sc. Ivo Turk. Autori i suradnici na monografiji dolaze s Fakulteta hrvatskih studija Sveu\u010dili\u0161ta u Zagrebu, Instituta za dru\u0161tvene znanosti \u201eIvo Pilar\u201c te Hrvatske akademije znanosti i umjetnosti.<\/p>\n\n\n\n<p>Rije\u010d je o temi koja je u dosada\u0161njoj hrvatskoj historiografiji ili povijesti psihologije nije bila na ovakav interdisciplinaran na\u010din obra\u0111ivana. Osim toga, relevantna dosada\u0161nja zapa\u017eanja o povijesnom razvoju primijenjene psihologije u Hrvatskoj objavljena su fragmentarno i naj\u010de\u0161\u0107e van valjanog konteksta. Metodologijom i terminologijom koju koriste psiholo\u0161ke i socijalne znanosti prou\u010deni su o\u010duvani materijali Stanice u Dr\u017eavnom arhivu u Zagrebu, te na osnovu opse\u017enih istra\u017eivanja izvu\u010deni podaci o njenom radu i vodstvu i izra\u0111en zaklju\u010dak o radu ove Stanice. Arhivsko gradivo bila je osnovna podloga za stvaranje relevantnih zaklju\u010daka o va\u017enosti njenog rada za razvoj privrede. \u010cinjenica da su se rezultatima njenog rada koristili ponajvi\u0161e obrtnici ostavila je, nakon sistematskog uni\u0161tavanja obrta u Hrvatskoj u korist industrijalizacije, i ovu Stanicu bez potrebne podr\u0161ke i ona se 1948. gasi.<\/p>\n\n\n\n<p>Stanica je bila jedinstvena ustanova tog tipa u monarhisti\u010dkoj Jugoslaviji i ukazivala je na kontinuitet nastavka veza na\u0161ih stru\u010dnjaka na podru\u010dju psihologije sa Srednjom Europom te je ovaj rad stoga i doprinos poznavanju odnosa pripadnosti zapadnoeuropskom kulturnom i dru\u0161tvenom krugu iz prve polovice XX. stolje\u0107a.<\/p>\n\n\n\n<p>Knjigu mo\u017eete nabaviti po cijeni od 120,00 kuna u Slu\u017ebi za nakladni\u0161tvo Fakulteta hrvatskih studija upitom na adresu e-po\u0161te (bivanda@hrstud.hr) ili pozivom na telefon 01\/2457-612.<\/p>\n\n\n\n<p>Predstavljanje monografije doc. dr. sc. Vlatke Vukeli\u0107&nbsp;mo\u017eete&nbsp;pogledati na&nbsp;<a href=\"https:\/\/www.youtube.com\/watch?v=RFMExAaVn5E&amp;ab_channel=FakultethrvatskihstudijaSveu%C4%8Dili%C5%A1tauZagrebu\">video promociji<\/a>.<\/p>\n\n\n\n<p>Vlatko Smiljani\u0107, mag. educ.&nbsp;hist.&nbsp;<\/p>\n\n\n\n<p>Izvor: <\/p>\n\n\n\n<p><a href=\"https:\/\/www.hrstud.unizg.hr\/obavijesti?%40=21dx6&amp;fbclid=IwAR2PBb84PqXlMVaSchi4LIMqPO9fmpYSDEgbQFD0B3M_GzJEGEF4S4A--WM#news_112402\">https:\/\/www.hrstud.unizg.hr\/obavijesti?%40=21dx6&amp;fbclid=IwAR2PBb84PqXlMVaSchi4LIMqPO9fmpYSDEgbQFD0B3M_GzJEGEF4S4A&#8211;WM#news_112402<\/a><\/p>\n\n\n\n<hr class=\"wp-block-separator\"\/>\n","protected":false},"excerpt":{"rendered":"","protected":false},"author":2,"featured_media":24376,"comment_status":"open","ping_status":"open","sticky":false,"template":"","format":"standard","meta":{"_acf_changed":false,"jetpack_post_was_ever_published":false,"_jetpack_newsletter_access":"","_jetpack_dont_email_post_to_subs":false,"_jetpack_newsletter_tier_id":0,"_jetpack_memberships_contains_paywalled_content":false,"_jetpack_memberships_contains_paid_content":false,"footnotes":"","jetpack_publicize_message":"","jetpack_publicize_feature_enabled":true,"jetpack_social_post_already_shared":true,"jetpack_social_options":{"image_generator_settings":{"template":"highway","default_image_id":0,"font":"","enabled":false},"version":2}},"categories":[8,3],"tags":[],"class_list":["post-24375","post","type-post","status-publish","format-standard","has-post-thumbnail","hentry","category-knjige","category-novosti"],"acf":{"facebook_opis":""},"jetpack_publicize_connections":[],"jetpack_featured_media_url":"https:\/\/i0.wp.com\/historiografija.hr\/wp-content\/uploads\/2020\/12\/Povijesni-razvoj-primijenjene-psihologije.jpg?fit=2203%2C1654&ssl=1","jetpack_sharing_enabled":true,"jetpack-related-posts":[],"_links":{"self":[{"href":"https:\/\/historiografija.hr\/index.php?rest_route=\/wp\/v2\/posts\/24375","targetHints":{"allow":["GET"]}}],"collection":[{"href":"https:\/\/historiografija.hr\/index.php?rest_route=\/wp\/v2\/posts"}],"about":[{"href":"https:\/\/historiografija.hr\/index.php?rest_route=\/wp\/v2\/types\/post"}],"author":[{"embeddable":true,"href":"https:\/\/historiografija.hr\/index.php?rest_route=\/wp\/v2\/users\/2"}],"replies":[{"embeddable":true,"href":"https:\/\/historiografija.hr\/index.php?rest_route=%2Fwp%2Fv2%2Fcomments&post=24375"}],"version-history":[{"count":1,"href":"https:\/\/historiografija.hr\/index.php?rest_route=\/wp\/v2\/posts\/24375\/revisions"}],"predecessor-version":[{"id":24377,"href":"https:\/\/historiografija.hr\/index.php?rest_route=\/wp\/v2\/posts\/24375\/revisions\/24377"}],"wp:featuredmedia":[{"embeddable":true,"href":"https:\/\/historiografija.hr\/index.php?rest_route=\/wp\/v2\/media\/24376"}],"wp:attachment":[{"href":"https:\/\/historiografija.hr\/index.php?rest_route=%2Fwp%2Fv2%2Fmedia&parent=24375"}],"wp:term":[{"taxonomy":"category","embeddable":true,"href":"https:\/\/historiografija.hr\/index.php?rest_route=%2Fwp%2Fv2%2Fcategories&post=24375"},{"taxonomy":"post_tag","embeddable":true,"href":"https:\/\/historiografija.hr\/index.php?rest_route=%2Fwp%2Fv2%2Ftags&post=24375"}],"curies":[{"name":"wp","href":"https:\/\/api.w.org\/{rel}","templated":true}]}}