{"id":24335,"date":"2020-12-24T16:22:58","date_gmt":"2020-12-24T16:22:58","guid":{"rendered":"http:\/\/historiografija.hr\/?p=24335"},"modified":"2020-12-24T16:23:43","modified_gmt":"2020-12-24T16:23:43","slug":"virtualna-izlozba-pisma-i-pismenost-otoka-hvara-scripts-and-literacy-of-the-island-of-hvar","status":"publish","type":"post","link":"https:\/\/historiografija.hr\/?p=24335","title":{"rendered":"Virtualna izlo\u017eba \u201ePisma i pismenost otoka Hvara\u201d \/ &#8220;Scripts and Literacy of the Island of Hvar&#8221;"},"content":{"rendered":"\n<p>Izlo\u017eba \u201ePisma i pismenost otoka Hvara\u201d dostupna je sada i u digitalnoj verziji.<\/p>\n\n\n\n<p>Organizator izlo\u017ebe je Op\u0107inska knji\u017enica i \u010ditaonica Jelsa, a autor izlo\u017ebe, postava i tekstova je Ivan Volarevi\u0107. Izlo\u017eba je realizirana uz potporu Ministarstva kulture i medija Republike Hrvatske i osniva\u010da knji\u017enice, Op\u0107ine Jelsa.<\/p>\n\n\n\n<p>Virtualna izlo\u017eba je dvojezi\u010dna, a sastoji se od digitalnih verzija materijala fizi\u010dki izlo\u017eenih u Op\u0107inskoj knji\u017enici i \u010ditaonici Jelsa, \u0161to uklju\u010duje tekstualne i slikovne materijale, dok su izlo\u0161ci koji \u010dine dio izlo\u017ebe \u201eOd u\u010denika do u\u010ditelja: iz ostav\u0161tine obitelji Grgi\u010devi\u0107\u201c fotografirani i na taj na\u010din uklju\u010deni u virtualnu izlo\u017ebu.<\/p>\n\n\n\n<p>Bro\u0161uru izlo\u017ebe mo\u017eete pogledati na istom Issuu profilu Op\u0107inske knji\u017enice i \u010ditaonice Jelsa.<\/p>\n\n\n\n<hr class=\"wp-block-separator\"\/>\n\n\n\n<figure class=\"wp-block-embed-issuu wp-block-embed is-type-rich is-provider-issuu\"><div class=\"wp-block-embed__wrapper\">\n<div data-url=\"https:\/\/issuu.com\/opcinska.knjiznica.i.citaonica.jelsa\/docs\/virtualna_izlozba\" style=\"width: 860px; height: 335px;\" class=\"issuuembed\"><\/div><script type=\"text\/javascript\" src=\"\/\/e.issuu.com\/embed.js\" async=\"true\"><\/script>\n<\/div><\/figure>\n\n\n\n<hr class=\"wp-block-separator\"\/>\n\n\n\n<p>Izvor: <a href=\"https:\/\/www.facebook.com\/knjiznicajelsa\/\">https:\/\/www.facebook.com\/knjiznicajelsa\/<\/a><\/p>\n\n\n\n<hr class=\"wp-block-separator\"\/>\n","protected":false},"excerpt":{"rendered":"","protected":false},"author":2,"featured_media":24336,"comment_status":"open","ping_status":"open","sticky":false,"template":"","format":"standard","meta":{"_acf_changed":false,"jetpack_post_was_ever_published":false,"_jetpack_newsletter_access":"","_jetpack_dont_email_post_to_subs":false,"_jetpack_newsletter_tier_id":0,"_jetpack_memberships_contains_paywalled_content":false,"_jetpack_memberships_contains_paid_content":false,"footnotes":"","jetpack_publicize_message":"","jetpack_publicize_feature_enabled":true,"jetpack_social_post_already_shared":true,"jetpack_social_options":{"image_generator_settings":{"template":"highway","default_image_id":0,"font":"","enabled":false},"version":2}},"categories":[10,3],"tags":[],"class_list":["post-24335","post","type-post","status-publish","format-standard","has-post-thumbnail","hentry","category-izlozbe","category-novosti"],"acf":{"facebook_opis":""},"jetpack_publicize_connections":[],"jetpack_featured_media_url":"https:\/\/i0.wp.com\/historiografija.hr\/wp-content\/uploads\/2020\/12\/Hvar.jpg?fit=500%2C261&ssl=1","jetpack_sharing_enabled":true,"jetpack-related-posts":[],"_links":{"self":[{"href":"https:\/\/historiografija.hr\/index.php?rest_route=\/wp\/v2\/posts\/24335","targetHints":{"allow":["GET"]}}],"collection":[{"href":"https:\/\/historiografija.hr\/index.php?rest_route=\/wp\/v2\/posts"}],"about":[{"href":"https:\/\/historiografija.hr\/index.php?rest_route=\/wp\/v2\/types\/post"}],"author":[{"embeddable":true,"href":"https:\/\/historiografija.hr\/index.php?rest_route=\/wp\/v2\/users\/2"}],"replies":[{"embeddable":true,"href":"https:\/\/historiografija.hr\/index.php?rest_route=%2Fwp%2Fv2%2Fcomments&post=24335"}],"version-history":[{"count":2,"href":"https:\/\/historiografija.hr\/index.php?rest_route=\/wp\/v2\/posts\/24335\/revisions"}],"predecessor-version":[{"id":24338,"href":"https:\/\/historiografija.hr\/index.php?rest_route=\/wp\/v2\/posts\/24335\/revisions\/24338"}],"wp:featuredmedia":[{"embeddable":true,"href":"https:\/\/historiografija.hr\/index.php?rest_route=\/wp\/v2\/media\/24336"}],"wp:attachment":[{"href":"https:\/\/historiografija.hr\/index.php?rest_route=%2Fwp%2Fv2%2Fmedia&parent=24335"}],"wp:term":[{"taxonomy":"category","embeddable":true,"href":"https:\/\/historiografija.hr\/index.php?rest_route=%2Fwp%2Fv2%2Fcategories&post=24335"},{"taxonomy":"post_tag","embeddable":true,"href":"https:\/\/historiografija.hr\/index.php?rest_route=%2Fwp%2Fv2%2Ftags&post=24335"}],"curies":[{"name":"wp","href":"https:\/\/api.w.org\/{rel}","templated":true}]}}