{"id":24287,"date":"2020-12-23T22:43:15","date_gmt":"2020-12-23T22:43:15","guid":{"rendered":"http:\/\/historiografija.hr\/?p=24287"},"modified":"2020-12-23T22:46:01","modified_gmt":"2020-12-23T22:46:01","slug":"mestiere-di-storico-e-impegno-civile-claudio-pavone-e-la-storia-contemporanea-in-italia-a-cura-di-marcello-flores","status":"publish","type":"post","link":"https:\/\/historiografija.hr\/?p=24287","title":{"rendered":"Mestiere di storico e impegno civile. Claudio Pavone e la storia contemporanea in Italia (a cura di Marcello Flores)"},"content":{"rendered":"\n<p>Upu\u0107ujemo u nastavku na zbornik iz 2019. o istaknutom talijanskom povjesni\u010daru Claudiju Pavoneu (1920-2016) poznatom po knjizi \u201cUna guerra civile: saggio storico sulla moralit\u00e0 nella Resistenza\u201d (1991) \u2013 koja je izazvala velike rasprave \u2013 dostupnoj i u prijevodu na engleski jezik \u201cA Civil War: A History of the Italian Resistance\u201d (<a href=\"https:\/\/www.versobooks.com\/books\/1733-a-civil-war\">Verso<\/a>, 2014). O raspravama je pisano i u &#8220;Diskrepanciji&#8221;, na \u0161to tako\u0111er upu\u0107ujemo na kraju priloga.<\/p>\n\n\n\n<p>&#8212;<\/p>\n\n\n\n<p><strong>Sinossi<\/strong><\/p>\n\n\n\n<p>Oltre agli studi dedicati all\u2019amministrazione dello Stato e al tema della continuit\u00e0 delle istituzioni fra fascismo e Repubblica, l\u2019opera di Claudio Pavone rappresenta una pietra miliare nella storiografia sulla Resistenza, per la sua capacit\u00e0 di innovare, con uno sguardo originale, profondo e documentato, l\u2019analisi della guerra di liberazione, dei programmi politici che si confrontarono allora, delle spinte ideali e morali che condussero migliaia di giovani a scegliere di partecipare alla battaglia per liberare l\u2019Italia dall\u2019occupazione nazista e dalla violenza repressiva della Repubblica sociale.<\/p>\n\n\n\n<p>L\u2019Istituto nazionale Ferruccio Parri e l\u2019Istituto romano per la storia d\u2019Italia dal fascismo alla Resistenza, cui Pavone ha dedicato molte delle sue energie di studioso e organizzatore culturale, hanno voluto ricordare la sua figura di intellettuale in un convegno che si \u00e8 tenuto a Milano nel maggio 2017. Dagli archivi all\u2019insegnamento universitario e alla formazione di nuove generazioni di studiosi, dalle riviste agli istituti culturali, all\u2019impegno nell\u2019Istituto nazionale della Resistenza e in quello romano, Claudio Pavone ha sempre coniugato impegno intellettuale e impegno civile, il rigore del \u201cmestiere di storico\u201d con la riflessione sul \u201cmestiere di cittadino\u201d.<\/p>\n\n\n\n<p><strong>Indice<\/strong><\/p>\n\n\n\n<ul class=\"wp-block-list\"><li><strong>Marcello Flores<\/strong>, Prefazione<\/li><li><strong>Guido Crainz<\/strong>, Introduzione<\/li><li>Lo storico, l\u2019intellettuale, l\u2019archivista<ul><li><strong>Raffaele Romanelli<\/strong>, Claudio Pavone. Storia e diritto<\/li><li><strong>Vinzia Fiorino<\/strong>, Esercizi di libert\u00e0. Claudio Pavone docente e maestro di storia<\/li><li><strong>Agostino Bistarelli<\/strong>, Su alcune ricerche da sviluppare: Pavone maestro e docente<\/li><li><strong>Mariuccia Salvati<\/strong>, Claudio Pavone: l\u2019intellettuale, l\u2019organizzatore di cultura, lo storico<\/li><li><strong>Marcello Flores<\/strong>, Claudio Pavone e la continuit\u00e0 dello Stato<\/li><li><strong>Paola Carucci<\/strong>, Pavone e gli archivi<\/li><li><strong>Mirco Carrattieri<\/strong>, Un\u2019opera che \u00abesce ma anche fuoriesce dagli Istituti\u00bb. Claudio Pavone e l\u2019Insmli<\/li><\/ul><\/li><li>Claudio Pavone e la Resistenza<ul><li><strong>Gabriele Ranzato<\/strong>, Le particolarit\u00e0 della guerra civile italiana<\/li><li><strong>Paolo Pezzino<\/strong>, Le riflessioni di Claudio Pavone sulla violenza<\/li><li><strong>Isabella Insolvibile<\/strong>, Resistenza\/Resistenze: la pluralit\u00e0 della Resistenza nell\u2019opera di Pavone<\/li><li><strong>Luigi Ganapini<\/strong>, Le ragioni di una scelta<\/li><li><strong>Nicola Labanca<\/strong>, Una discussione difficle. La ricezione del <em>Saggio sulla moralit\u00e0 nella Resistenza<\/em><\/li><li><strong>Philip Cooke<\/strong>, Claudio Pavone all\u2019estero<\/li><\/ul><\/li><li>Indice dei nomi<\/li><\/ul>\n\n\n\n<p><a href=\"https:\/\/www.viella.it\/libro\/9788833131641\">https:\/\/www.viella.it\/libro\/9788833131641<\/a><\/p>\n\n\n\n<p>&#8212;<\/p>\n\n\n\n<p><strong>Diskrepancija: studentski \u010dasopis za dru\u0161tveno-humanisti\u010dke teme<\/strong>, Vol. 1 No. 1, 2000.<\/p>\n\n\n\n<p>Esej<\/p>\n\n\n\n<p><strong>Pokret otpora: gra\u0111anski rat?<\/strong><\/p>\n\n\n\n<p>Norberto Bobbio<\/p>\n\n\n\n<p>Preveo: Franko Dota<\/p>\n\n\n\n<p>\u201cNije brojna literatura iz povijesti ili politike koja je u posljednjih nekoliko godina izazvala tako \u0161iroku i usijanu raspravu kakva je ona izazvana objavljivanjem <em>Gra\u0111anskog rata <\/em>(<em>Una guerra civile<\/em>) Claudia Pavonea. Unato\u010d obujmu (oko \u0161esto stranica teksta i dvjestotinjak stranica bilje\u017eaka) i gusto\u0107i sadr\u017eaja, koji zahtijeva strpljivo i pomno \u010ditanje, brojne su bile recenzije u novinama i tjednicima. Ako je to uop\u0107e potrebno, treba primjetiti kako se rasprava prete\u017eno usmjerila i usredoto\u010dila, bar zasad, na ve\u0107u ili manju prikladnost i legitimnost definicije \u201cgra\u0111anskog rata\u201d, kojom je nazvan rat nacionalnog oslobo\u0111enja, vo\u0111en u Italiji od 8. rujna 1943. do 25. travnja 1945, a ne na stvarni sadr\u017eaj djela, koji je sa\u017eeto nazna\u010den u podnaslovu: <em>Povijesni esej o moralnosti u Pokretu otpora.<\/em>\u201d<\/p>\n\n\n\n<p><a href=\"https:\/\/hrcak.srce.hr\/20563\">https:\/\/hrcak.srce.hr\/20563<\/a><\/p>\n\n\n\n<hr class=\"wp-block-separator\"\/>\n","protected":false},"excerpt":{"rendered":"","protected":false},"author":2,"featured_media":24288,"comment_status":"open","ping_status":"open","sticky":false,"template":"","format":"standard","meta":{"_acf_changed":false,"jetpack_post_was_ever_published":false,"_jetpack_newsletter_access":"","_jetpack_dont_email_post_to_subs":false,"_jetpack_newsletter_tier_id":0,"_jetpack_memberships_contains_paywalled_content":false,"_jetpack_memberships_contains_paid_content":false,"footnotes":"","jetpack_publicize_message":"","jetpack_publicize_feature_enabled":true,"jetpack_social_post_already_shared":true,"jetpack_social_options":{"image_generator_settings":{"template":"highway","default_image_id":0,"font":"","enabled":false},"version":2}},"categories":[8,3],"tags":[],"class_list":["post-24287","post","type-post","status-publish","format-standard","has-post-thumbnail","hentry","category-knjige","category-novosti"],"acf":{"facebook_opis":""},"jetpack_publicize_connections":[],"jetpack_featured_media_url":"https:\/\/i0.wp.com\/historiografija.hr\/wp-content\/uploads\/2020\/12\/Pavone.jpg?fit=240%2C331&ssl=1","jetpack_sharing_enabled":true,"jetpack-related-posts":[],"_links":{"self":[{"href":"https:\/\/historiografija.hr\/index.php?rest_route=\/wp\/v2\/posts\/24287","targetHints":{"allow":["GET"]}}],"collection":[{"href":"https:\/\/historiografija.hr\/index.php?rest_route=\/wp\/v2\/posts"}],"about":[{"href":"https:\/\/historiografija.hr\/index.php?rest_route=\/wp\/v2\/types\/post"}],"author":[{"embeddable":true,"href":"https:\/\/historiografija.hr\/index.php?rest_route=\/wp\/v2\/users\/2"}],"replies":[{"embeddable":true,"href":"https:\/\/historiografija.hr\/index.php?rest_route=%2Fwp%2Fv2%2Fcomments&post=24287"}],"version-history":[{"count":2,"href":"https:\/\/historiografija.hr\/index.php?rest_route=\/wp\/v2\/posts\/24287\/revisions"}],"predecessor-version":[{"id":24290,"href":"https:\/\/historiografija.hr\/index.php?rest_route=\/wp\/v2\/posts\/24287\/revisions\/24290"}],"wp:featuredmedia":[{"embeddable":true,"href":"https:\/\/historiografija.hr\/index.php?rest_route=\/wp\/v2\/media\/24288"}],"wp:attachment":[{"href":"https:\/\/historiografija.hr\/index.php?rest_route=%2Fwp%2Fv2%2Fmedia&parent=24287"}],"wp:term":[{"taxonomy":"category","embeddable":true,"href":"https:\/\/historiografija.hr\/index.php?rest_route=%2Fwp%2Fv2%2Fcategories&post=24287"},{"taxonomy":"post_tag","embeddable":true,"href":"https:\/\/historiografija.hr\/index.php?rest_route=%2Fwp%2Fv2%2Ftags&post=24287"}],"curies":[{"name":"wp","href":"https:\/\/api.w.org\/{rel}","templated":true}]}}