{"id":24284,"date":"2020-12-23T22:39:56","date_gmt":"2020-12-23T22:39:56","guid":{"rendered":"http:\/\/historiografija.hr\/?p=24284"},"modified":"2020-12-23T22:39:56","modified_gmt":"2020-12-23T22:39:56","slug":"poziv-na-sudjelovanje-peti-medunarodni-znanstveni-skup-socijalizam-na-klupi-antifasizam-pula-30-rujna-2-listopada-2021-5th-international-conference-socia","status":"publish","type":"post","link":"https:\/\/historiografija.hr\/?p=24284","title":{"rendered":"Poziv na sudjelovanje \u2013 Peti me\u0111unarodni znanstveni skup \u201cSocijalizam na klupi\u201d: ANTIFA\u0160IZAM (Pula, 30. rujna \u2013 2. listopada 2021.) \/ 5th International Conference Socialism on the Bench: ANTIFASCISM (Pula, September 30 \u2013 October 2, 2021)"},"content":{"rendered":"\n<p>Povijest antifa\u0161izma se\u017ee u 1921. godinu kada je talijanski fa\u0161isti\u010dki teror u Istri doveo do pobune rudara koji su proglasili Labinsku republiku te seljaka koji su u selima isto\u010dno od Pule podigli Pro\u0161tinsku bunu. Stogodi\u0161njica ovih doga\u0111aja, kao i osamdeset godina od po\u010detka Narodnooslobodila\u010dke borbe u okupiranoj Jugoslaviji, bili su povod za temu sljede\u0107ega Socijalizma na klupi. Fokus skupa bit \u0107e dvojak: usmjeren prema povijesnim doga\u0111ajima i njihovim kasnijim odrazima, ali i prema antifa\u0161izmu u suvremenom dru\u0161tvu. Povijesna nit obuhva\u0107a reakciju na talijanski fa\u0161izam, njema\u010dki nacizam i njihove saveznike prije i tijekom Drugog svjetskog rata, sve do pobjede Antifa\u0161isti\u010dke koalicije 1945. godine. Na podru\u010dju Jugoslavije uklju\u010duje partizanski pokret pod komunisti\u010dkim vodstvom i njegovu pobjedu nad stranim i doma\u0107im fa\u0161isti\u010dkim snagama. Ta povijesna nit u temi skupa svoje je posljedice imala u politici i kulturi sje\u0107anja \u2013 u proslavama, komemoracijama, spomenicima, istra\u017eivanju, obrazovanju i umjetnosti. Na nju se nadovezuju reinterpretacije i politi\u010dki revizionizam 1990-ih i kasnije, rasprave o odnosu antifa\u0161izma i komunizma, kao i ideja o dva totalitarizma. To povijesnu nit dovodi do drugoga dijela fokusa, do suvremene tematske niti. Skup tako pozornost \u017eeli posvetiti i antifa\u0161izmu u suvremenim dru\u0161tvima i u politikama koje ih oblikuju, zna\u010denju antifa\u0161izma za politi\u010dku ljevicu, potom antifa\u0161isti\u010dkom aktivizmu i akcijama protiv desnog ekstremizma, rasizma, antisemitizma, ksenofobije, homofobije te raznih kr\u0161enja manjinskih i ljudskih prava. Na\u017ealost, dru\u0161tvena jednakost i emancipacija obespravljenih skupina postoji kao problem i stotinu godina poslije prvih antifa\u0161isti\u010dkih pobuna.<\/p>\n\n\n\n<p><a href=\"https:\/\/www.unipu.hr\/images\/50031998\/Socijalizam%20na%20klupi%202021%20POZIV.pdf\">POZIV NA SUDJELOVANJE (pdf)<\/a><br><a href=\"https:\/\/www.unipu.hr\/images\/50031998\/Socijalizam%20na%20klupi%202021%20PRIJAVA-APPLICATION.docx\">Prijavni obrazac (docx)<\/a><br>Rok: 1. travnja 2021.<\/p>\n\n\n\n<p><strong>Pozvani predava\u010di<\/strong><br>Darko Dukovski (Rijeka), Ivo Goldstein (Zagreb), Rastko Mo\u010dnik (Ljubljana)<\/p>\n\n\n\n<p><strong>Programski odbor<\/strong><br>Chiara Bonfiglioli (Cork), Ulf Brunnbauer (Regensburg), Anita Buhin (Pula), Igor Duda (Pula), Lada Durakovi\u0107 (Pula), Boris Koroman (Pula), Andrea Mato\u0161evi\u0107 (Pula), Tanja Petrovi\u0107 (Ljubljana)<\/p>\n\n\n\n<p><strong>Organizacijski odbor<\/strong><br>Anita Buhin, Igor Duda, Lada Durakovi\u0107, Tina Filipovi\u0107, Boris Koroman, Andrea Mato\u0161evi\u0107, Sara \u017deri\u0107<\/p>\n\n\n\n<p><strong>Organizator<\/strong><br>Sveu\u010dili\u0161te Jurja Dobrile u Puli<br>Centar za kulturolo\u0161ka i povijesna istra\u017eivanja socijalizma<\/p>\n\n\n\n<p><strong>Kontakt<\/strong><br>ckpis.conf@gmail.com<\/p>\n\n\n\n<p><strong>Mjesto odr\u017eavanja skupa<\/strong><br>Sveu\u010dili\u0161te Jurja Dobrile u Puli, Filozofski fakultet<br>Ivana Mateti\u0107a Ronjgova 1, Pula<\/p>\n\n\n\n<p>Prilago\u0111avat \u0107emo se epidemiolo\u0161kim okolnostima te u slu\u010daju potrebe skup djelomi\u010dno ili u cijelosti odr\u017eati na daljinu, u virtualnim dvoranama. Sudionici kojima \u0107e biti ote\u017eano putovanje do Pule, mo\u0107i \u0107e izlagati putem interneta u stvarnom vremenu.<\/p>\n\n\n\n<p><strong>Zahvaljujemo na potpori<\/strong><br>Rosa Luxemburg Stiftung Southeast Europe<\/p>\n\n\n\n<p><a href=\"https:\/\/www.unipu.hr\/ckpis\/socijalizam_na_klupi\/2021\">https:\/\/www.unipu.hr\/ckpis\/socijalizam_na_klupi\/2021<\/a><\/p>\n\n\n\n<p>&#8212;<\/p>\n\n\n\n<p>Socialism on the Bench 2021<\/p>\n\n\n\n<p><strong>5th International Conference Socialism on the Bench<br>ANTIFASCISM<\/strong><br>Pula, September 30 \u2013 October 2, 2021<\/p>\n\n\n\n<p>The history of antifascism dates back to 1921, when the Italian fascist terror in Istria caused a revolt of miners who proclaimed the Labin Republic (Labinska republika) and peasants who raised the Pro\u0161tina Rebellion (Pro\u0161tinska buna) in the villages east of Pula. The centenary of these events, as well as the eighty years since the beginning of the National Liberation Struggle in occupied Yugoslavia, are the motivation behind the theme of the next Socialism on the Bench. The focus of the conference will be twofold: directed towards historical events and their later reflections, but also towards antifascism in modern society. The historical thread encompasses the reaction to Italian Fascism, German Nazism and their allies before and during World War II, until the victory of the Allies in 1945. In Yugoslavia, it includes the communist-led partisan movement and its victory over foreign and domestic fascist forces. This historical thread in the conference theme also leads us to the politics and culture of remembrance &#8211; in celebrations, commemorations, monuments, research, education and art. It is connected to the historiographical reinterpretations and the political revisionism of the 1990s and after, to discussions of the relationship between antifascism and communism, as well as to the idea of two totalitarianisms. This brings us to the second part of the conference focus, to the contemporary thematic thread. The conference wants to pay attention to antifascism in contemporary societies and the policies that shape them, the meaning of antifascism for the political left, as well as antifascist activism and actions against right-wing extremism, racism, anti-Semitism, xenophobia, homophobia and various violations of minority and human rights. Unfortunately, the emancipation of oppressed groups remains an issue even a hundred years after the first antifascist uprisings.<\/p>\n\n\n\n<p><a href=\"https:\/\/www.unipu.hr\/images\/50032001\/Socialism%20on%20the%20Bench%202021%20CALL.pdf\">CALL FOR PAPERS (pdf)<\/a><br><a href=\"https:\/\/www.unipu.hr\/images\/50032001\/Socijalizam%20na%20klupi%202021%20PRIJAVA-APPLICATION.docx\">Application form (docx)<\/a><br>Deadline: April 1, 2021<\/p>\n\n\n\n<p><strong>Keynote speakers<\/strong><br>Darko Dukovski (Rijeka), Ivo Goldstein (Zagreb), Rastko Mo\u010dnik (Ljubljana)<\/p>\n\n\n\n<p><strong>Programme Committee<\/strong><br>Chiara Bonfiglioli (Cork), Ulf Brunnbauer (Regensburg), Anita Buhin (Pula), Igor Duda (Pula), Lada Durakovi\u0107 (Pula), Boris Koroman (Pula), Andrea Mato\u0161evi\u0107 (Pula), Tanja Petrovi\u0107 (Ljubljana)<\/p>\n\n\n\n<p><strong>Organizing Committee<\/strong><br>Anita Buhin, Igor Duda, Lada Durakovi\u0107, Tina Filipovi\u0107, Boris Koroman, Andrea Mato\u0161evi\u0107, Sara \u017deri\u0107<\/p>\n\n\n\n<p><strong>Organizer<\/strong><br>Juraj Dobrila University of Pula<br>Centre for Cultural and Historical Research of Socialism<\/p>\n\n\n\n<p><strong>Contact<\/strong><br>ckpis.conf@gmail.com<\/p>\n\n\n\n<p><strong>Conference venue<\/strong><br>Sveu\u010dili\u0161te Jurja Dobrile u Puli \/&nbsp;Juraj Dobrila University of Pula<br>Filozofski fakultet \/ Faculty of Humanities<br>Ivana Mateti\u0107a Ronjgova 1, Pula<\/p>\n\n\n\n<p>We will adapt to the epidemiological situation, and if necessary, the conference will be held partly or completely online, in virtual rooms. Participants who will find it difficult to travel to Pula will be able to participate online in real time.<\/p>\n\n\n\n<p><strong>We thank for the support<\/strong><br>Rosa Luxemburg Stiftung Southeast Europe<\/p>\n\n\n\n<p><a href=\"https:\/\/www.unipu.hr\/ckpis\/en\/socialism_on_the_bench\/2021\">https:\/\/www.unipu.hr\/ckpis\/en\/socialism_on_the_bench\/2021<\/a><\/p>\n\n\n\n<hr class=\"wp-block-separator\"\/>\n","protected":false},"excerpt":{"rendered":"","protected":false},"author":2,"featured_media":24285,"comment_status":"open","ping_status":"open","sticky":false,"template":"","format":"standard","meta":{"_acf_changed":false,"jetpack_post_was_ever_published":false,"_jetpack_newsletter_access":"","_jetpack_dont_email_post_to_subs":false,"_jetpack_newsletter_tier_id":0,"_jetpack_memberships_contains_paywalled_content":false,"_jetpack_memberships_contains_paid_content":false,"footnotes":"","jetpack_publicize_message":"","jetpack_publicize_feature_enabled":true,"jetpack_social_post_already_shared":true,"jetpack_social_options":{"image_generator_settings":{"template":"highway","default_image_id":0,"font":"","enabled":false},"version":2}},"categories":[3,9],"tags":[],"class_list":["post-24284","post","type-post","status-publish","format-standard","has-post-thumbnail","hentry","category-novosti","category-skupovi"],"acf":{"facebook_opis":""},"jetpack_publicize_connections":[],"jetpack_featured_media_url":"https:\/\/i0.wp.com\/historiografija.hr\/wp-content\/uploads\/2020\/12\/5SnK-najava.png?fit=960%2C720&ssl=1","jetpack_sharing_enabled":true,"jetpack-related-posts":[],"_links":{"self":[{"href":"https:\/\/historiografija.hr\/index.php?rest_route=\/wp\/v2\/posts\/24284","targetHints":{"allow":["GET"]}}],"collection":[{"href":"https:\/\/historiografija.hr\/index.php?rest_route=\/wp\/v2\/posts"}],"about":[{"href":"https:\/\/historiografija.hr\/index.php?rest_route=\/wp\/v2\/types\/post"}],"author":[{"embeddable":true,"href":"https:\/\/historiografija.hr\/index.php?rest_route=\/wp\/v2\/users\/2"}],"replies":[{"embeddable":true,"href":"https:\/\/historiografija.hr\/index.php?rest_route=%2Fwp%2Fv2%2Fcomments&post=24284"}],"version-history":[{"count":1,"href":"https:\/\/historiografija.hr\/index.php?rest_route=\/wp\/v2\/posts\/24284\/revisions"}],"predecessor-version":[{"id":24286,"href":"https:\/\/historiografija.hr\/index.php?rest_route=\/wp\/v2\/posts\/24284\/revisions\/24286"}],"wp:featuredmedia":[{"embeddable":true,"href":"https:\/\/historiografija.hr\/index.php?rest_route=\/wp\/v2\/media\/24285"}],"wp:attachment":[{"href":"https:\/\/historiografija.hr\/index.php?rest_route=%2Fwp%2Fv2%2Fmedia&parent=24284"}],"wp:term":[{"taxonomy":"category","embeddable":true,"href":"https:\/\/historiografija.hr\/index.php?rest_route=%2Fwp%2Fv2%2Fcategories&post=24284"},{"taxonomy":"post_tag","embeddable":true,"href":"https:\/\/historiografija.hr\/index.php?rest_route=%2Fwp%2Fv2%2Ftags&post=24284"}],"curies":[{"name":"wp","href":"https:\/\/api.w.org\/{rel}","templated":true}]}}