{"id":24269,"date":"2020-12-22T15:16:31","date_gmt":"2020-12-22T15:16:31","guid":{"rendered":"http:\/\/historiografija.hr\/?p=24269"},"modified":"2020-12-22T15:28:00","modified_gmt":"2020-12-22T15:28:00","slug":"povodom-smrti-bozidara-violica-izlet-u-ndh","status":"publish","type":"post","link":"https:\/\/historiografija.hr\/?p=24269","title":{"rendered":"Povodom smrti Bo\u017eidara Violi\u0107a: \u201cIzlet u NDH\u201d"},"content":{"rendered":"\n<p>Krajem studenog preminuo je kazali\u0161ni redatelj Bo\u017eidar Violi\u0107 (1931-2020). Tim povodom upu\u0107ujemo na njegov tekst \u201cIzlet u NDH\u201d, kao \u201csje\u0107anja desetogodi\u0161njega dje\u010daka na boravak u Prijedoru godine 1941.\u201d.<\/p>\n\n\n\n<p>Tekst je objavljen u \u010dasopisu <em>Gordogan<\/em>, br. 19-22 (63-66), zima-jesen 2010, godi\u0161te VIII (XXVII) i dostupan je na sljede\u0107im poveznicama:<\/p>\n\n\n\n<figure class=\"wp-block-embed-wordpress wp-block-embed is-type-wp-embed is-provider-gordogan\"><div class=\"wp-block-embed__wrapper\">\n<blockquote class=\"wp-embedded-content\" data-secret=\"M3hEi7gDMI\"><a href=\"http:\/\/www.gordogan.com.hr\/gordogan\/broj-19-22\/\">Broj #19-22<\/a><\/blockquote><iframe loading=\"lazy\" class=\"wp-embedded-content\" sandbox=\"allow-scripts\" security=\"restricted\" style=\"position: absolute; clip: rect(1px, 1px, 1px, 1px);\" title=\"&#8220;Broj #19-22&#8221; &#8212; Gordogan\" src=\"http:\/\/www.gordogan.com.hr\/gordogan\/broj-19-22\/embed\/#?secret=M3hEi7gDMI\" data-secret=\"M3hEi7gDMI\" width=\"600\" height=\"338\" frameborder=\"0\" marginwidth=\"0\" marginheight=\"0\" scrolling=\"no\"><\/iframe>\n<\/div><\/figure>\n\n\n\n<p><a href=\"https:\/\/www.facebook.com\/Gordogan-275080495850701\/\">https:\/\/www.facebook.com\/Gordogan-275080495850701\/<\/a><\/p>\n\n\n\n<p><a href=\"http:\/\/www.gordogan.com.hr\/gordogan\/\">http:\/\/www.gordogan.com.hr\/gordogan\/<\/a><\/p>\n\n\n\n<hr class=\"wp-block-separator\"\/>\n\n\n\n<p>&#8220;Atmosfera u gradu bila je mu\u010dna, napetija po no\u0107i, tada su hapsili i odvodili ljude. Jednoga dana o podne u cijelom je gradu, s razli\u010ditih strana, istovremeno odjekivala pucnjava. Zamrli smo od straha. Poslije smo doznali: pucalo se u znak veselja, ve\u0107inom iz lova\u010dkih pu\u0161aka, kad se pronio glas da je Rusija objavila rat Njema\u010dkoj. Bilo je to 22. lipnja. Dok su se usta\u0161e i redarstvo sna\u0161li pucnjava je utihnula, a oru\u017eje posakrivano gdje je i prije stajalo. Nedugo nakon toga, u rano jutro odjeknula je sna\u017ena eksplozija iz pravca Sanskoga mosta. Na horizontu se pojavio gust, crni oblak s crveno\u017eutim proplamsajima. Doskora je i slu\u017ebeno potvr\u0111eno, moglo se \u010duti na \u201ckrugovalu\u201d, da su \u201codmetnici dignuli u zrak skladi\u0161te benzina\u201d.&#8221; (str. 60)<\/p>\n\n\n\n<hr class=\"wp-block-separator\"\/>\n\n\n\n<p><strong>Bo\u017eidar Violi\u0107 (1931-2020)<\/strong><\/p>\n\n\n\n<p><a href=\"https:\/\/www.jutarnji.hr\/kultura\/kazaliste\/u-90-godini-preminuo-hvaljeni-kazalisni-redatelj-i-pedagog-bozidar-violic-15034078\">https:\/\/www.jutarnji.hr\/kultura\/kazaliste\/u-90-godini-preminuo-hvaljeni-kazalisni-redatelj-i-pedagog-bozidar-violic-15034078<\/a><\/p>\n\n\n\n<p><a href=\"https:\/\/slobodnadalmacija.hr\/kultura\/kazaliste\/odlazak-bozidara-violica-jednog-od-najboljih-hrvatskih-kazalisnih-redatelja-koji-je-u-rodnome-splitu-postavio-svecanu-veceru-u-pogrebnome-poduzecu-1060917\">https:\/\/slobodnadalmacija.hr\/kultura\/kazaliste\/odlazak-bozidara-violica-jednog-od-najboljih-hrvatskih-kazalisnih-redatelja-koji-je-u-rodnome-splitu-postavio-svecanu-veceru-u-pogrebnome-poduzecu-1060917<\/a><\/p>\n\n\n\n<figure class=\"wp-block-embed-wordpress wp-block-embed is-type-wp-embed is-provider-novi-list\"><div class=\"wp-block-embed__wrapper\">\n<blockquote class=\"wp-embedded-content\" data-secret=\"qE6VuSfHfe\"><a href=\"https:\/\/www.novilist.hr\/ostalo\/kultura\/kazaliste\/preminuo-poznati-redatelj-bozidar-violic\/\">Preminuo poznati redatelj Bo\u017eidar Violi\u0107<\/a><\/blockquote><iframe loading=\"lazy\" class=\"wp-embedded-content\" sandbox=\"allow-scripts\" security=\"restricted\" style=\"position: absolute; clip: rect(1px, 1px, 1px, 1px);\" title=\"&#8220;Preminuo poznati redatelj Bo\u017eidar Violi\u0107&#8221; &#8212; Novi list\" src=\"https:\/\/www.novilist.hr\/ostalo\/kultura\/kazaliste\/preminuo-poznati-redatelj-bozidar-violic\/embed\/#?secret=qE6VuSfHfe\" data-secret=\"qE6VuSfHfe\" width=\"600\" height=\"338\" frameborder=\"0\" marginwidth=\"0\" marginheight=\"0\" scrolling=\"no\"><\/iframe>\n<\/div><\/figure>\n\n\n\n<p><a href=\"https:\/\/www.hnk.hr\/hr\/novosti\/memoriam-bo%C5%BEidar-violi%C4%87\/\">https:\/\/www.hnk.hr\/hr\/novosti\/memoriam-bo%C5%BEidar-violi%C4%87\/<\/a><\/p>\n\n\n\n<p><a href=\"https:\/\/www.zekaem.hr\/vijesti\/in-memoriam-bozidar-violic\/\">https:\/\/www.zekaem.hr\/vijesti\/in-memoriam-bozidar-violic\/<\/a><\/p>\n\n\n\n<p><a href=\"https:\/\/www.gavella.hr\/o_kazalistu\/arhiva_novosti\/2020\/studeni\/preminuo_bozidar_violic\">https:\/\/www.gavella.hr\/o_kazalistu\/arhiva_novosti\/2020\/studeni\/preminuo_bozidar_violic<\/a><\/p>\n\n\n\n<figure class=\"wp-block-embed-wordpress wp-block-embed is-type-wp-embed is-provider-ziher-hr\"><div class=\"wp-block-embed__wrapper\">\n<blockquote class=\"wp-embedded-content\" data-secret=\"iKwg6RGZRh\"><a href=\"https:\/\/www.ziher.hr\/in-memoriam-bozidar-violic\/\">In memoriam Bo\u017eidar Violi\u0107: Odlazak posljednjeg \u010dlana kultnog redateljskog kartela<\/a><\/blockquote><iframe loading=\"lazy\" class=\"wp-embedded-content\" sandbox=\"allow-scripts\" security=\"restricted\" style=\"position: absolute; clip: rect(1px, 1px, 1px, 1px);\" title=\"&#8220;In memoriam Bo\u017eidar Violi\u0107: Odlazak posljednjeg \u010dlana kultnog redateljskog kartela&#8221; &#8212; Ziher.hr\" src=\"https:\/\/www.ziher.hr\/in-memoriam-bozidar-violic\/embed\/#?secret=iKwg6RGZRh\" data-secret=\"iKwg6RGZRh\" width=\"600\" height=\"338\" frameborder=\"0\" marginwidth=\"0\" marginheight=\"0\" scrolling=\"no\"><\/iframe>\n<\/div><\/figure>\n\n\n\n<p><a href=\"https:\/\/portalnovosti.com\/ziva-vatra-u-kazalistu-i-oko-njega\">https:\/\/portalnovosti.com\/ziva-vatra-u-kazalistu-i-oko-njega<\/a><\/p>\n\n\n\n<p><a href=\"https:\/\/www.matica.hr\/vijenac\/699%20-%20700\/veliki-redatelj-otkrivacki-genij-31107\/\">https:\/\/www.matica.hr\/vijenac\/699%20-%20700\/veliki-redatelj-otkrivacki-genij-31107\/<\/a><\/p>\n\n\n\n<p><a href=\"https:\/\/www.matica.hr\/vijenac\/699%20-%20700\/anegdota-iza-kulisa-31108\/\">https:\/\/www.matica.hr\/vijenac\/699%20-%20700\/anegdota-iza-kulisa-31108\/<\/a><\/p>\n\n\n\n<hr class=\"wp-block-separator\"\/>\n","protected":false},"excerpt":{"rendered":"","protected":false},"author":2,"featured_media":24270,"comment_status":"open","ping_status":"open","sticky":false,"template":"","format":"standard","meta":{"_acf_changed":false,"jetpack_post_was_ever_published":false,"_jetpack_newsletter_access":"","_jetpack_dont_email_post_to_subs":false,"_jetpack_newsletter_tier_id":0,"_jetpack_memberships_contains_paywalled_content":false,"_jetpack_memberships_contains_paid_content":false,"footnotes":"","jetpack_publicize_message":"","jetpack_publicize_feature_enabled":true,"jetpack_social_post_already_shared":true,"jetpack_social_options":{"image_generator_settings":{"template":"highway","default_image_id":0,"font":"","enabled":false},"version":2}},"categories":[3,20],"tags":[],"class_list":["post-24269","post","type-post","status-publish","format-standard","has-post-thumbnail","hentry","category-novosti","category-obavijesti-o-smrti-i-nekrolozi"],"acf":{"facebook_opis":""},"jetpack_publicize_connections":[],"jetpack_featured_media_url":"https:\/\/i0.wp.com\/historiografija.hr\/wp-content\/uploads\/2020\/12\/Bozidar-Violic-Split-1941.jpg?fit=178%2C284&ssl=1","jetpack_sharing_enabled":true,"jetpack-related-posts":[],"_links":{"self":[{"href":"https:\/\/historiografija.hr\/index.php?rest_route=\/wp\/v2\/posts\/24269","targetHints":{"allow":["GET"]}}],"collection":[{"href":"https:\/\/historiografija.hr\/index.php?rest_route=\/wp\/v2\/posts"}],"about":[{"href":"https:\/\/historiografija.hr\/index.php?rest_route=\/wp\/v2\/types\/post"}],"author":[{"embeddable":true,"href":"https:\/\/historiografija.hr\/index.php?rest_route=\/wp\/v2\/users\/2"}],"replies":[{"embeddable":true,"href":"https:\/\/historiografija.hr\/index.php?rest_route=%2Fwp%2Fv2%2Fcomments&post=24269"}],"version-history":[{"count":2,"href":"https:\/\/historiografija.hr\/index.php?rest_route=\/wp\/v2\/posts\/24269\/revisions"}],"predecessor-version":[{"id":24272,"href":"https:\/\/historiografija.hr\/index.php?rest_route=\/wp\/v2\/posts\/24269\/revisions\/24272"}],"wp:featuredmedia":[{"embeddable":true,"href":"https:\/\/historiografija.hr\/index.php?rest_route=\/wp\/v2\/media\/24270"}],"wp:attachment":[{"href":"https:\/\/historiografija.hr\/index.php?rest_route=%2Fwp%2Fv2%2Fmedia&parent=24269"}],"wp:term":[{"taxonomy":"category","embeddable":true,"href":"https:\/\/historiografija.hr\/index.php?rest_route=%2Fwp%2Fv2%2Fcategories&post=24269"},{"taxonomy":"post_tag","embeddable":true,"href":"https:\/\/historiografija.hr\/index.php?rest_route=%2Fwp%2Fv2%2Ftags&post=24269"}],"curies":[{"name":"wp","href":"https:\/\/api.w.org\/{rel}","templated":true}]}}