{"id":24255,"date":"2020-12-21T23:06:27","date_gmt":"2020-12-21T23:06:27","guid":{"rendered":"http:\/\/historiografija.hr\/?p=24255"},"modified":"2020-12-21T23:06:27","modified_gmt":"2020-12-21T23:06:27","slug":"medunarodna-konferencija-horizonti-angazmana-ovekoveciti-pjera-burdijea-beograd-22-i-23-decembar-2020","status":"publish","type":"post","link":"https:\/\/historiografija.hr\/?p=24255","title":{"rendered":"Me\u0111unarodna konferencija \u201eHorizonti angaz\u030cmana: Ovekovec\u030citi Pjera Burdijea\u201c (Beograd, 22. i 23. decembar 2020)"},"content":{"rendered":"\n<p>Konferencija \u201e<strong><em>Horizonti anga\u017emana: Ovekove\u010diti Burdijea<\/em><\/strong>\u201c se organizuje povodom devedeset godina od ro\u0111enja najcitiranijeg svetskog sociologa <strong>Pjera Burdijea<\/strong> (1930\u20132002). Dostignu\u0107a akademskog rada Pjera Burdijea se mogu ogledati u visokim pozicijama koje je tokom svog rada zauzimao: polo\u017eaj generalnog sekretara \u201eCentra za evropsku sociologiju\u201c (Centre de sociologie europ\u00e9enne), polo\u017eaj direktora studija \u201e\u0160kole za visoke studije u dru\u0161tvenim naukama\u201c (\u00c9cole des hautes \u00e9tudes en sciences sociales) i pozicija profesora sociologije na \u201eKole\u017e de Frans\u201c (Coll\u00e8ge de France). Njegov akademski rad je tako\u0111e nagra\u0111en brojim priznanjima kao \u0161to je \u201eZlatna medalja\u201c, najvi\u0161e priznanje francuskog \u201eNacionalnog centra za nau\u010dna istra\u017eivanja\u201c (Centre national de la recherche scienti que) i medalja \u201eHaksli\u201c (Huxley), najvi\u0161e priznanje \u201eKraljevskog instituta Velike Britanije i Irske\u201c. Najzna\u010dajniji pokazatelj obima Burdijeovog nau\u010dnog uticaja je \u010dinjenica da se radi o danas najcitiranijem svetskom sociologu, ispred Emila Durkhajma, i drugom najcitiranijem svetskom autoru uop\u0161te u dru\u0161tvenim i humanisti\u010dkim naukama, iza Mi\u0161ela Fukoa a ispred \u017daka Deride. Kako isti\u010de Loik Vakant: \u201eBurdije je postao ime za jedan kolektivni istra\u017eiva\u010dki poduhvat koji prevazilazi granice disciplina i dr\u017eava\u201c.<\/p>\n\n\n\n<p>Sva kapitalna dela Pjera Burdijea sadr\u017ee temeljnu kritiku sastavnih elemenata etabliranog dru\u0161tvenog poretka: od \u0161kolskog sistema (u \u201eReprodukciji\u201c), aristokratskih pretenzija dominantne klase (u \u201eDistinkciji\u201c), do dr\u017eave kao instrumenta dominante klase (u \u201eDr\u017eavnom plemstvu\u201c). Utvrditi i javno obznaniti realnost dru\u0161tvenog sveta postaje, u njegovoj viziji, glavni ulog dru\u0161tvene borbe. On upravo stoga kritikuje ve\u0161ta\u010dko razdvajanje izme\u0111u nau\u010dnog rada koji proizvodi znanje i intelektualnog anga\u017emana koji to znanje uvodi u javni prostor. Nakon retkih javnih zauzimanja pozicije u odnosu na aktuelna politi\u010dka pitanja, objavljivanjem knjige \u201eBeda sveta\u201c 1993. godine &#8211; u kojoj pledira za \u201edruga\u010dijim na\u010dinom vo\u0111enja politike\u201c \u2013 Pjer Burdije postaje jedan od najanga\u017eovanijih francuskih intelektualaca. Podr\u0161ka \u0161trajka\u010dima, podr\u0161ka nezaposlenima koji dr\u017ee pod blokadom \u00c9cole normale sup\u00e9rieure, podr\u0161ka al\u017eirskim intelektualcima i podr\u0161ka evropskim dru\u0161tvenim pokretima samo su neki od napoznatijih Burdijeovih javnih istupa zbog kojih je stekao status \u201eglavnog neprijatelja\u201c me\u0111u najistaknutijim braniocima neoliberalnog poretka u francuskom intelektualnom polju.<\/p>\n\n\n\n<p>Cilj konferencije je da doma\u0107oj publici pribli\u017ei lik i delo Pjera Burdijea kroz predstavljanje njegovog akademskog rada uporedo sa njegovim javnim anga\u017emanom. Konferencija \u0107e biti podeljena u nekoliko tematskih celina koje \u0107e predstaviti osnovne koncepte i metodolo\u0161ke pristupe sadr\u017eane u njegovom radu i odnos Burdijea sa najzana\u010dajnijim autorima iz njegovog intelektualnog miljea, kao i njegov odnos sa najza\u010dajnijim sociolo\u0161kim teorijskim pravcima. Poslednja tematska celina \u0107e se pozabaviti Burdijeovim javnim anga\u017emanom i njegovim shvatanjem uloga javnih intelektualaca.<\/p>\n\n\n\n<hr class=\"wp-block-separator\"\/>\n\n\n\n<p><strong>ORGANIZATORI:<\/strong><\/p>\n\n\n\n<p>Institut za filozofiju i dru\u0161tvenu teoriju, Univerzitet u Beogradu<br>Centar za napredne studije jugoisto\u010dne Evrope, Univerzitet u Rijeci<br>\u00c9cole Normale Sup\u00e9rieure, Paris<br>Francuski institut u Srbiji<\/p>\n\n\n\n<p><strong>ORGANIZACIONI ODBOR:<\/strong><\/p>\n\n\n\n<p>Ivica Mladenovi\u0107, Institut za filozofiju i dru\u0161tvenu teoriju, Univerzitet u Beogradu<br>Zona Zari\u0107, Institut za filozofiju i dru\u0161tvenu teoriju, Univerzitet u Beogradu<br>Milan Uro\u0161evi\u0107, Institut za filozofiju i dru\u0161tvenu teoriju, Univerzitet u Beogradu<\/p>\n\n\n\n<p><strong>PROGRAMSKI ODBOR:<\/strong><\/p>\n\n\n\n<p>Marc Cr\u00e9pon, Visoka formativna \u0161kola, Pariz<br>Ivana Spasi\u0107, Filozofski fakultet u Beogradu<br>Laurent Jeanpierre, Univerzitet Pariz I (Sorbona)<br>Adriana Zaharijevi\u0107, Institut za filozofiju i dru\u0161tvenu teoriju, Univerzitet u Beogradu<br>Philip Golub, Ameri\u010dki univerzitet u Parizu<\/p>\n\n\n\n<hr class=\"wp-block-separator\"\/>\n\n\n\n<p>LINK ZA PRIJAVU<\/p>\n\n\n\n<p>PROGRAM KONFERENCIJE<\/p>\n\n\n\n<p>KNJIGA APSTRAKATA<\/p>\n\n\n\n<figure class=\"wp-block-embed-wordpress wp-block-embed is-type-wp-embed is-provider-institut-za-filozofiju-i-drustvenu-teoriju-univerzitet-u-beogradu\"><div class=\"wp-block-embed__wrapper\">\n<blockquote class=\"wp-embedded-content\" data-secret=\"V8jFPulHLR\"><a href=\"https:\/\/ifdt.bg.ac.rs\/vesti\/medjunarodna-konferencija-horizonti-angazmana-ovekoveciti-pjera-burdijea\/\">Me\u0111unarodna konferencija &#8222;Horizonti Angaz\u030cmana: Ovekovec\u030citi Pjera Burdijea&#8220;<\/a><\/blockquote><iframe loading=\"lazy\" class=\"wp-embedded-content\" sandbox=\"allow-scripts\" security=\"restricted\" style=\"position: absolute; clip: rect(1px, 1px, 1px, 1px);\" title=\"&#132;Me\u0111unarodna konferencija &#8222;Horizonti Angaz\u030cmana: Ovekovec\u030citi Pjera Burdijea&#8220;&#147; &#8212; INSTITUT ZA FILOZOFIJU I DRU\u0160TVENU TEORIJU | Univerzitet u Beogradu\" src=\"https:\/\/ifdt.bg.ac.rs\/vesti\/medjunarodna-konferencija-horizonti-angazmana-ovekoveciti-pjera-burdijea\/embed\/#?secret=V8jFPulHLR\" data-secret=\"V8jFPulHLR\" width=\"600\" height=\"338\" frameborder=\"0\" marginwidth=\"0\" marginheight=\"0\" scrolling=\"no\"><\/iframe>\n<\/div><\/figure>\n\n\n\n<p><a href=\"https:\/\/www.facebook.com\/events\/1131157627298582\/\">https:\/\/www.facebook.com\/events\/1131157627298582\/<\/a><\/p>\n\n\n\n<hr class=\"wp-block-separator\"\/>\n","protected":false},"excerpt":{"rendered":"","protected":false},"author":2,"featured_media":24256,"comment_status":"open","ping_status":"open","sticky":false,"template":"","format":"standard","meta":{"_acf_changed":false,"jetpack_post_was_ever_published":false,"_jetpack_newsletter_access":"","_jetpack_dont_email_post_to_subs":false,"_jetpack_newsletter_tier_id":0,"_jetpack_memberships_contains_paywalled_content":false,"_jetpack_memberships_contains_paid_content":false,"footnotes":"","jetpack_publicize_message":"","jetpack_publicize_feature_enabled":true,"jetpack_social_post_already_shared":true,"jetpack_social_options":{"image_generator_settings":{"template":"highway","default_image_id":0,"font":"","enabled":false},"version":2}},"categories":[3,9],"tags":[],"class_list":["post-24255","post","type-post","status-publish","format-standard","has-post-thumbnail","hentry","category-novosti","category-skupovi"],"acf":{"facebook_opis":""},"jetpack_publicize_connections":[],"jetpack_featured_media_url":"https:\/\/i0.wp.com\/historiografija.hr\/wp-content\/uploads\/2020\/12\/Bourdieu.jpg?fit=960%2C420&ssl=1","jetpack_sharing_enabled":true,"jetpack-related-posts":[],"_links":{"self":[{"href":"https:\/\/historiografija.hr\/index.php?rest_route=\/wp\/v2\/posts\/24255","targetHints":{"allow":["GET"]}}],"collection":[{"href":"https:\/\/historiografija.hr\/index.php?rest_route=\/wp\/v2\/posts"}],"about":[{"href":"https:\/\/historiografija.hr\/index.php?rest_route=\/wp\/v2\/types\/post"}],"author":[{"embeddable":true,"href":"https:\/\/historiografija.hr\/index.php?rest_route=\/wp\/v2\/users\/2"}],"replies":[{"embeddable":true,"href":"https:\/\/historiografija.hr\/index.php?rest_route=%2Fwp%2Fv2%2Fcomments&post=24255"}],"version-history":[{"count":1,"href":"https:\/\/historiografija.hr\/index.php?rest_route=\/wp\/v2\/posts\/24255\/revisions"}],"predecessor-version":[{"id":24257,"href":"https:\/\/historiografija.hr\/index.php?rest_route=\/wp\/v2\/posts\/24255\/revisions\/24257"}],"wp:featuredmedia":[{"embeddable":true,"href":"https:\/\/historiografija.hr\/index.php?rest_route=\/wp\/v2\/media\/24256"}],"wp:attachment":[{"href":"https:\/\/historiografija.hr\/index.php?rest_route=%2Fwp%2Fv2%2Fmedia&parent=24255"}],"wp:term":[{"taxonomy":"category","embeddable":true,"href":"https:\/\/historiografija.hr\/index.php?rest_route=%2Fwp%2Fv2%2Fcategories&post=24255"},{"taxonomy":"post_tag","embeddable":true,"href":"https:\/\/historiografija.hr\/index.php?rest_route=%2Fwp%2Fv2%2Ftags&post=24255"}],"curies":[{"name":"wp","href":"https:\/\/api.w.org\/{rel}","templated":true}]}}