{"id":24242,"date":"2020-12-21T22:25:34","date_gmt":"2020-12-21T22:25:34","guid":{"rendered":"http:\/\/historiografija.hr\/?p=24242"},"modified":"2020-12-22T13:17:11","modified_gmt":"2020-12-22T13:17:11","slug":"marijan-lipovac-jana-bolant-radic-dobro-ugodena-politika-sjecanja-stjepana-radica-mladeg","status":"publish","type":"post","link":"https:\/\/historiografija.hr\/?p=24242","title":{"rendered":"Marijan Lipovac, Jana Radi\u0107, \u201cDobro ugo\u0111ena politika: sje\u0107anja Stjepana Radi\u0107a mla\u0111eg\u201d"},"content":{"rendered":"\n<p>Knjiga \u201cDobro ugo\u0111ena politika \u2013 Sje\u0107anja Stjepana Radi\u0107a mla\u0111eg\u201d, autora Marijana Lipovca i Jane Radi\u0107, donosi sje\u0107anja Stjepana Radi\u0107a (1928.-2010.), pijanista, glazbenog pedagoga i politi\u010dara, unuka i imenjaka osniva\u010da HSS-a i prvog demokratski izabranog vo\u0111e hrvatskog naroda.<br><br>Stjepan Radi\u0107 mla\u0111i od djetinjstva je pokazivao talent za glazbu istovremeno odrastaju\u0107i u ozra\u010dju politi\u010dkih napetosti i progona kojima je bila izlo\u017eena njegova obitelj i on s\u00e2m. \u010cinjenica da je bio unuk i imenjak Stjepana Radi\u0107a, odredila je njegov \u017eivot tijekom kojeg se glazba kao njegova profesija neprestano isprepletala s politikom.<br><br>Nakon uspje\u0161ne pijanisti\u010dke i profesorske karijere, dolaskom vi\u0161estrana\u010dke demokracije, uklju\u010dio se u aktivnu politiku kao jedan od obnovitelja HSS-a te u samostalnoj Hrvatskoj postao saborski zastupnik, potpredsjednik Hrvatskog sabora i po\u010dasni predsjednik HSS-a.<br><br>Sje\u0107anja Stjepana Radi\u0107a mla\u0111eg, upotpunjena brojnim prilozima i sje\u0107anjima njegovih suvremenika, zanimljivo su biografsko \u0161tivo, ali i dragocjen i vjerodostojan izvor za hrvatsku politi\u010dku i dru\u0161tvenu povijest 20. stolje\u0107a, kao i za noviju povijest hrvatske glazbe.<\/p>\n\n\n\n<p>Izvor i dodatne obavijesti:<\/p>\n\n\n\n<p><a href=\"http:\/\/www.sandorf.hr\/blogitem.php?item_id=350&amp;tag=Dobro%20ugo%C4%91ena%20politika&amp;type=4\">http:\/\/www.sandorf.hr\/blogitem.php?item_id=350&amp;tag=Dobro%20ugo%C4%91ena%20politika&amp;type=4<\/a><\/p>\n\n\n\n<p><a href=\"https:\/\/www.tportal.hr\/vijesti\/clanak\/stjepan-radic-mladi-zamjerao-je-tudmanu-preveliku-autoritarnost-i-uvjerenost-u-svoju-povijesnu-misiju-sto-je-smatrao-posljedicom-tudmanova-odgoja-u-vojnickom-i-komunistickom-duhu-foto-20201219\">https:\/\/www.tportal.hr\/vijesti\/clanak\/stjepan-radic-mladi-zamjerao-je-tudmanu-preveliku-autoritarnost-i-uvjerenost-u-svoju-povijesnu-misiju-sto-je-smatrao-posljedicom-tudmanova-odgoja-u-vojnickom-i-komunistickom-duhu-foto-20201219<\/a><\/p>\n\n\n\n<hr class=\"wp-block-separator\"\/>\n","protected":false},"excerpt":{"rendered":"","protected":false},"author":2,"featured_media":24243,"comment_status":"open","ping_status":"open","sticky":false,"template":"","format":"standard","meta":{"_acf_changed":false,"jetpack_post_was_ever_published":false,"_jetpack_newsletter_access":"","_jetpack_dont_email_post_to_subs":false,"_jetpack_newsletter_tier_id":0,"_jetpack_memberships_contains_paywalled_content":false,"_jetpack_memberships_contains_paid_content":false,"footnotes":"","jetpack_publicize_message":"","jetpack_publicize_feature_enabled":true,"jetpack_social_post_already_shared":true,"jetpack_social_options":{"image_generator_settings":{"template":"highway","default_image_id":0,"font":"","enabled":false},"version":2}},"categories":[8,3],"tags":[],"class_list":["post-24242","post","type-post","status-publish","format-standard","has-post-thumbnail","hentry","category-knjige","category-novosti"],"acf":{"facebook_opis":""},"jetpack_publicize_connections":[],"jetpack_featured_media_url":"https:\/\/i0.wp.com\/historiografija.hr\/wp-content\/uploads\/2020\/12\/Dobro_ugodjena_politika.jpg?fit=400%2C600&ssl=1","jetpack_sharing_enabled":true,"jetpack-related-posts":[],"_links":{"self":[{"href":"https:\/\/historiografija.hr\/index.php?rest_route=\/wp\/v2\/posts\/24242","targetHints":{"allow":["GET"]}}],"collection":[{"href":"https:\/\/historiografija.hr\/index.php?rest_route=\/wp\/v2\/posts"}],"about":[{"href":"https:\/\/historiografija.hr\/index.php?rest_route=\/wp\/v2\/types\/post"}],"author":[{"embeddable":true,"href":"https:\/\/historiografija.hr\/index.php?rest_route=\/wp\/v2\/users\/2"}],"replies":[{"embeddable":true,"href":"https:\/\/historiografija.hr\/index.php?rest_route=%2Fwp%2Fv2%2Fcomments&post=24242"}],"version-history":[{"count":2,"href":"https:\/\/historiografija.hr\/index.php?rest_route=\/wp\/v2\/posts\/24242\/revisions"}],"predecessor-version":[{"id":24259,"href":"https:\/\/historiografija.hr\/index.php?rest_route=\/wp\/v2\/posts\/24242\/revisions\/24259"}],"wp:featuredmedia":[{"embeddable":true,"href":"https:\/\/historiografija.hr\/index.php?rest_route=\/wp\/v2\/media\/24243"}],"wp:attachment":[{"href":"https:\/\/historiografija.hr\/index.php?rest_route=%2Fwp%2Fv2%2Fmedia&parent=24242"}],"wp:term":[{"taxonomy":"category","embeddable":true,"href":"https:\/\/historiografija.hr\/index.php?rest_route=%2Fwp%2Fv2%2Fcategories&post=24242"},{"taxonomy":"post_tag","embeddable":true,"href":"https:\/\/historiografija.hr\/index.php?rest_route=%2Fwp%2Fv2%2Ftags&post=24242"}],"curies":[{"name":"wp","href":"https:\/\/api.w.org\/{rel}","templated":true}]}}