{"id":24238,"date":"2020-12-21T21:55:34","date_gmt":"2020-12-21T21:55:34","guid":{"rendered":"http:\/\/historiografija.hr\/?p=24238"},"modified":"2020-12-21T21:58:43","modified_gmt":"2020-12-21T21:58:43","slug":"bronislaw-geremek-svijet-prosjacke-opere-prikaz-skitnica-i-sirotinje-u-europskim-knjizevnostima-od-xv-do-xvii-stoljeca","status":"publish","type":"post","link":"https:\/\/historiografija.hr\/?p=24238","title":{"rendered":"Bronis\u0142aw Geremek, \u201cSvijet &#8220;Prosja\u010dke opere&#8221;: prikaz skitnica i sirotinje u europskim knji\u017eevnostima od XV. do XVII. stolje\u0107a\u201d"},"content":{"rendered":"\n<p>Izdava\u010d Nebula objavio je 2019. knjigu istaknutog poljskog povjesni\u010dara i intelektualca Bronis\u0142awa Geremeka \u201cSvijet &#8220;Prosja\u010dke opere&#8221;: prikaz skitnica i sirotinje u europskim knji\u017eevnostima od XV. do XVII. stolje\u0107a\u201d (567 str.) koju je s poljskoga preveo Adrian Cvitanovi\u0107.<\/p>\n\n\n\n<hr class=\"wp-block-separator\"\/>\n\n\n\n<p>\u201eZanimanje knji\u017eevnosti za likove siromaha i okru\u017eenje iz kojega su proiza\u0161li davnog je porijekla i kroz povijest se opetovano potvr\u0111ivalo. (\u2026) U raznim razdobljima prije svega su se zbivale promjene u temeljnoj funkciji koju je imala slika siromaha, mijenjao se sustav vrijednosti u kojem se tavorila, mijenjalo se i eti\u010dko i esteti\u010dko vrednovanje samog lika siromaha. Ubo\u017enik je mogao biti predmet prezira ili divljenja, mogao je biti nosilac uznositosti ili niskosti, mogao je buditi suosje\u0107anje ili porugu.\u201c<\/p>\n\n\n\n<p><strong>Bronislaw Geremek<\/strong> (1932. &#8211; 2008.), poljski povjesni\u010dar i politi\u010dar \u017eidovskog porijekla, ubraja se me\u0111u najve\u0107e intelektualne umove poljske humanisti\u010dke misli 20. stolje\u0107a. Studirao je na Sveu\u010dili\u0161tu u Var\u0161avi i u Parizu, gdje je ostao predavati francusku srednjovjekovnu povijest. Bio je poljski ministar vanjskih poslova, zastupnik u parlamentu i \u010dlan Europskog parlamenta.<\/p>\n\n\n\n<hr class=\"wp-block-separator\"\/>\n\n\n\n<p>Izvor i dodatne informacije:<\/p>\n\n\n\n<p><a href=\"https:\/\/www.ljevak.hr\/strucna-literatura\/25328-svijet-prosjacke-opere.html\">https:\/\/www.ljevak.hr\/strucna-literatura\/25328-svijet-prosjacke-opere.html<\/a><\/p>\n\n\n\n<p><a href=\"https:\/\/mvinfo.hr\/clanak\/prevoditelj-predstavlja-adrian-cvitanovic\">https:\/\/mvinfo.hr\/clanak\/prevoditelj-predstavlja-adrian-cvitanovic<\/a><\/p>\n\n\n\n<hr class=\"wp-block-separator\"\/>\n","protected":false},"excerpt":{"rendered":"","protected":false},"author":2,"featured_media":24239,"comment_status":"open","ping_status":"open","sticky":false,"template":"","format":"standard","meta":{"_acf_changed":false,"jetpack_post_was_ever_published":false,"_jetpack_newsletter_access":"","_jetpack_dont_email_post_to_subs":false,"_jetpack_newsletter_tier_id":0,"_jetpack_memberships_contains_paywalled_content":false,"_jetpack_memberships_contains_paid_content":false,"footnotes":"","jetpack_publicize_message":"","jetpack_publicize_feature_enabled":true,"jetpack_social_post_already_shared":true,"jetpack_social_options":{"image_generator_settings":{"template":"highway","default_image_id":0,"font":"","enabled":false},"version":2}},"categories":[8,3],"tags":[],"class_list":["post-24238","post","type-post","status-publish","format-standard","has-post-thumbnail","hentry","category-knjige","category-novosti"],"acf":{"facebook_opis":""},"jetpack_publicize_connections":[],"jetpack_featured_media_url":"https:\/\/i0.wp.com\/historiografija.hr\/wp-content\/uploads\/2020\/12\/svijet-prosjacke-opere.jpg?fit=570%2C678&ssl=1","jetpack_sharing_enabled":true,"jetpack-related-posts":[],"_links":{"self":[{"href":"https:\/\/historiografija.hr\/index.php?rest_route=\/wp\/v2\/posts\/24238","targetHints":{"allow":["GET"]}}],"collection":[{"href":"https:\/\/historiografija.hr\/index.php?rest_route=\/wp\/v2\/posts"}],"about":[{"href":"https:\/\/historiografija.hr\/index.php?rest_route=\/wp\/v2\/types\/post"}],"author":[{"embeddable":true,"href":"https:\/\/historiografija.hr\/index.php?rest_route=\/wp\/v2\/users\/2"}],"replies":[{"embeddable":true,"href":"https:\/\/historiografija.hr\/index.php?rest_route=%2Fwp%2Fv2%2Fcomments&post=24238"}],"version-history":[{"count":2,"href":"https:\/\/historiografija.hr\/index.php?rest_route=\/wp\/v2\/posts\/24238\/revisions"}],"predecessor-version":[{"id":24241,"href":"https:\/\/historiografija.hr\/index.php?rest_route=\/wp\/v2\/posts\/24238\/revisions\/24241"}],"wp:featuredmedia":[{"embeddable":true,"href":"https:\/\/historiografija.hr\/index.php?rest_route=\/wp\/v2\/media\/24239"}],"wp:attachment":[{"href":"https:\/\/historiografija.hr\/index.php?rest_route=%2Fwp%2Fv2%2Fmedia&parent=24238"}],"wp:term":[{"taxonomy":"category","embeddable":true,"href":"https:\/\/historiografija.hr\/index.php?rest_route=%2Fwp%2Fv2%2Fcategories&post=24238"},{"taxonomy":"post_tag","embeddable":true,"href":"https:\/\/historiografija.hr\/index.php?rest_route=%2Fwp%2Fv2%2Ftags&post=24238"}],"curies":[{"name":"wp","href":"https:\/\/api.w.org\/{rel}","templated":true}]}}