{"id":24162,"date":"2020-12-18T17:47:16","date_gmt":"2020-12-18T17:47:16","guid":{"rendered":"http:\/\/historiografija.hr\/?p=24162"},"modified":"2020-12-18T17:51:18","modified_gmt":"2020-12-18T17:51:18","slug":"od-obrazovanja-do-neobrazovanja-tri-teorije","status":"publish","type":"post","link":"https:\/\/historiografija.hr\/?p=24162","title":{"rendered":"Od obrazovanja do neobrazovanja. Tri teorije"},"content":{"rendered":"\n<p>(\u201eTheorie der Bildung des Menschen\u201c, \u201eTheorie der Halbbildung\u201c,\u201eBildung, Halbbildung, Unbildung\u201c)<\/p>\n\n\n\n<p>Autor: Konrad Paul Lisman, Teodor V. Adorno, Vilhelm Fon Humbolt<\/p>\n\n\n\n<p>Preveli, priredili i uvodnu studiju napisali: Igor Cveji\u0107, Predrag Krsti\u0107<\/p>\n\n\n\n<hr class=\"wp-block-separator\"\/>\n\n\n\n<p>Godina izdanja: 2020<\/p>\n\n\n\n<p>Pismo: latinica<\/p>\n\n\n\n<p>Broj stranica: 150<\/p>\n\n\n\n<hr class=\"wp-block-separator\"\/>\n\n\n\n<p>Poslednji je zadatak na\u0161eg postojanja: obezbediti \u0161toj je mogu\u0107e ve\u0107i sadr\u017eaj pojmu \u010dove\u0161tva u na\u0161oj li\u010dnosti, kako tokom na\u0161eg \u017eivota, tako i izvan njega, u tragovima \u017eivog dela koje ostavljamo iza sebe.<\/p>\n\n\n\n<p><em>Vilhelm Fon Humbolt<\/em><\/p>\n\n\n\n<p>Ono \u0161to je nastalo od obrazovanja sada se sedimentira kao neka vrsta negativnog objektivnog duha jeste socijalizovano poluobrazovanje, sveprisutnost otu\u0111enog duha.<\/p>\n\n\n\n<p><em>Teodor V. Adorno<\/em><\/p>\n\n\n\n<p>Neobrazovanje zna\u010di da je ideja o obrazovanju u svakom pogledu prestala da ispunjava normativnu ili regulativnu funkciju. Jednostavno je nestala.<\/p>\n\n\n\n<p><em>Konrad Paul Lisman<\/em><\/p>\n\n\n\n<hr class=\"wp-block-separator\"\/>\n\n\n\n<p>Izvor: <a href=\"https:\/\/akademskaknjiga.com\/en\/katalog\/od-obrazovanja-do-neobrazovanja-tri-teorije-2\/\">https:\/\/akademskaknjiga.com\/en\/katalog\/od-obrazovanja-do-neobrazovanja-tri-teorije-2\/<\/a><\/p>\n\n\n\n<hr class=\"wp-block-separator\"\/>\n","protected":false},"excerpt":{"rendered":"","protected":false},"author":2,"featured_media":24163,"comment_status":"open","ping_status":"open","sticky":false,"template":"","format":"standard","meta":{"_acf_changed":false,"jetpack_post_was_ever_published":false,"_jetpack_newsletter_access":"","_jetpack_dont_email_post_to_subs":false,"_jetpack_newsletter_tier_id":0,"_jetpack_memberships_contains_paywalled_content":false,"_jetpack_memberships_contains_paid_content":false,"footnotes":"","jetpack_publicize_message":"","jetpack_publicize_feature_enabled":true,"jetpack_social_post_already_shared":true,"jetpack_social_options":{"image_generator_settings":{"template":"highway","default_image_id":0,"font":"","enabled":false},"version":2}},"categories":[8,3],"tags":[],"class_list":["post-24162","post","type-post","status-publish","format-standard","has-post-thumbnail","hentry","category-knjige","category-novosti"],"acf":{"facebook_opis":""},"jetpack_publicize_connections":[],"jetpack_featured_media_url":"https:\/\/i0.wp.com\/historiografija.hr\/wp-content\/uploads\/2020\/12\/Knjiga-obrazovanje.jpg?fit=526%2C858&ssl=1","jetpack_sharing_enabled":true,"jetpack-related-posts":[],"_links":{"self":[{"href":"https:\/\/historiografija.hr\/index.php?rest_route=\/wp\/v2\/posts\/24162","targetHints":{"allow":["GET"]}}],"collection":[{"href":"https:\/\/historiografija.hr\/index.php?rest_route=\/wp\/v2\/posts"}],"about":[{"href":"https:\/\/historiografija.hr\/index.php?rest_route=\/wp\/v2\/types\/post"}],"author":[{"embeddable":true,"href":"https:\/\/historiografija.hr\/index.php?rest_route=\/wp\/v2\/users\/2"}],"replies":[{"embeddable":true,"href":"https:\/\/historiografija.hr\/index.php?rest_route=%2Fwp%2Fv2%2Fcomments&post=24162"}],"version-history":[{"count":2,"href":"https:\/\/historiografija.hr\/index.php?rest_route=\/wp\/v2\/posts\/24162\/revisions"}],"predecessor-version":[{"id":24165,"href":"https:\/\/historiografija.hr\/index.php?rest_route=\/wp\/v2\/posts\/24162\/revisions\/24165"}],"wp:featuredmedia":[{"embeddable":true,"href":"https:\/\/historiografija.hr\/index.php?rest_route=\/wp\/v2\/media\/24163"}],"wp:attachment":[{"href":"https:\/\/historiografija.hr\/index.php?rest_route=%2Fwp%2Fv2%2Fmedia&parent=24162"}],"wp:term":[{"taxonomy":"category","embeddable":true,"href":"https:\/\/historiografija.hr\/index.php?rest_route=%2Fwp%2Fv2%2Fcategories&post=24162"},{"taxonomy":"post_tag","embeddable":true,"href":"https:\/\/historiografija.hr\/index.php?rest_route=%2Fwp%2Fv2%2Ftags&post=24162"}],"curies":[{"name":"wp","href":"https:\/\/api.w.org\/{rel}","templated":true}]}}